{"id":527883,"date":"2025-11-11T20:33:17","date_gmt":"2025-11-11T20:33:17","guid":{"rendered":"https:\/\/www.europesays.com\/fr\/527883\/"},"modified":"2025-11-11T20:33:17","modified_gmt":"2025-11-11T20:33:17","slug":"le-royaume-uni-ne-veut-pas-payer-65-milliards-deuros-pour-participer-a-un-programme-de-defense-avec-lue","status":"publish","type":"post","link":"https:\/\/www.europesays.com\/fr\/527883\/","title":{"rendered":"le Royaume-Uni ne veut pas payer 6,5 milliards d&rsquo;euros pour participer \u00e0 un programme de d\u00e9fense avec l&rsquo;UE"},"content":{"rendered":"<p>Les tensions entre Bruxelles et Londres ne sont pas pr\u00e8s de s&rsquo;apaiser. Le Royaume-Uni refuse de payer le ticket d&rsquo;entr\u00e9e pour participer \u00e0 un programme de pr\u00eats destin\u00e9s \u00e0 relancer l&rsquo;industrie de d\u00e9fense europ\u00e9enne.<\/p>\n<p>C&rsquo;est \u00ab\u00a0no\u00a0\u00bb. Le gouvernement britannique a <a href=\"https:\/\/www.bfmtv.com\/economie\/international\/ursula-von-der-leyen-esquive-une-reunion-avec-le-premier-ministre-britannique-l-ue-demande-6-5-milliards-d-euros-au-royaume-uni-pour-un-programme-de-rearmement-mais-londres-rechigne-a-payer_AV-202511100492.html\" title=\"Ursula von der Leyen esquive une r\u00e9union avec le Premier ministre britannique: l&#039;UE demande 6,5 milliards d&#039;euros au Royaume-Uni pour un programme de r\u00e9armement mais Londres rechigne \u00e0 payer\" class=\"internal_link\" rel=\"nofollow noopener\" target=\"_blank\">rejet\u00e9 une demande de la Commission europ\u00e9enne<\/a> d&rsquo;un montant plusieurs milliards d&rsquo;euros pour rejoindre le programme SAFE (Security Action For Europe). <a href=\"https:\/\/www.bloomberg.com\/news\/articles\/2025-11-11\/uk-rejects-eu-demand-for-6-75-billion-to-join-key-defense-fund?srnd=homepage-europe\" target=\"_blank\" class=\"external_link\" rel=\"nofollow noopener\">Selon Bloomberg<\/a>, la Commission europ\u00e9enne avait propos\u00e9 au Royaume-Uni de verser une contribution compris entre 4 et 6,5 milliards d&rsquo;euros pour participer au programme europ\u00e9en d&rsquo;achat d&rsquo;\u00e9quipements militaires. Elle aurait m\u00eame r\u00e9clam\u00e9 des frais administratifs de 150 \u00e0 200 millions d&rsquo;euros.<\/p>\n<blockquote class=\"embed embed_quote\"><p>\u00ab\u00a0Nous ne conclurons que des accords qui apportent une valeur ajout\u00e9e au Royaume-Uni et \u00e0 son industrie. Aucun accord n&rsquo;a \u00e9t\u00e9 conclu et nous ne ferons aucun commentaire sur les n\u00e9gociations en cours\u00a0\u00bb, a d\u00e9clar\u00e9 le gouvernement britannique dans un communiqu\u00e9.<\/p><\/blockquote>\n<p>Une source de Bloomberg indique que les frais r\u00e9clam\u00e9s par la Commission europ\u00e9ennes sont jug\u00e9s excessifs et sup\u00e9rieurs \u00e0 ce que le Royaume-Uni s&rsquo;attendait \u00e0 payer pour acc\u00e9der au programme. Les n\u00e9gociations sont en cours pour r\u00e9duire les montants exig\u00e9s, alors que le Royaume-Uni consid\u00e8re que sa non-participation au programme serait un mauvais message envoy\u00e9 \u00e0 Vladimir Poutine, sur la capacit\u00e9 et la d\u00e9termination de l&rsquo;Europe \u00e0 lutter contre la menace russe.<\/p>\n<p>Des tensions entre Bruxelles et Londres qui ont atteint <a href=\"https:\/\/www.bfmtv.com\/economie\/international\/ursula-von-der-leyen-esquive-une-reunion-avec-le-premier-ministre-britannique-l-ue-demande-6-5-milliards-d-euros-au-royaume-uni-pour-un-programme-de-rearmement-mais-londres-rechigne-a-payer_AV-202511100492.html\" title=\"Ursula von der Leyen esquive une r\u00e9union avec le Premier ministre britannique: l&#039;UE demande 6,5 milliards d&#039;euros au Royaume-Uni pour un programme de r\u00e9armement mais Londres rechigne \u00e0 payer\" class=\"internal_link\" rel=\"nofollow noopener\" target=\"_blank\">un point d&rsquo;orgue ce lundi lorsqu&rsquo;Ursula von der Leyen <\/a>aurait \u00ab\u00a0esquiv\u00e9\u00a0\u00bb une r\u00e9union sollicit\u00e9e par Keir Starmer, en marge de <strong><a href=\"https:\/\/www.bfmtv.com\/economie\/international\/video-cop-30-l-enjeu-est-de-sauver-le-soldat-du-multilateralisme-climat-dit-mikaa-mered-chercheur-en-geopolitique-de-la-transition-energetique-a-l-universite-du-quebec-a-trois-rivieres_VN-202511100261.html\" title=\"COP 30: &quot;L&#039;enjeu est de sauver le soldat du multilat\u00e9ralisme climat&quot;, dit Mikaa Mered, chercheur en g\u00e9opolitique de la transition \u00e9nerg\u00e9tique \u00e0 l&#039;Universit\u00e9 du Qu\u00e9bec \u00e0 Trois-Rivi\u00e8res\" class=\"internal_link\" rel=\"nofollow noopener\" target=\"_blank\">la COP 30<\/a><\/strong> au Br\u00e9sil, selon le <strong><a href=\"https:\/\/www.ft.com\/content\/03ef60b7-809f-4a24-b2c1-339b9529d758\" target=\"_blank\" class=\"external_link\" rel=\"nofollow noopener\">Financial Times.<\/a><\/strong><\/p>\n<p>Bloomberg rapporte que les avis divergent entre les pays: certaines capitales soutiennent la Grande-Bretagne dans l&rsquo;abaissement des montants, tandis que d&rsquo;autres souhaitent une application stricte des r\u00e8gles d&rsquo;acc\u00e8s.<\/p>\n<p>Le compte \u00e0 rebours est enclench\u00e9: les 19 \u00c9tats membres qui ont fait part de leur int\u00e9r\u00eat doivent soumettre leurs demandes au plus tard le 30 novembre. La France, la Pologne, la Hongrie et la Roumanie font partie <a href=\"https:\/\/www.bfmtv.com\/economie\/entreprises\/defense\/l-ue-va-allouer-150-milliards-d-euros-de-prets-pour-la-defense-dont-16-milliards-pour-la-france-loin-derriere-les-43-milliards-destines-a-la-pologne_AD-202509090753.html\" title=\"L&#039;UE va allouer 150 milliards d&#039;euros de pr\u00eats pour la d\u00e9fense, dont 16 milliards pour la France (loin derri\u00e8re les 43 milliards destin\u00e9s \u00e0 la Pologne)\" class=\"internal_link\" rel=\"nofollow noopener\" target=\"_blank\">des principaux b\u00e9n\u00e9ficiaires<\/a> pr\u00e9-s\u00e9lectionn\u00e9s par la Commission europ\u00e9enne.<\/p>\n<p>D&rsquo;un montant de 150 milliards d&rsquo;euros, le programme de pr\u00eats SAFE permettrait aux entreprises britanniques de participer \u00e0 des programmes d&rsquo;armement \u00e0 dimension europ\u00e9enne \u2013 \u00e0 la condition que 65% de la valeur des \u00e9quipements soit issue d&rsquo;un des \u00c9tats membres. SAFE cible en particulier des capacit\u00e9s telles que les drones, la cyberd\u00e9fense ou encore les missiles, dans un contexte g\u00e9opolitique international plus que tendu, notamment \u00e0 l&rsquo;aune de la guerre en Ukraine.<\/p>\n<p><img decoding=\"async\" src=\"https:\/\/www.europesays.com\/fr\/wp-content\/uploads\/2025\/11\/principale-98_1.jpg\"  alt=\"La question macro de la semaine : La course au r\u00e9armement va-t-elle \u00e9viter la r\u00e9cession en Europe ? \u2013 27\/06\" title=\"La question macro de la semaine : La course au r\u00e9armement va-t-elle \u00e9viter la r\u00e9cession en Europe ? \u2013 27\/06\"\/>La question macro de la semaine : La course au r\u00e9armement va-t-elle \u00e9viter la r\u00e9cession en Europe ? \u2013 27\/06<\/p>\n","protected":false},"excerpt":{"rendered":"Les tensions entre Bruxelles et Londres ne sont pas pr\u00e8s de s&rsquo;apaiser. Le Royaume-Uni refuse de payer le&hellip;\n","protected":false},"author":2,"featured_media":527884,"comment_status":"","ping_status":"","sticky":false,"template":"","format":"standard","meta":{"footnotes":""},"categories":[1588],"tags":[11,1777,674,12,473,1853,1851,1850,1852],"class_list":{"0":"post-527883","1":"post","2":"type-post","3":"status-publish","4":"format-standard","5":"has-post-thumbnail","7":"category-royaume-uni","8":"tag-actualites","9":"tag-eu","10":"tag-europe","11":"tag-news","12":"tag-royaume-uni","13":"tag-royaume-uni-de-grande-bretagne-et-dirlande-du-nord","14":"tag-uk","15":"tag-united-kingdom","16":"tag-united-kingdom-of-great-britain-and-northern-ireland"},"share_on_mastodon":{"url":"https:\/\/pubeurope.com\/@fr\/115532976551470345","error":""},"_links":{"self":[{"href":"https:\/\/www.europesays.com\/fr\/wp-json\/wp\/v2\/posts\/527883","targetHints":{"allow":["GET"]}}],"collection":[{"href":"https:\/\/www.europesays.com\/fr\/wp-json\/wp\/v2\/posts"}],"about":[{"href":"https:\/\/www.europesays.com\/fr\/wp-json\/wp\/v2\/types\/post"}],"author":[{"embeddable":true,"href":"https:\/\/www.europesays.com\/fr\/wp-json\/wp\/v2\/users\/2"}],"replies":[{"embeddable":true,"href":"https:\/\/www.europesays.com\/fr\/wp-json\/wp\/v2\/comments?post=527883"}],"version-history":[{"count":0,"href":"https:\/\/www.europesays.com\/fr\/wp-json\/wp\/v2\/posts\/527883\/revisions"}],"wp:featuredmedia":[{"embeddable":true,"href":"https:\/\/www.europesays.com\/fr\/wp-json\/wp\/v2\/media\/527884"}],"wp:attachment":[{"href":"https:\/\/www.europesays.com\/fr\/wp-json\/wp\/v2\/media?parent=527883"}],"wp:term":[{"taxonomy":"category","embeddable":true,"href":"https:\/\/www.europesays.com\/fr\/wp-json\/wp\/v2\/categories?post=527883"},{"taxonomy":"post_tag","embeddable":true,"href":"https:\/\/www.europesays.com\/fr\/wp-json\/wp\/v2\/tags?post=527883"}],"curies":[{"name":"wp","href":"https:\/\/api.w.org\/{rel}","templated":true}]}}