{"id":527885,"date":"2025-11-11T20:34:26","date_gmt":"2025-11-11T20:34:26","guid":{"rendered":"https:\/\/www.europesays.com\/fr\/527885\/"},"modified":"2025-11-11T20:34:26","modified_gmt":"2025-11-11T20:34:26","slug":"italie-allemagne-espagne-votre-salaire-serait-il-le-meme-journal-de-20-heures","status":"publish","type":"post","link":"https:\/\/www.europesays.com\/fr\/527885\/","title":{"rendered":"Italie, Allemagne, Espagne&#8230; votre salaire serait-il le m\u00eame ? &#8211; Journal de 20 heures"},"content":{"rendered":"<p id=\"descriptionPanel\" class=\"text-secondary mr-2 line-clamp-2 pr-2.5 overflow-visible\">Combien gagnerez-vous en salaire net si vous \u00e9tiez pay\u00e9s la m\u00eame somme en salaire brut dans un pays voisin ? Un comparateur mis en ligne r\u00e9cemment par le MEDEF permet d&rsquo;en avoir une id\u00e9e pr\u00e9cise. Cyprien, \u00e0 23 ans, est par exemple pay\u00e9 3 000 euros brut par<br \/>\n mois. Cela fait 2 370 euros net en France et en Allemagne. En revanche, il toucherait 350 euros net de plus en Italie et jusqu&rsquo;\u00e0 436 euros de plus en Espagne. L&rsquo;objectif de cet outil est de d\u00e9noncer le co\u00fbt du travail dans l&rsquo;Hexagone.<\/p>\n<p>TF1 | Reportage R. LE CORNEC, E. THIRARD, P. HUMEZ<\/p>\n<p>Afficher la version longue du r\u00e9sum\u00e9<a class=\"shrink-0\" href=\"https:\/\/www.tf1.fr\/tf1\/jt-20h\" target=\"_blank\" rel=\"noopener\"><img decoding=\"async\" src=\"https:\/\/www.europesays.com\/fr\/wp-content\/uploads\/2025\/09\/program-card-portrait-1-2a6a1e-2a3b77-0@1x.jpg\" width=\"138\" height=\"184\" alt=\"\" loading=\"eager\" fetchpriority=\"auto\" class=\"rounded-3px aspect-[3\/4] h-24 w-auto\" aria-hidden=\"true\"\/><\/a><\/p>\n","protected":false},"excerpt":{"rendered":"Combien gagnerez-vous en salaire net si vous \u00e9tiez pay\u00e9s la m\u00eame somme en salaire brut dans un pays&hellip;\n","protected":false},"author":2,"featured_media":527886,"comment_status":"","ping_status":"","sticky":false,"template":"","format":"standard","meta":{"footnotes":""},"categories":[1587],"tags":[11,672,1804,1805,1803,1777,674,3483,3697,41323,41321,1801,3699,3698,41324,41329,41333,41322,41330,41334,41327,41326,12,1802,41331,41332,3701,41328,3700,41325],"class_list":{"0":"post-527885","1":"post","2":"type-post","3":"status-publish","4":"format-standard","5":"has-post-thumbnail","7":"category-allemagne","8":"tag-actualites","9":"tag-allemagne","10":"tag-bundesrepublik-deutschland","11":"tag-de","12":"tag-deutschland","13":"tag-eu","14":"tag-europe","15":"tag-extrait","16":"tag-extrait-journal-de-20-heures","17":"tag-extrait-journal-de-20-heures-tf1","18":"tag-extrait-tf1","19":"tag-germany","20":"tag-journal-de-20-heures","21":"tag-journal-de-20-heures-extrait","22":"tag-journal-de-20-heures-extrait-tf1","23":"tag-journal-de-20-heures-streaming","24":"tag-journal-de-20-heures-streaming-gratuit","25":"tag-journal-de-20-heures-tf1","26":"tag-journal-de-20-heures-tf1-streaming","27":"tag-journal-de-20-heures-tf1-streaming-gratuit","28":"tag-journal-de-20-heures-tf1-video","29":"tag-journal-de-20-heures-video","30":"tag-news","31":"tag-republique-federale-dallemagne","32":"tag-streaming-gratuit-journal-de-20-heures","33":"tag-streaming-gratuit-journal-de-20-heures-tf1","34":"tag-streaming-journal-de-20-heures","35":"tag-streaming-journal-de-20-heures-tf1","36":"tag-video-journal-de-20-heures","37":"tag-video-journal-de-20-heures-tf1"},"share_on_mastodon":{"url":"","error":"Validation failed: Text character limit of 500 exceeded"},"_links":{"self":[{"href":"https:\/\/www.europesays.com\/fr\/wp-json\/wp\/v2\/posts\/527885","targetHints":{"allow":["GET"]}}],"collection":[{"href":"https:\/\/www.europesays.com\/fr\/wp-json\/wp\/v2\/posts"}],"about":[{"href":"https:\/\/www.europesays.com\/fr\/wp-json\/wp\/v2\/types\/post"}],"author":[{"embeddable":true,"href":"https:\/\/www.europesays.com\/fr\/wp-json\/wp\/v2\/users\/2"}],"replies":[{"embeddable":true,"href":"https:\/\/www.europesays.com\/fr\/wp-json\/wp\/v2\/comments?post=527885"}],"version-history":[{"count":0,"href":"https:\/\/www.europesays.com\/fr\/wp-json\/wp\/v2\/posts\/527885\/revisions"}],"wp:featuredmedia":[{"embeddable":true,"href":"https:\/\/www.europesays.com\/fr\/wp-json\/wp\/v2\/media\/527886"}],"wp:attachment":[{"href":"https:\/\/www.europesays.com\/fr\/wp-json\/wp\/v2\/media?parent=527885"}],"wp:term":[{"taxonomy":"category","embeddable":true,"href":"https:\/\/www.europesays.com\/fr\/wp-json\/wp\/v2\/categories?post=527885"},{"taxonomy":"post_tag","embeddable":true,"href":"https:\/\/www.europesays.com\/fr\/wp-json\/wp\/v2\/tags?post=527885"}],"curies":[{"name":"wp","href":"https:\/\/api.w.org\/{rel}","templated":true}]}}