{"id":527891,"date":"2025-11-11T20:37:16","date_gmt":"2025-11-11T20:37:16","guid":{"rendered":"https:\/\/www.europesays.com\/fr\/527891\/"},"modified":"2025-11-11T20:37:16","modified_gmt":"2025-11-11T20:37:16","slug":"le-corps-de-nadege-la-femme-disparue-dans-le-var-a-ete-retrouve-a-proximite-de-voies-ferrees","status":"publish","type":"post","link":"https:\/\/www.europesays.com\/fr\/527891\/","title":{"rendered":"Le corps de Nad\u00e8ge, la femme disparue dans le Var, a \u00e9t\u00e9 retrouv\u00e9 \u00e0 proximit\u00e9 de voies ferr\u00e9es"},"content":{"rendered":"<p>La gendarmerie du Var avait lanc\u00e9 un appel \u00e0 t\u00e9moins, ce lundi 10 novembre, apr\u00e8s <a href=\"https:\/\/www.laprovence.com\/article\/faits-divers-justice\/12575451874709\/disparition-inquietante-une-femme-qui-attendait-une-amie-au-bord-de-la-route-introuvable-dans-var\" target=\"_blank\" rel=\"noopener\">la disparition inqui\u00e9tante de Nad\u00e8ge Klopcic<\/a>. Cette derni\u00e8re n&rsquo;avait plus donn\u00e9 signe de vie apr\u00e8s un probl\u00e8me survenu sur sa voiture sur le bord de la route dans la soir\u00e9e du dimanche 9 novembre.<\/p>\n<p>Un corps a \u00e9t\u00e9 retrouv\u00e9 ce mardi annonce <a href=\"https:\/\/www.francebleu.fr\/infos\/faits-divers-justice\/un-corps-retrouve-a-carnoules-dans-le-var-4113147\" target=\"_blank\" rel=\"noopener\">le site d&rsquo;Ici<\/a> qui confirme qu&rsquo;il s&rsquo;agit bien de celui de la personne port\u00e9e disparue. Il a \u00e9t\u00e9 localis\u00e9 \u00e0 proximit\u00e9 de voies ferr\u00e9es \u00e0 Carnoules, entre Cuers et Le Luc, dans ce d\u00e9partement du Sud-Est. Rien n&rsquo;indique, pr\u00e9cise la m\u00eame source, que la victime a \u00e9t\u00e9 percut\u00e9e par un train.<\/p>\n<p>C&rsquo;est \u00e0 l&rsquo;aide de drones que les gendarmes ont pu rep\u00e9rer le corps de cette femme \u00e2g\u00e9e de 47 ans. Elle avait heurt\u00e9 un terre-plein avec sa voiture et son compagnon, accompagn\u00e9 de son fils, \u00e9tait rentr\u00e9s en train pendant qu&rsquo;elle appelait un garagiste.<\/p>\n<p>Une autopsie du corps va \u00eatre r\u00e9alis\u00e9e pour \u00e9lucider les causes de la mort de la quadrag\u00e9naire.<\/p>\n","protected":false},"excerpt":{"rendered":"La gendarmerie du Var avait lanc\u00e9 un appel \u00e0 t\u00e9moins, ce lundi 10 novembre, apr\u00e8s la disparition inqui\u00e9tante&hellip;\n","protected":false},"author":2,"featured_media":527892,"comment_status":"","ping_status":"","sticky":false,"template":"","format":"standard","meta":{"footnotes":""},"categories":[2],"tags":[17,11,6725,1446,6044,2883,274,1294,1011,27,64714,12,25,7506],"class_list":{"0":"post-527891","1":"post","2":"type-post","3":"status-publish","4":"format-standard","5":"has-post-thumbnail","7":"category-actualites","8":"tag-17","9":"tag-actualites","10":"tag-corps","11":"tag-dans","12":"tag-disparue","13":"tag-ete","14":"tag-faits-divers-justice","15":"tag-femme","16":"tag-fr","17":"tag-france","18":"tag-nadege","19":"tag-news","20":"tag-republique-francaise","21":"tag-var"},"share_on_mastodon":{"url":"https:\/\/pubeurope.com\/@fr\/115532991869655648","error":""},"_links":{"self":[{"href":"https:\/\/www.europesays.com\/fr\/wp-json\/wp\/v2\/posts\/527891","targetHints":{"allow":["GET"]}}],"collection":[{"href":"https:\/\/www.europesays.com\/fr\/wp-json\/wp\/v2\/posts"}],"about":[{"href":"https:\/\/www.europesays.com\/fr\/wp-json\/wp\/v2\/types\/post"}],"author":[{"embeddable":true,"href":"https:\/\/www.europesays.com\/fr\/wp-json\/wp\/v2\/users\/2"}],"replies":[{"embeddable":true,"href":"https:\/\/www.europesays.com\/fr\/wp-json\/wp\/v2\/comments?post=527891"}],"version-history":[{"count":0,"href":"https:\/\/www.europesays.com\/fr\/wp-json\/wp\/v2\/posts\/527891\/revisions"}],"wp:featuredmedia":[{"embeddable":true,"href":"https:\/\/www.europesays.com\/fr\/wp-json\/wp\/v2\/media\/527892"}],"wp:attachment":[{"href":"https:\/\/www.europesays.com\/fr\/wp-json\/wp\/v2\/media?parent=527891"}],"wp:term":[{"taxonomy":"category","embeddable":true,"href":"https:\/\/www.europesays.com\/fr\/wp-json\/wp\/v2\/categories?post=527891"},{"taxonomy":"post_tag","embeddable":true,"href":"https:\/\/www.europesays.com\/fr\/wp-json\/wp\/v2\/tags?post=527891"}],"curies":[{"name":"wp","href":"https:\/\/api.w.org\/{rel}","templated":true}]}}