{"id":527893,"date":"2025-11-11T20:38:21","date_gmt":"2025-11-11T20:38:21","guid":{"rendered":"https:\/\/www.europesays.com\/fr\/527893\/"},"modified":"2025-11-11T20:38:21","modified_gmt":"2025-11-11T20:38:21","slug":"le-gouvernement-precise-les-publics-concernes-par-lelargissement-de-la-suspension","status":"publish","type":"post","link":"https:\/\/www.europesays.com\/fr\/527893\/","title":{"rendered":"Le gouvernement pr\u00e9cise les publics concern\u00e9s par l\u2019\u00e9largissement de la suspension"},"content":{"rendered":"<p>Les carri\u00e8res longues, certaines cat\u00e9gories de la fonction publique, ou encore les personnes n\u00e9es au cours du premier trimestre\u00a01965\u2026 Voici la liste des personnes qui pourront, elles aussi, b\u00e9n\u00e9ficier de la suspension de la <a href=\"https:\/\/www.20minutes.fr\/dossier\/reforme_des_retraites\" class=\"c-link c-link--is-underlined\" target=\"_blank\" rel=\"noopener\">r\u00e9forme des retraites<\/a>, a pr\u00e9cis\u00e9 mardi le minist\u00e8re du Travail.<\/p>\n<p>Le gouvernement va d\u00e9poser un amendement visant \u00e0 <a href=\"https:\/\/www.20minutes.fr\/politique\/4184863-20251110-reforme-retraites-gouvernement-veut-elargir-suspension-carrieres-longues\" class=\"c-link c-link--is-underlined\" target=\"_blank\" rel=\"noopener\">\u00e9largir la suspension de la r\u00e9forme des retraites<\/a> aux carri\u00e8res longues, comme r\u00e9clam\u00e9 par la gauche, avait annonc\u00e9 lundi la porte-parole du gouvernement <a href=\"https:\/\/www.20minutes.fr\/politique\/4180159-20251018-reste-charge-passera-1-2-euros-medicaments-maud-bregeon-donne-contours-futur-budget\" target=\"_blank\" class=\"c-link c-link--is-underlined\" rel=\"noopener\">Maud Bregeon<\/a>.<\/p>\n<\/p>\n<p>Prendre en compte \u00ab\u00a0les cas sp\u00e9cifiques\u00a0\u00bb<\/p>\n<p>Les d\u00e9put\u00e9s doivent discuter mercredi, dans le cadre de l\u2019examen du projet de budget de la <a href=\"https:\/\/www.20minutes.fr\/dossier\/securite_sociale\" class=\"c-link c-link--is-underlined\" target=\"_blank\" rel=\"noopener\">S\u00e9curit\u00e9 sociale<\/a>, de cette suspension qui, \u00e0 ce stade, ne concerne que les retrait\u00e9s de droit commun. La suspension de la r\u00e9forme \u00e9tait une condition pos\u00e9e par les socialistes pour ne pas censurer le gouvernement \u00e0 l\u2019entr\u00e9e des d\u00e9bats budg\u00e9taires. Mais \u00e9cologistes et communistes r\u00e9clamaient notamment que les carri\u00e8res longues soient comprises via un amendement gouvernemental.<\/p>\n<p>Le gouvernement va pr\u00e9senter un amendement au d\u00e9bat parlementaire pour \u00ab\u00a0prendre en compte les cas sp\u00e9cifiques qui n\u2019avaient pas \u00e9t\u00e9 int\u00e9gr\u00e9s dans la lettre rectificative\u00a0\u00bb pr\u00e9voyant la suspension de la r\u00e9forme des retraites, a-t-on soulign\u00e9 mardi aupr\u00e8s du minist\u00e8re du Travail.<\/p>\n<p>Plus de 20\u00a0% d\u2019une g\u00e9n\u00e9ration<\/p>\n<p>Seront concern\u00e9s \u00ab\u00a0les carri\u00e8res longues, les cat\u00e9gories actives et super actives de la fonction publique\u00a0\u00bb (aides-soignants, sapeurs-pompiers,\u00a0etc.), \u00ab\u00a0les r\u00e9gimes sp\u00e9cifiques de Mayotte et St Pierre et Miquelon\u00a0\u00bb. Au total, les publics b\u00e9n\u00e9ficiant de la suspension repr\u00e9senteront \u00ab\u00a0plus de 20\u00a0% d\u2019une g\u00e9n\u00e9ration\u00a0\u00bb.<\/p>\n<p>En outre, le gouvernement veut \u00e9tendre le principe de la suspension aux personnes n\u00e9es au cours du premier trimestre\u00a01965. Celles-ci pourraient ainsi partir \u00e0 la retraite \u00e0 62 ans et 9 mois plut\u00f4t que 63 ans dans la lettre rectificative.<\/p>\n<p>Si l\u2019examen du projet de financement de la S\u00e9curit\u00e9 sociale (PLFSS) n\u2019est pas termin\u00e9 mercredi, le texte sera quoi qu\u2019il arrive transmis au S\u00e9nat en raison des d\u00e9lais constitutionnels.<\/p>\n","protected":false},"excerpt":{"rendered":"Les carri\u00e8res longues, certaines cat\u00e9gories de la fonction publique, ou encore les personnes n\u00e9es au cours du premier&hellip;\n","protected":false},"author":2,"featured_media":527894,"comment_status":"","ping_status":"","sticky":false,"template":"","format":"standard","meta":{"footnotes":""},"categories":[2],"tags":[47,11,416,1003,1011,27,418,12,316,1268,25,137,1004],"class_list":{"0":"post-527893","1":"post","2":"type-post","3":"status-publish","4":"format-standard","5":"has-post-thumbnail","7":"category-actualites","8":"tag-actualite","9":"tag-actualites","10":"tag-assemblee-nationale","11":"tag-budget","12":"tag-fr","13":"tag-france","14":"tag-gouvernement","15":"tag-news","16":"tag-politique","17":"tag-reforme-des-retraites-2023","18":"tag-republique-francaise","19":"tag-retraite","20":"tag-senat"},"share_on_mastodon":{"url":"https:\/\/pubeurope.com\/@fr\/115532996192364508","error":""},"_links":{"self":[{"href":"https:\/\/www.europesays.com\/fr\/wp-json\/wp\/v2\/posts\/527893","targetHints":{"allow":["GET"]}}],"collection":[{"href":"https:\/\/www.europesays.com\/fr\/wp-json\/wp\/v2\/posts"}],"about":[{"href":"https:\/\/www.europesays.com\/fr\/wp-json\/wp\/v2\/types\/post"}],"author":[{"embeddable":true,"href":"https:\/\/www.europesays.com\/fr\/wp-json\/wp\/v2\/users\/2"}],"replies":[{"embeddable":true,"href":"https:\/\/www.europesays.com\/fr\/wp-json\/wp\/v2\/comments?post=527893"}],"version-history":[{"count":0,"href":"https:\/\/www.europesays.com\/fr\/wp-json\/wp\/v2\/posts\/527893\/revisions"}],"wp:featuredmedia":[{"embeddable":true,"href":"https:\/\/www.europesays.com\/fr\/wp-json\/wp\/v2\/media\/527894"}],"wp:attachment":[{"href":"https:\/\/www.europesays.com\/fr\/wp-json\/wp\/v2\/media?parent=527893"}],"wp:term":[{"taxonomy":"category","embeddable":true,"href":"https:\/\/www.europesays.com\/fr\/wp-json\/wp\/v2\/categories?post=527893"},{"taxonomy":"post_tag","embeddable":true,"href":"https:\/\/www.europesays.com\/fr\/wp-json\/wp\/v2\/tags?post=527893"}],"curies":[{"name":"wp","href":"https:\/\/api.w.org\/{rel}","templated":true}]}}