{"id":527895,"date":"2025-11-11T20:39:16","date_gmt":"2025-11-11T20:39:16","guid":{"rendered":"https:\/\/www.europesays.com\/fr\/527895\/"},"modified":"2025-11-11T20:39:16","modified_gmt":"2025-11-11T20:39:16","slug":"miss-france-2026-je-reve-detre-orthodontiste-linterview-decalee-dainhoa-lahitete-miss-aquitaine","status":"publish","type":"post","link":"https:\/\/www.europesays.com\/fr\/527895\/","title":{"rendered":"Miss France 2026 &#8211; \u00ab\u00a0Je r\u00eave d&rsquo;\u00eatre orthodontiste\u00a0\u00bb : l&rsquo;interview d\u00e9cal\u00e9e d&rsquo;A\u00efnhoa Lahitete, Miss Aquitaine"},"content":{"rendered":"<ul class=\"jsx-862013697 ArticleChapo__List\">\n<li class=\"jsx-862013697 ArticleChapo__List_Item flex\">A\u00efnhoa Lahitete, Miss Aquitaine, est candidate \u00e0 l\u2019\u00e9lection de Miss France 2026 qui aura lieu le 6 d\u00e9cembre au Z\u00e9nith d\u2019Amiens.<\/li>\n<li class=\"jsx-862013697 ArticleChapo__List_Item flex\">Pour TF1info, elle s\u2019est pr\u00eat\u00e9e \u00e0 un portrait chinois remani\u00e9.<\/li>\n<\/ul>\n<p><a href=\"https:\/\/www.tf1info.fr\/actualite\/miss-france-2026-nord-pas-de-calais-ile-de-france-provence-quelle-candidate-succedera-a-angelique-angarni-filopon-14419\/\" rel=\"noopener\" class=\"jsx-484472199 Link jsx-1428418400 jsx-798756813\" target=\"_blank\"><\/p>\n<p style=\"font-weight:400\" class=\"jsx-1837267516\">Suivez la couverture compl\u00e8te<\/p>\n<p style=\"font-weight:800\" class=\"jsx-1837267516\">Miss France 2026 : quelle candidate succ\u00e8dera \u00e0 Ang\u00e9lique Angarni-Filopon ?<\/p>\n<p><\/a><\/p>\n<p data-module=\"article-paragraph\" class=\"jsx-3046738180 Paragraph\">Qui sera couronn\u00e9e par Ang\u00e9lique Angarni-Filopon, <a href=\"https:\/\/www.tf1info.fr\/culture\/interview-miss-france-2025-apres-son-sacre-angelique-angarni-filopon-a-hate-de-tout-ma-troisieme-participation-aura-ete-la-bonne-2339974.html\" target=\"_blank\" rel=\"noopener\">premi\u00e8re Martiniquaise et premi\u00e8re trentenaire \u00e9lue Miss France<\/a> ? Avant de d\u00e9couvrir les traditionnels portraits des candidates lors de l&rsquo;\u00e9lection, <a href=\"https:\/\/www.tf1info.fr\/culture\/programme-tv-tf1-6-decembre-2025-amiens-camille-cerf-marraine-celebre-jury-mixte-garde-republicaine-sur-scene-tout-ce-qu-il-faut-savoir-sur-l-election-de-miss-france-2026-sur-tf1-2405430.html\" target=\"_blank\" rel=\"noopener\">qui aura lieu le 6 d\u00e9cembre au Z\u00e9nith d\u2019Amiens<\/a>, TF1info vous propose de faire connaissance avec les 30 reines de beaut\u00e9 en lice pour le titre de Miss France 2026.<\/p>\n<p data-module=\"article-paragraph\" class=\"jsx-3046738180 Paragraph Paragraph__End\">Toutes ont r\u00e9pondu \u00e0 un portrait chinois remani\u00e9 dans lequel elles d\u00e9voilent leur film culte, leur chanson inavouable, leur petite manie au quotidien, leur job de r\u00eave ou leur blague qui marche \u00e0 tous les coups. D\u00e9couvrez les r\u00e9ponses d&rsquo;A\u00efnhoa Lahitete, Miss Aquitaine, 19 ans.<\/p>\n<p><img decoding=\"async\" src=\"https:\/\/www.europesays.com\/fr\/wp-content\/uploads\/2025\/11\/miss-france-2026-miss-aquitaine-ai-nhoa-lahitete-7644ba-0@1x.jpeg\" alt=\"BENJAMIN DECOIN \/ SIPA \/ TF1\" loading=\"lazy\" importance=\"low\" fetchpriority=\"low\" class=\"\" data-module=\"article-image\"\/>BENJAMIN DECOIN \/ SIPA \/ TF1<\/p>\n<p data-module=\"article-paragraph\" class=\"jsx-3046738180 Paragraph\"><strong>Mon film culte<\/strong><\/p>\n<p data-module=\"article-paragraph\" class=\"jsx-3046738180 Paragraph\">Hunger Games.<\/p>\n<p data-module=\"article-paragraph\" class=\"jsx-3046738180 Paragraph\"><strong>Ma s\u00e9rie pr\u00e9f\u00e9r\u00e9e<\/strong><\/p>\n<p data-module=\"article-paragraph\" class=\"jsx-3046738180 Paragraph\">Outer Banks.<\/p>\n<p data-module=\"article-paragraph\" class=\"jsx-3046738180 Paragraph\"><strong>Ma chanson inavouable<\/strong><\/p>\n<p data-module=\"article-paragraph\" class=\"jsx-3046738180 Paragraph Paragraph__End\">\u00ab\u00a0Barbie Girl\u00a0\u00bb d\u2019Aqua.<\/p>\n<p data-module=\"article-paragraph\" class=\"jsx-3046738180 Paragraph\"><strong>Mon ic\u00f4ne<\/strong><\/p>\n<p data-module=\"article-paragraph\" class=\"jsx-3046738180 Paragraph\">Marine Lorphelin, Miss France 2013.<\/p>\n<p data-module=\"article-paragraph\" class=\"jsx-3046738180 Paragraph\"><strong>Mon crush c\u00e9l\u00e8bre<\/strong><\/p>\n<p data-module=\"article-paragraph\" class=\"jsx-3046738180 Paragraph\">Justin Bieber.<\/p>\n<p data-module=\"article-paragraph\" class=\"jsx-3046738180 Paragraph\"><strong>Ma petite manie au quotidien<\/strong><\/p>\n<p data-module=\"article-paragraph\" class=\"jsx-3046738180 Paragraph\">Mettre trop de temps \u00e0 me pr\u00e9parer.<\/p>\n<p data-module=\"article-paragraph\" class=\"jsx-3046738180 Paragraph\"><strong>Ma blague qui marche \u00e0 tous les coups<\/strong><\/p>\n<p data-module=\"article-paragraph\" class=\"jsx-3046738180 Paragraph Paragraph__End\">\u00ab\u00a0Si la flemme \u00e9tait un sport, j\u2019aurais d\u00e9j\u00e0 eu une m\u00e9daille.\u00a0\u00bb<\/p>\n<blockquote class=\"jsx-2786790838 Quote__Text\"><p>J&rsquo;ai envie de montrer qu&rsquo;on peut \u00eatre \u00e9l\u00e9gante, sportive et f\u00e9minine \u00e0 la fois<\/p><\/blockquote>\n<p>A\u00efnhoa Lahitete, Miss Aquitaine<\/p>\n<p data-module=\"article-paragraph\" class=\"jsx-3046738180 Paragraph\"><strong>Ma plus grosse b\u00eatise<\/strong><\/p>\n<p data-module=\"article-paragraph\" class=\"jsx-3046738180 Paragraph\">Avoir fugu\u00e9 de l\u2019\u00e9cole primaire.<\/p>\n<p data-module=\"article-paragraph\" class=\"jsx-3046738180 Paragraph\"><strong>Mon job de r\u00eave<\/strong><\/p>\n<p data-module=\"article-paragraph\" class=\"jsx-3046738180 Paragraph\">Orthodontiste.<\/p>\n<p data-module=\"article-paragraph\" class=\"jsx-3046738180 Paragraph\"><strong>Le r\u00e9seau social que j&rsquo;utilise le plus<\/strong><\/p>\n<p data-module=\"article-paragraph\" class=\"jsx-3046738180 Paragraph\">Instagram, sans h\u00e9siter ! C\u2019est un peu mon deuxi\u00e8me album photo.<\/p>\n<p data-module=\"article-paragraph\" class=\"jsx-3046738180 Paragraph\"><strong>Le truc que tout le monde adore et que je d\u00e9teste le plus<\/strong><\/p>\n<p data-module=\"article-paragraph\" class=\"jsx-3046738180 Paragraph\">Le football.<\/p>\n<p data-module=\"article-paragraph\" class=\"jsx-3046738180 Paragraph\"><strong>Mon produit local indispensable<\/strong><\/p>\n<p data-module=\"article-paragraph\" class=\"jsx-3046738180 Paragraph Paragraph__End\">Le jambon Serrano.<\/p>\n<p><a href=\"https:\/\/www.tf1info.fr\/culture\/miss-france-2026-candidates-de-l-alsace-a-tahiti-qui-representera-votre-region-2382342.html\" rel=\"noopener\" class=\"jsx-3308031228 Link flex\" target=\"_blank\"><img decoding=\"async\" src=\"https:\/\/www.europesays.com\/fr\/wp-content\/uploads\/2025\/10\/miss-france-2025-2-deae74-0@1x.jpeg\" alt=\"ROMAIN PERROCHEAU \/ AFP\" loading=\"lazy\" importance=\"low\" fetchpriority=\"low\" class=\"\" aria-hidden=\"true\"\/><\/p>\n<p class=\"jsx-3657663356 ReadMoreArticle__Title\">Lire aussi<\/p>\n<p class=\"jsx-3657663356\">Miss France 2026 : de l&rsquo;Alsace \u00e0 Tahiti, qui repr\u00e9sentera votre r\u00e9gion ?<\/p>\n<p><\/a><\/p>\n<p data-module=\"article-paragraph\" class=\"jsx-3046738180 Paragraph\"><strong>Pourquoi je participe \u00e0 Miss France<\/strong><\/p>\n<p data-module=\"article-paragraph\" class=\"jsx-3046738180 Paragraph\">Je participe \u00e0 Miss France pour repr\u00e9senter le Pays basque et toute l\u2019Aquitaine avec fiert\u00e9. J\u2019ai envie de montrer qu\u2019on peut \u00eatre \u00e9l\u00e9gante, sportive et f\u00e9minine \u00e0 la fois, et inspirer les jeunes filles \u00e0 croire en leurs r\u00eaves, m\u00eame les plus fous.<\/p>\n<p data-module=\"article-paragraph\" class=\"jsx-3046738180 Paragraph\"><strong>Ma cause de c\u0153ur<\/strong><\/p>\n<p data-module=\"article-paragraph\" class=\"jsx-3046738180 Paragraph\">L\u2019int\u00e9grit\u00e9 des femmes dans le sport et plus pr\u00e9cis\u00e9ment le rugby.<\/p>\n<p data-module=\"article-paragraph\" class=\"jsx-3046738180 Paragraph\"><strong>Ma pire crainte le soir de l\u2019\u00e9lection<\/strong><\/p>\n<p data-module=\"article-paragraph\" class=\"jsx-3046738180 Paragraph Paragraph__End\">Tomber sur sc\u00e8ne.<\/p>\n<p>Delphine DE FREITAS<\/p>\n","protected":false},"excerpt":{"rendered":"A\u00efnhoa Lahitete, Miss Aquitaine, est candidate \u00e0 l\u2019\u00e9lection de Miss France 2026 qui aura lieu le 6 d\u00e9cembre&hellip;\n","protected":false},"author":2,"featured_media":527896,"comment_status":"","ping_status":"","sticky":false,"template":"","format":"standard","meta":{"footnotes":""},"categories":[4],"tags":[1111,11,1921,1011,27,1922,7317,40459,2041,3034,64682,12,25,479,133,2040],"class_list":{"0":"post-527895","1":"post","2":"type-post","3":"status-publish","4":"format-standard","5":"has-post-thumbnail","7":"category-france","8":"tag-actu","9":"tag-actualites","10":"tag-article-video","11":"tag-fr","12":"tag-france","13":"tag-info","14":"tag-justin-bieber","15":"tag-marine-lorphelin","16":"tag-medias-et-divertissement","17":"tag-miss-france","18":"tag-miss-france-2026-quelle-candidate-succedera-a-angelique-angarni-filopon","19":"tag-news","20":"tag-republique-francaise","21":"tag-rugby","22":"tag-video","23":"tag-video-culture"},"share_on_mastodon":{"url":"https:\/\/pubeurope.com\/@fr\/115533000040069418","error":""},"_links":{"self":[{"href":"https:\/\/www.europesays.com\/fr\/wp-json\/wp\/v2\/posts\/527895","targetHints":{"allow":["GET"]}}],"collection":[{"href":"https:\/\/www.europesays.com\/fr\/wp-json\/wp\/v2\/posts"}],"about":[{"href":"https:\/\/www.europesays.com\/fr\/wp-json\/wp\/v2\/types\/post"}],"author":[{"embeddable":true,"href":"https:\/\/www.europesays.com\/fr\/wp-json\/wp\/v2\/users\/2"}],"replies":[{"embeddable":true,"href":"https:\/\/www.europesays.com\/fr\/wp-json\/wp\/v2\/comments?post=527895"}],"version-history":[{"count":0,"href":"https:\/\/www.europesays.com\/fr\/wp-json\/wp\/v2\/posts\/527895\/revisions"}],"wp:featuredmedia":[{"embeddable":true,"href":"https:\/\/www.europesays.com\/fr\/wp-json\/wp\/v2\/media\/527896"}],"wp:attachment":[{"href":"https:\/\/www.europesays.com\/fr\/wp-json\/wp\/v2\/media?parent=527895"}],"wp:term":[{"taxonomy":"category","embeddable":true,"href":"https:\/\/www.europesays.com\/fr\/wp-json\/wp\/v2\/categories?post=527895"},{"taxonomy":"post_tag","embeddable":true,"href":"https:\/\/www.europesays.com\/fr\/wp-json\/wp\/v2\/tags?post=527895"}],"curies":[{"name":"wp","href":"https:\/\/api.w.org\/{rel}","templated":true}]}}