{"id":527901,"date":"2025-11-11T20:42:13","date_gmt":"2025-11-11T20:42:13","guid":{"rendered":"https:\/\/www.europesays.com\/fr\/527901\/"},"modified":"2025-11-11T20:42:13","modified_gmt":"2025-11-11T20:42:13","slug":"rodrigue-neti-une-selection-trois-ans-plus-tard-pour-le-joueur-du-stade-toulousain","status":"publish","type":"post","link":"https:\/\/www.europesays.com\/fr\/527901\/","title":{"rendered":"Rodrigue Neti\u00a0: une s\u00e9lection trois ans plus tard pour le joueur du Stade Toulousain\u00a0?"},"content":{"rendered":"<p>\n                                                                    l&rsquo;essentiel<br \/>\n                                                                Le s\u00e9lectionneur du XV de France va d\u00e9voiler, jeudi \u00e0 11\u00a0heures, sa composition d\u2019\u00e9quipe pour affronter les Fidji, samedi \u00e0 Bordeaux (21h10). Un nouveau Toulousain pourrait faire partie de la feuille de match.\n                            <\/p>\n<p>Apr\u00e8s leur d\u00e9faite face \u00e0 l\u2019Afrique du sud, les Bleus ont d\u00e9but\u00e9 aujourd\u2019hui leur semaine de pr\u00e9paration avant le deuxi\u00e8me match de la tourn\u00e9e d\u2019automne face aux Fidji. Le premier entra\u00eenement s\u2019est d\u00e9roul\u00e9 cet apr\u00e8s-midi \u00e0 Marcoussis.<\/p>\n<p>La journ\u00e9e a commenc\u00e9 par un nouveau forfait apr\u00e8s celui du Lyonnais\u00a0Mickael Guillard. C\u2019est le pilier gauche Baptiste Erdocio, titulaire lors de la d\u00e9faite du XV de France contre l\u2019Afrique du Sud (32-17), qui a d\u00fb d\u00e9clarer\u00a0forfait. Le joueur de Montpellier \u00e2g\u00e9 de 25 ans avait connu contre les Springboks sa troisi\u00e8me s\u00e9lection avec les Bleus, apr\u00e8s avoir fait ses d\u00e9buts en Nouvelle-Z\u00e9lande en juillet.\u00a0Baptiste Erdocio a \u00e9t\u00e9\u00a0remplac\u00e9 dans le groupe par le Toulonnais Dany Priso.<\/p>\n<p class=\"std-elt__inline\">\n        <strong>\u00c0 lire aussi :<\/strong><br \/>\n        <a href=\"https:\/\/www.ladepeche.fr\/2025\/11\/02\/xv-de-france-william-ma-appele-vendredi-le-toulousain-rodrigue-neti-raconte-les-coulisses-de-son-retour-avec-lequipe-de-france-13028363.php\" rel=\"nofollow noopener\" target=\"_blank\">XV de France\u00a0: \u00ab\u00a0William m\u2019a appel\u00e9 vendredi\u2026\u00a0\u00bb Le Toulousain Rodrigue Neti raconte les coulisses de son retour avec l\u2019\u00e9quipe de France<\/a>\n    <\/p>\n<p>Ils sont donc d\u00e9sormais trois piliers gauches actuellement \u00e0 Marcoussis\u00a0: Jean-Baptiste Gros pressenti pour \u00eatre titulaire, Dany Priso et le Toulousain Rodrigue Neti. Si le premier est pressenti pour d\u00e9buter la rencontre, c\u2019est le joueur du Stade qui pourrait \u00eatre rempla\u00e7ant et appara\u00eetre sur la feuille de match. D\u2019autant que Dany Priso a essentiellement jou\u00e9 au poste de pilier droit cette saison avec Toulon.<\/p>\n<p class=\"std-elt__inline\">\n        <strong>\u00c0 lire aussi :<\/strong><br \/>\n        <a href=\"https:\/\/www.ladepeche.fr\/2025\/11\/11\/xv-de-france-face-aux-fidji-le-retour-dalldritt-dollivon-et-lucu-13045716.php\" rel=\"nofollow noopener\" target=\"_blank\">XV de France\u00a0face aux Fidji\u00a0: le retour d\u2019Alldritt, d\u2019Ollivon et Lucu<\/a>\n    <\/p>\n<p>Rodrigue Neti avait \u00e9t\u00e9 convoqu\u00e9 par le staff du XV de France et faisait partie de la liste des 42 joueurs appel\u00e9s pour pr\u00e9parer le match face \u00e0 l\u2019Afrique du Sud. Une premi\u00e8re depuis cinq ans pour le joueur de 31 ans devenu num\u00e9ro un dans son club devant Cyril Baille et Benjamin Bertrand, et titulaire lors des deux derni\u00e8res finales de Top 14.<\/p>\n<p class=\"std-elt__inline\">\n        <strong>\u00c0 lire aussi :<\/strong><br \/>\n        <a href=\"https:\/\/www.ladepeche.fr\/2025\/11\/10\/rugby-une-lecon-contre-lafrique-du-sud-et-des-questions-le-xv-de-france-a-t-il-progresse-depuis-le-couac-du-mondial-2023-13043018.php\" rel=\"nofollow noopener\" target=\"_blank\">Rugby\u00a0: une le\u00e7on contre l\u2019Afrique du Sud et des questions\u00a0! Le XV de France a-t-il progress\u00e9 depuis le couac du Mondial 2023\u00a0?<\/a>\n    <\/p>\n<p>\u00ab\u00a0Je suis tr\u00e8s content d\u2019\u00eatre de retour \u00e0 Marcoussis apr\u00e8s 5 ans d\u2019absence l\u00e0-bas. C\u2019est une belle r\u00e9compense. J\u2019y vais sur la pointe des pieds, retourner \u00e0 Marcoussis c\u2019est d\u00e9j\u00e0 bien et on verra comment \u00e7a va se passer au fur et \u00e0 mesure des semaines qui vont arriver.\u00a0\u00bb confiait-il \u00e0 La D\u00e9p\u00eache du Midi, le soir de la victoire de son club face au Stade Fran\u00e7ais.<\/p>\n<p>Rodrigue Neti entrevoit donc une troisi\u00e8me s\u00e9lection avec les Bleus, cinq ans apr\u00e8s les deux premi\u00e8res en novembre et d\u00e9cembre\u00a02020 contre l\u2019Italie et l\u2019Angleterre.<\/p>\n","protected":false},"excerpt":{"rendered":"l&rsquo;essentiel Le s\u00e9lectionneur du XV de France va d\u00e9voiler, jeudi \u00e0 11\u00a0heures, sa composition d\u2019\u00e9quipe pour affronter les&hellip;\n","protected":false},"author":2,"featured_media":527902,"comment_status":"","ping_status":"","sticky":false,"template":"","format":"standard","meta":{"footnotes":""},"categories":[1416],"tags":[1011,27,479,1468,60],"class_list":{"0":"post-527901","1":"post","2":"type-post","3":"status-publish","4":"format-standard","5":"has-post-thumbnail","7":"category-rugby","8":"tag-fr","9":"tag-france","10":"tag-rugby","11":"tag-rugby-football","12":"tag-sports"},"share_on_mastodon":{"url":"https:\/\/pubeurope.com\/@fr\/115533011044535754","error":""},"_links":{"self":[{"href":"https:\/\/www.europesays.com\/fr\/wp-json\/wp\/v2\/posts\/527901","targetHints":{"allow":["GET"]}}],"collection":[{"href":"https:\/\/www.europesays.com\/fr\/wp-json\/wp\/v2\/posts"}],"about":[{"href":"https:\/\/www.europesays.com\/fr\/wp-json\/wp\/v2\/types\/post"}],"author":[{"embeddable":true,"href":"https:\/\/www.europesays.com\/fr\/wp-json\/wp\/v2\/users\/2"}],"replies":[{"embeddable":true,"href":"https:\/\/www.europesays.com\/fr\/wp-json\/wp\/v2\/comments?post=527901"}],"version-history":[{"count":0,"href":"https:\/\/www.europesays.com\/fr\/wp-json\/wp\/v2\/posts\/527901\/revisions"}],"wp:featuredmedia":[{"embeddable":true,"href":"https:\/\/www.europesays.com\/fr\/wp-json\/wp\/v2\/media\/527902"}],"wp:attachment":[{"href":"https:\/\/www.europesays.com\/fr\/wp-json\/wp\/v2\/media?parent=527901"}],"wp:term":[{"taxonomy":"category","embeddable":true,"href":"https:\/\/www.europesays.com\/fr\/wp-json\/wp\/v2\/categories?post=527901"},{"taxonomy":"post_tag","embeddable":true,"href":"https:\/\/www.europesays.com\/fr\/wp-json\/wp\/v2\/tags?post=527901"}],"curies":[{"name":"wp","href":"https:\/\/api.w.org\/{rel}","templated":true}]}}