{"id":527905,"date":"2025-11-11T20:47:17","date_gmt":"2025-11-11T20:47:17","guid":{"rendered":"https:\/\/www.europesays.com\/fr\/527905\/"},"modified":"2025-11-11T20:47:17","modified_gmt":"2025-11-11T20:47:17","slug":"cyclo-cross-de-meyzieu-nicolas-reculeau-1er-actualite","status":"publish","type":"post","link":"https:\/\/www.europesays.com\/fr\/527905\/","title":{"rendered":"Cyclo-cross de Meyzieu : Nicolas Reculeau 1er &#8211; Actualit\u00e9"},"content":{"rendered":"<p>Nicolas Reculeau (UC Montmeyran-Valence) a remport\u00e9, ce mardi, le cyclo-cross de Meyzieu (Rh\u00f4ne), organis\u00e9 par le VG Meyzieu. Il a devanc\u00e9 Kerrian Masset (Chamb\u00e9ry CC) et William Millat (VC Villefranche Beaujolais).<br \/>Nicolas Reculeau succ\u00e8de \u00e0 Th\u00e9o Thomas au palmar\u00e8s.<\/p>\n<p><strong>Classement :<\/strong><br \/><strong>S\u00e9niors et U23<\/strong><br \/>1 NICOLAS RECULEAU \/ MONTMEYRAN<br \/>2 KERRIAN MASSET \/ CHAMBERY<br \/>3 WILLIAM MILLAT \/ CHARVIEU<br \/>4 ELIOTT PONCHON \/ VILLEFRANCHE<br \/>5 MATHIEU JACQUIN \/ XC63<br \/>6 NICOLAS BONNEFOY \/ CR4C ROANNE<br \/>7 THIBAUD RAISIN \/ MONTELIMAR<br \/>8 LUBIN MONTEIL \/ ROC DE LA LEGUE<br \/>9 SEBASTIEN HOAREAU \/ VILLEFRANCHE<br \/>10 THEO MEYNEL \/ XC63<br \/>11 CLEMENT BOCQUET \/ CHAMBERY<br \/>12 JOHAN MATHEAU \/ AC ET DE LA VERDURE DE PETIT BOURG<br \/>13 CYRIL PLANTIER \/ CORBAS<br \/>14 LOUIS CRETIN \/ BOURG EN BRESSE<br \/>15 LEO PEETERS \/ AUBERVILLIERS<\/p>\n<p>Remerciements \u00e0 Manu Bonnefoy. <\/p>\n<p>Plus d&rsquo;informations \u00e0 venir.<\/p>\n","protected":false},"excerpt":{"rendered":"Nicolas Reculeau (UC Montmeyran-Valence) a remport\u00e9, ce mardi, le cyclo-cross de Meyzieu (Rh\u00f4ne), organis\u00e9 par le VG Meyzieu.&hellip;\n","protected":false},"author":2,"featured_media":527906,"comment_status":"","ping_status":"","sticky":false,"template":"","format":"standard","meta":{"footnotes":""},"categories":[1411],"tags":[834,828,836,829,837,827,83,826,824,823,1154,207,814,817,815,816,822,821,832,211,839,1011,27,820,818,819,835,831,830,833,838,60,212,208,825],"class_list":{"0":"post-527905","1":"post","2":"type-post","3":"status-publish","4":"format-standard","5":"has-post-thumbnail","7":"category-cyclisme","8":"tag-attaque","9":"tag-belgique","10":"tag-braquet","11":"tag-bretagne","12":"tag-chute","13":"tag-competition","14":"tag-coupe-de-france","15":"tag-coureur","16":"tag-course-cyclisme","17":"tag-course-cycliste","18":"tag-cycling","19":"tag-cyclisme","20":"tag-direct","21":"tag-direct-velo","22":"tag-directvelo","23":"tag-directvelo-com","24":"tag-epreuve","25":"tag-epreuve-cycliste","26":"tag-federation-francaise-de-cyclisme","27":"tag-ffc","28":"tag-flandres","29":"tag-fr","30":"tag-france","31":"tag-live","32":"tag-live-course","33":"tag-live-epreuve","34":"tag-peloton","35":"tag-radio-peloton","36":"tag-radio-tour","37":"tag-ravitaillement","38":"tag-relance","39":"tag-sports","40":"tag-uci","41":"tag-velo","42":"tag-velos"},"share_on_mastodon":{"url":"https:\/\/pubeurope.com\/@fr\/115533030805907569","error":""},"_links":{"self":[{"href":"https:\/\/www.europesays.com\/fr\/wp-json\/wp\/v2\/posts\/527905","targetHints":{"allow":["GET"]}}],"collection":[{"href":"https:\/\/www.europesays.com\/fr\/wp-json\/wp\/v2\/posts"}],"about":[{"href":"https:\/\/www.europesays.com\/fr\/wp-json\/wp\/v2\/types\/post"}],"author":[{"embeddable":true,"href":"https:\/\/www.europesays.com\/fr\/wp-json\/wp\/v2\/users\/2"}],"replies":[{"embeddable":true,"href":"https:\/\/www.europesays.com\/fr\/wp-json\/wp\/v2\/comments?post=527905"}],"version-history":[{"count":0,"href":"https:\/\/www.europesays.com\/fr\/wp-json\/wp\/v2\/posts\/527905\/revisions"}],"wp:featuredmedia":[{"embeddable":true,"href":"https:\/\/www.europesays.com\/fr\/wp-json\/wp\/v2\/media\/527906"}],"wp:attachment":[{"href":"https:\/\/www.europesays.com\/fr\/wp-json\/wp\/v2\/media?parent=527905"}],"wp:term":[{"taxonomy":"category","embeddable":true,"href":"https:\/\/www.europesays.com\/fr\/wp-json\/wp\/v2\/categories?post=527905"},{"taxonomy":"post_tag","embeddable":true,"href":"https:\/\/www.europesays.com\/fr\/wp-json\/wp\/v2\/tags?post=527905"}],"curies":[{"name":"wp","href":"https:\/\/api.w.org\/{rel}","templated":true}]}}