{"id":527919,"date":"2025-11-11T20:55:16","date_gmt":"2025-11-11T20:55:16","guid":{"rendered":"https:\/\/www.europesays.com\/fr\/527919\/"},"modified":"2025-11-11T20:55:16","modified_gmt":"2025-11-11T20:55:16","slug":"ce-symptome-est-revelateur-il-faut-consulter","status":"publish","type":"post","link":"https:\/\/www.europesays.com\/fr\/527919\/","title":{"rendered":"ce sympt\u00f4me est r\u00e9v\u00e9lateur, il faut consulter"},"content":{"rendered":"<p>\n                            Pour les m\u00e9decins, c&rsquo;est un vrai \u00ab\u00a0drapeau rouge\u00a0\u00bb.<\/p>\n<p>La <a href=\"https:\/\/sante.journaldesfemmes.fr\/fiches-sante-du-quotidien\/2629325-carence-en-fer-ferritine-basse-symptome-que-faire-danger\/\" title=\"Manque de fer\" rel=\"nofollow noopener\" target=\"_blank\">carence en fer<\/a> est consid\u00e9r\u00e9e par l&rsquo;OMS comme le d\u00e9ficit nutritionnel le plus r\u00e9pandu dans le monde. En France, environ 8 millions de personnes seraient carenc\u00e9es. Les femmes\u00a0sont globalement pr\u00e8s de 7\u00a0fois plus touch\u00e9es par un manque de fer que les hommes, selon l&rsquo;\u00e9tude nationale nutrition sant\u00e9 (ENNS).\u00a0Malgr\u00e9 ces chiffres, la carence reste tr\u00e8s peu diagnostiqu\u00e9e et donc souvent mal prise en charge.\u00a0\u00ab\u00a0Parce qu&rsquo;il y a une probl\u00e9matique quasiment soci\u00e9tale, o\u00f9 la femme va confondre les sympt\u00f4mes de la carence en fer avec ses difficult\u00e9s du quotidien. Je m&rsquo;explique. Les exigences de la vie familiale, le stress, la charge mentale. On se dit que c&rsquo;est la vie au quotidien qui nous am\u00e8ne \u00e0 penser qu&rsquo;on est fatigu\u00e9\u00a0\u00bb, souligne Karine Levesque, Directrice G\u00e9n\u00e9rale de Vifor France, \u00e0 l&rsquo;occasion d&rsquo;une conf\u00e9rence de presse sur la carence en fer chez la femme.\u00a0<\/p>\n<p>Les sympt\u00f4mes d&rsquo;une carence en fer sont globalement les m\u00eames \u00e0 tout \u00e2ge &#8211; fatigue, chute de cheveux, ongles fragiles, irritabilit\u00e9, essoufflement, troubles du sommeil &#8211; mais leur intensit\u00e9 et leur cause varient selon la p\u00e9riode de la vie, nous pr\u00e9cise le Pr Descamps, gyn\u00e9cologue-obst\u00e9tricien au CHU d&rsquo;Angers.\u00a0Chez une femme de 30\u00a0ans, la carence est souvent li\u00e9e aux <a href=\"https:\/\/sante.journaldesfemmes.fr\/fiches-sexo-gyneco\/2612111-regles-abondantes-menorragies-comment-savoir-causes-score-higham\/\" title=\"M\u00e9norragies\" rel=\"nofollow noopener\" target=\"_blank\">r\u00e8gles abondantes<\/a>, \u00e0 une grossesse r\u00e9cente ou \u00e0 un apport alimentaire insuffisant. Le corps r\u00e9agit vite\u00a0: la fatigue, les troubles de l&rsquo;humeur et du sommeil apparaissent pr\u00e9cocement, m\u00eame avec une baisse mod\u00e9r\u00e9e du fer.<\/p>\n<p>Apr\u00e8s 50\u00a0ans, surtout apr\u00e8s la m\u00e9nopause, les pertes de sang diminuent et les carences deviennent plus rares. La femme souffre d&rsquo;une fatigue chronique parfois additionn\u00e9e d&rsquo;une baisse de la concentration ou encore d&rsquo;un teint p\u00e2le mais ne fait pas le lien avec une carence en fer. Les sympt\u00f4mes sont plus discrets qu&rsquo;\u00e0 30\u00a0ans mais plus durables.\u00a0Or, une carence en fer apr\u00e8s 50 ans doit alerter. \u00ab\u00a0Chez une femme m\u00e9nopaus\u00e9e, une carence en fer sans cause gyn\u00e9cologique \u00e9vidente (fibrome ut\u00e9rin, saignements vaginaux post-m\u00e9nopausiques&#8230;) est un v\u00e9ritable \u00ab\u00a0drapeau rouge\u00a0\u00bb, souvent le signal d&rsquo;un probl\u00e8me sous-jacent comme un saignement digestif pass\u00e9 inaper\u00e7u &#8211; \u00e0 cause d&rsquo;un <a href=\"https:\/\/sante.journaldesfemmes.fr\/fiches-maladies\/2436910-ulcere-estomac-symptomes-detecter\/\" title=\"Ulc\u00e8re de l&#039;estomac\" rel=\"nofollow noopener\" target=\"_blank\">ulc\u00e8re<\/a> ou de polypes &#8211; ou encore d&rsquo;un probl\u00e8me d&rsquo;absorption par exemple dans la maladie c\u0153liaque\u00a0\u00bb, poursuit le gyn\u00e9cologue.<\/p>\n<p><a class=\"fancy\" href=\"https:\/\/img-3.journaldesfemmes.fr\/tZeoXzR0boVhVoP3XHelxpbyDSU=\/1080x\/smart\/f29a3dcdbb75436b8d393dbed5578878\/ccmcms-jdf\/40052965.jpg\" rel=\"nofollow noopener\" target=\"_blank\"><img decoding=\"async\" alt=\"\" src=\"https:\/\/www.europesays.com\/fr\/wp-content\/uploads\/2025\/11\/40052965.jpg\"\/><\/a><\/p>\n<p>Prise de sang pour doser le fer \u00a9\u00a0veronastudio &#8211; 123RF<\/p>\n<p>Si ces sympt\u00f4mes sont pr\u00e9sents, il est essentiel de consulter son m\u00e9decin sans tarder. Une simple prise de sang (<a href=\"https:\/\/sante.journaldesfemmes.fr\/fiches-anatomie-et-examens\/2506234-ferritine-normale-basse-elevee-alarmant\/\" title=\"Ferritine\" rel=\"nofollow noopener\" target=\"_blank\">ferritine<\/a>, h\u00e9moglobine, CRP) et, si besoin, un bilan digestif permettent d&rsquo;en identifier la cause et d&rsquo;\u00e9carter une pathologie sous-jacente. \u00ab\u00a0Si la carence en fer est r\u00e9cente, une prise en charge adapt\u00e9e permet d&rsquo;am\u00e9liorer rapidement la situation. Si c&rsquo;est plus ancien et qu&rsquo;il y a d&rsquo;autres facteurs de risque, cela prendra plus de temps et il faudra r\u00e9aliser des contr\u00f4les (dosage de la ferritine, de l&rsquo;h\u00e9moglobine et \u00e9ventuellement de la CRP) pour analyser l&rsquo;\u00e9volution. Mais les b\u00e9n\u00e9fices th\u00e9rapeutiques sont \u00e9vidents\u00a0\u00bb, indique le Pr Descamps.\u00a0<\/p>\n<p>Le traitement repose d&rsquo;abord sur la suppl\u00e9mentation en fer, g\u00e9n\u00e9ralement par voie orale (comprim\u00e9s de fer ferreux ou ferrique), pendant 3\u00a0\u00e0 6\u00a0mois pour reconstituer les r\u00e9serves. En cas d&rsquo;intol\u00e9rance digestive (naus\u00e9es, constipation) ou de malabsorption, le m\u00e9decin peut proposer du fer injectable. Parall\u00e8lement, il faut corriger la cause.<\/p>\n<p>Propos recueillis lors de la conf\u00e9rence de presse men\u00e9e par Vifor France\u00a0en octobre 2025.\u00a0<\/p>\n","protected":false},"excerpt":{"rendered":"Pour les m\u00e9decins, c&rsquo;est un vrai \u00ab\u00a0drapeau rouge\u00a0\u00bb. La carence en fer est consid\u00e9r\u00e9e par l&rsquo;OMS comme le&hellip;\n","protected":false},"author":2,"featured_media":527920,"comment_status":"","ping_status":"","sticky":false,"template":"","format":"standard","meta":{"footnotes":""},"categories":[10],"tags":[64716,64715,51761,4989,51763,1011,27,72,51766,51767,1404,71],"class_list":{"0":"post-527919","1":"post","2":"type-post","3":"status-publish","4":"format-standard","5":"has-post-thumbnail","7":"category-sante","8":"tag-carence-en-fer","9":"tag-cms-journaldesfemmes-3245866","10":"tag-controller-content","11":"tag-fatigue","12":"tag-format-papier","13":"tag-fr","14":"tag-france","15":"tag-health","16":"tag-les-histoires-du-jdf","17":"tag-parallaxeinfeed","18":"tag-quotidien","19":"tag-sante"},"share_on_mastodon":{"url":"https:\/\/pubeurope.com\/@fr\/115533062935351294","error":""},"_links":{"self":[{"href":"https:\/\/www.europesays.com\/fr\/wp-json\/wp\/v2\/posts\/527919","targetHints":{"allow":["GET"]}}],"collection":[{"href":"https:\/\/www.europesays.com\/fr\/wp-json\/wp\/v2\/posts"}],"about":[{"href":"https:\/\/www.europesays.com\/fr\/wp-json\/wp\/v2\/types\/post"}],"author":[{"embeddable":true,"href":"https:\/\/www.europesays.com\/fr\/wp-json\/wp\/v2\/users\/2"}],"replies":[{"embeddable":true,"href":"https:\/\/www.europesays.com\/fr\/wp-json\/wp\/v2\/comments?post=527919"}],"version-history":[{"count":0,"href":"https:\/\/www.europesays.com\/fr\/wp-json\/wp\/v2\/posts\/527919\/revisions"}],"wp:featuredmedia":[{"embeddable":true,"href":"https:\/\/www.europesays.com\/fr\/wp-json\/wp\/v2\/media\/527920"}],"wp:attachment":[{"href":"https:\/\/www.europesays.com\/fr\/wp-json\/wp\/v2\/media?parent=527919"}],"wp:term":[{"taxonomy":"category","embeddable":true,"href":"https:\/\/www.europesays.com\/fr\/wp-json\/wp\/v2\/categories?post=527919"},{"taxonomy":"post_tag","embeddable":true,"href":"https:\/\/www.europesays.com\/fr\/wp-json\/wp\/v2\/tags?post=527919"}],"curies":[{"name":"wp","href":"https:\/\/api.w.org\/{rel}","templated":true}]}}