{"id":527925,"date":"2025-11-11T20:58:18","date_gmt":"2025-11-11T20:58:18","guid":{"rendered":"https:\/\/www.europesays.com\/fr\/527925\/"},"modified":"2025-11-11T20:58:18","modified_gmt":"2025-11-11T20:58:18","slug":"le-prix-de-lipad-air-11-m3-est-au-plus-bas-a-loccasion-du-pre-black-friday-sur-amazon","status":"publish","type":"post","link":"https:\/\/www.europesays.com\/fr\/527925\/","title":{"rendered":"Le prix de l\u2019iPad Air 11 M3 est au plus bas \u00e0 l&rsquo;occasion du pr\u00e9-Black Friday sur Amazon"},"content":{"rendered":"<p>L\u2019iPad Air M3 est une tablette tactile si puissante qu\u2019elle devient une bonne alternative au MacBook Air, surtout qu\u2019elle est \u00e0 599 euros au lieu de 719 euros sur Amazon.<\/p>\n<p><a href=\"https:\/\/images.frandroid.com\/wp-content\/uploads\/2025\/11\/ipad-air-m3-11-pre-black-friday.jpg\" target=\"_blank\" class=\"article-content__figure\" rel=\"noopener\"><img fetchpriority=\"high\" decoding=\"async\" loading=\"eager\" width=\"1200\" height=\"675\" src=\"https:\/\/www.europesays.com\/fr\/wp-content\/uploads\/2025\/11\/ipad-air-m3-11-pre-black-friday.jpg\" alt=\"\" class=\"wp-image-2859375 wp-image wp-image\"  \/><\/a><\/p>\n<p>La nouvelle tablette tactile iPad Air M3 version 11 pouces datant de 2025 est un mod\u00e8le qui impressionne avec sa puce M3. Elle n\u2019a beau \u00eatre qu\u2019une tablette, sa puissance est telle qu\u2019en lui adjoignant un clavier Bluetooth compatible, vous pouvez le transformer en v\u00e9ritable station de travail. Le tout avec la qualit\u00e9 de finition qui distingue Apple de la concurrence. Avec <a href=\"https:\/\/www.frandroid.com\/bons-plans\/2849105_black-friday-2025-la-braderie-continue-chez-amazon-co-voici-les-meilleures-offres-en-avant-premiere\" target=\"_blank\" rel=\"noreferrer noopener\">les promotions du pr\u00e9-Black Friday<\/a>, Amazon propose <a href=\"https:\/\/shop.frandroid.com\/bo1lrkrd\" target=\"_blank\" rel=\"noreferrer noopener affiliate nofollow\" data-gtm=\"{&quot;event&quot;:&quot;afficlic&quot;,&quot;nom_marchand&quot;:&quot;amazon_fr&quot;,&quot;nom_produit&quot;:&quot;inconnu&quot;,&quot;categorie_produit&quot;:&quot;inconnu&quot;,&quot;module_produit&quot;:&quot;editolink&quot;,&quot;position_marchand&quot;:0,&quot;texte&quot;:&quot;une-reduction-de-120-euros&quot;,&quot;offer_url&quot;:&quot;https:\/\/shop.frandroid.com\/bo1lrkrd&quot;,&quot;zone&quot;:&quot;contenu-page&quot;}\">une r\u00e9duction de 120 euros<\/a> non-n\u00e9gligeable pour la version 128 Go.<\/p>\n<p>Les atouts de l\u2019iPad Air M3 11<\/p>\n<ul class=\"wp-block-list\">\n<li>Les performances de la puce M3<\/li>\n<li>La compatibilit\u00e9 avec un grand nombre d\u2019accessoires<\/li>\n<li>Son \u00e9quilibre prix\/performance\/polyvalence<\/li>\n<\/ul>\n<p>Lors de son lancement, l\u2019iPad Air M3 version 11 pouces avec 128 Go de m\u00e9moire \u00e9tait commercialis\u00e9 \u00e0 719 euros. Un produit r\u00e9cent <a href=\"https:\/\/shop.frandroid.com\/bo1lrkrd\" target=\"_blank\" rel=\"noreferrer noopener affiliate nofollow\" data-gtm=\"{&quot;event&quot;:&quot;afficlic&quot;,&quot;nom_marchand&quot;:&quot;amazon_fr&quot;,&quot;nom_produit&quot;:&quot;inconnu&quot;,&quot;categorie_produit&quot;:&quot;inconnu&quot;,&quot;module_produit&quot;:&quot;editolink&quot;,&quot;position_marchand&quot;:0,&quot;texte&quot;:&quot;qui-passe-a-599-euros-sur-amazon&quot;,&quot;offer_url&quot;:&quot;https:\/\/shop.frandroid.com\/bo1lrkrd&quot;,&quot;zone&quot;:&quot;contenu-page&quot;}\">qui passe \u00e0 599 euros sur Amazon<\/a> pour le pr\u00e9-Black Friday.<\/p>\n<p>Si, par la suite, l\u2019offre mentionn\u00e9e dans cet article n\u2019est plus disponible, merci de jeter un coup d\u2019\u0153il ci-dessous afin de d\u00e9nicher d\u2019autres offres concernant l\u2019iPad Air M3 11. Le tableau s\u2019actualise automatiquement. <\/p>\n<p>Une \u00e9volution en douceur mais bienvenue<\/p>\n<p>L\u2019iPad Air est une tablette tactile qui a une place \u00e0 part dans l\u2019\u00e9cosyst\u00e8me Apple. Elle est plus puissante que l\u2019<a href=\"https:\/\/www.frandroid.com\/produits\/tablettes-tactiles\/apple\/2536697-apple-ipad-11-2025\" target=\"_blank\" rel=\"noreferrer noopener\">iPad classique<\/a> et plus accessible, financi\u00e8rement, que l\u2019<a href=\"https:\/\/www.frandroid.com\/produits\/tablettes-tactiles\/apple\/2016088-apple-ipad-pro-m4-11-2024\" target=\"_blank\" rel=\"noreferrer noopener\">iPad Pro<\/a>. La marque n\u2019a pas fait progresser le design de l\u2019appareil, il y a donc encore ces fameuses bandes noires autour de l\u2019\u00e9cran qui peuvent para\u00eetre un peu disgracieuses. Mais \u00e7a n\u2019emp\u00eache pas de profiter de l\u2019\u00e9cran Liquid Retina de 11 pouces.<\/p>\n<p>Une des choses qui explique son prix abordable, c\u2019est que la dalle reste une IPS LCD aux couleurs vives, Apple ne s\u2019\u00e9tant pas d\u00e9cid\u00e9 \u00e0 passer \u00e0 l\u2019OLED sur ce segment. Aussi, la fr\u00e9quence de rafra\u00eechissement est limit\u00e9e \u00e0 60 Hz, car il n\u2019y a pas de ProMotion. Mais \u00e7a n\u2019emp\u00eache pas d\u2019avoir un affichage de grande qualit\u00e9 que ce soit pour les vid\u00e9os ou les jeux.<\/p>\n<p>La puce M3 fait de bien belles choses<\/p>\n<p>L\u2019int\u00e9gration de <a href=\"https:\/\/www.frandroid.com\/marques\/apple\/1842787_apple-m3-m3-pro-m3-max-les-nouveautes-en-detail\" target=\"_blank\" rel=\"noreferrer noopener\">la puce M3<\/a> est clairement ce qui fait le plus de bien \u00e0 cet iPad Air. La puissance d\u00e9gag\u00e9e permet une vraie polyvalence qui fait que la tablette peut vraiment servir \u00e0 tout. Son c\u00f4t\u00e9 multit\u00e2che n\u2019a rien \u00e0 envier \u00e0 ce que propose un MacBook Air, avec un prix beaucoup plus int\u00e9ressant. Les 8 Go de RAM peuvent para\u00eetre peu, mais ils sont tr\u00e8s bien optimis\u00e9s et c\u2019est un plaisir \u00e0 l\u2019utilisation.<\/p>\n<p>L\u2019autonomie est \u00e9galement au rendez-vous et c\u2019est un vrai plus parce que \u00e7a a toujours \u00e9t\u00e9 l\u2019un des points forts des iPad Air. La marque annonce 10 h d\u2019utilisation non-stop et si l\u2019on en croit les dires de notre testeur, ce chiffre est atteint sans trop de probl\u00e8me. Bien entendu, tout d\u00e9pend de l\u2019usage que vous en faites et un gros jeu 3D aura forc\u00e9ment plus d\u2019impact qu\u2019une vid\u00e9o Netflix. Mais \u00e7a reste plus que correct et c\u2019est un v\u00e9ritable atout sur cette tablette.<\/p>\n<p>En consultant <a href=\"https:\/\/www.frandroid.com\/marques\/apple\/2556633_test-ipad-air-m3-2025\" target=\"_blank\" rel=\"noreferrer noopener\">notre test de l\u2019iPad Air M3 11<\/a>, vous en d\u00e9couvrirez toutes les nuances et subtilit\u00e9s, pour \u00e9ventuellement vous convaincre de craquer.<\/p>\n<p>Si vous cherchez plut\u00f4t une tablette Android, ou un mod\u00e8le moins cher, vous pouvez aussi passer par <a href=\"https:\/\/www.frandroid.com\/guide-dachat\/guide-tablettes\/320702_guide-dachat-tablette-choisir-noel\" target=\"_blank\" rel=\"noreferrer noopener\">notre guide comparatif<\/a> qui recense les mod\u00e8les les plus en vogue du moment.<\/p>\n<p>Pr\u00e9-Black Friday et Singles Day (11.11) : pour ne rien rater des offres<\/p>\n<p>Le v\u00e9ritable Black Friday ne commencera que le 28 novembre prochain, mais les e-commer\u00e7ants ont d\u00e9j\u00e0 partag\u00e9 des offres en avance lors d\u2019une sorte d\u2019avant-premi\u00e8re du vendredi noir. En ce moment, il y a m\u00eame le Singles Day, ou 11.11, pour faire encore plus de bonnes affaires. Une aubaine si vous voulez anticiper vos achats de fin d\u2019ann\u00e9e.<\/p>\n<p>Singles Day, ou 11.11<\/p>\n<p>Pr\u00e9-Black Friday<\/p>\n<p>Si vous n\u2019avez pas trouv\u00e9 votre bonheur dans les s\u00e9lections pr\u00e9c\u00e9demment cit\u00e9es, voici ce qu\u2019il vous reste \u00e0 faire : <\/p>\n<ul class=\"wp-block-list\">\n<li>Suivez notre compte X\u00a0<a href=\"https:\/\/twitter.com\/FrandroidPromos\" target=\"_blank\" rel=\"noreferrer noopener\">@FrandroidPromos<\/a> uniquement d\u00e9di\u00e9 aux bons plans (pensez \u00e0 activer la cloche pour recevoir les notifications en temps r\u00e9el)<\/li>\n<li><a href=\"https:\/\/whatsapp.com\/channel\/0029VabYxm5LI8YhSlD8xc05\" target=\"_blank\" rel=\"noreferrer noopener\">Rejoignez notre canal WhatsApp<\/a> pour recevoir une fois par jour un condens\u00e9 des meilleures offres<\/li>\n<li>T\u00e9l\u00e9chargez notre <a href=\"https:\/\/www.frandroid.com\/telecharger\/apps\/frandroid\" target=\"_blank\" rel=\"noreferrer noopener\">application Frandroid<\/a> (disponible sur iOS et Android) pour activer les notifications de la cat\u00e9gorie \u00ab Bons Plans \u00bb et ainsi recevoir en temps r\u00e9el les nouveaux articles li\u00e9s au Black Friday 2025 at au Singles Day (11.11)<\/li>\n<li>Abonnez-vous \u00e0 notre newsletter pour \u00eatre s\u00fbr de recevoir les offres en avant-premi\u00e8re (pas plus d\u2019un mail par jour, d\u00e9sinscription en 1 clic, aucune diffusion \u00e0 des tiers) :<\/li>\n<\/ul>\n<p class=\"newsletter-form__title is-size-6 is-size-7-mobile is-uppercase has-text-good-deals has-text-weight-semibold mb-4 px-5\">Frandroid Bons plans<\/p>\n<p class=\"has-text-centered-tablet newsletter-form__subtitle is-size-4 has-text-weight-bold has-text-primary column is-9-tablet is-10-mobile\">\n                C\u2019est enregistr\u00e9 ! Surveillez votre bo\u00eete aux lettres, vous allez entendre parler de nous\u00a0!\n            <\/p>\n<p class=\"newsletter-form__subtitle is-size-4 has-text-weight-bold has-text-gradient-pink\">Ne manquez aucun bon plan avec notre newsletter<\/p>\n<p class=\"is-size-7\">\n                Les donn\u00e9es transmises par le biais de ce formulaire sont destin\u00e9es \u00e0 Humanoid,<br \/>\n                soci\u00e9t\u00e9 \u00e9ditrice du site Frandroid en sa qualit\u00e9 de responsable de traitement.<br \/>\n                Elles ne seront en aucun cas c\u00e9d\u00e9es \u00e0 des tiers. Ces donn\u00e9es sont trait\u00e9es sous r\u00e9serve d\u2019obtention de<br \/>\n                votre consentement pour vous envoyer par e-mail des actualit\u00e9s et informations relatives aux contenus<br \/>\n                \u00e9ditoriaux publi\u00e9s sur Frandroid. Vous pouvez vous opposer \u00e0 tout moment \u00e0 ces e-mails<br \/>\n                en cliquant sur les liens de d\u00e9sinscriptions pr\u00e9sents dans chacun d\u2019eux. Pour plus d\u2019informations, vous<br \/>\n                pouvez consulter l\u2019int\u00e9gralit\u00e9 de notre <a href=\"https:\/\/www.frandroid.com\/politique-donnees-personnelles\" target=\"_blank\" rel=\"noopener\"><br \/>\n                politique de traitement de vos donn\u00e9es personnelles<\/a>.<br \/>\n                Vous disposez d\u2019un droit d\u2019acc\u00e8s, de rectification, d\u2019effacement, de limitation, de portabilit\u00e9 et<br \/>\n                d\u2019opposition pour motif l\u00e9gitime aux donn\u00e9es personnelles vous concernant. Pour exercer l\u2019un de ces droits,<br \/>\n                merci d\u2019effectuer votre demande via notre <a href=\"https:\/\/www.frandroid.com\/contact\/#RGPD\" target=\"_blank\" rel=\"noopener\">formulaire<br \/>\n                de demandes d\u2019exercices de droits d\u00e9di\u00e9<\/a>.\n            <\/p>\n<p>Rejoignez-nous de 17 \u00e0 19h, un mercredi sur deux, pour l\u2019\u00e9mission <strong>UNLOCK<\/strong> produite par <strong>Frandroid<\/strong> et <strong>Numerama<\/strong> ! Actus tech, interviews, astuces et analyses\u2026 On se retrouve <a href=\"https:\/\/www.twitch.tv\/frandroidlive\" target=\"_blank\" rel=\"noopener\">en direct sur Twitch<\/a> ou en rediffusion <a href=\"https:\/\/www.youtube.com\/@unlocktalk\" target=\"_blank\" rel=\"noopener\">sur YouTube<\/a> !<\/p>\n<p>            <script async src=\"https:\/\/platform.twitter.com\/widgets.js\" charset=\"utf-8\"><\/script><\/p>\n","protected":false},"excerpt":{"rendered":"L\u2019iPad Air M3 est une tablette tactile si puissante qu\u2019elle devient une bonne alternative au MacBook Air, surtout&hellip;\n","protected":false},"author":2,"featured_media":527926,"comment_status":"","ping_status":"","sticky":false,"template":"","format":"standard","meta":{"footnotes":""},"categories":[7],"tags":[9200,62374,201,1011,27,43,40,41,39,42,44],"class_list":{"0":"post-527925","1":"post","2":"type-post","3":"status-publish","4":"format-standard","5":"has-post-thumbnail","7":"category-sciences-et-technologies","8":"tag-apple-ipad-air-m3-11-2025","9":"tag-black-friday-2025","10":"tag-bons-plans-amazon","11":"tag-fr","12":"tag-france","13":"tag-science","14":"tag-science-and-technology","15":"tag-sciences","16":"tag-sciences-et-technologies","17":"tag-technologies","18":"tag-technology"},"share_on_mastodon":{"url":"https:\/\/pubeurope.com\/@fr\/115533075451739686","error":""},"_links":{"self":[{"href":"https:\/\/www.europesays.com\/fr\/wp-json\/wp\/v2\/posts\/527925","targetHints":{"allow":["GET"]}}],"collection":[{"href":"https:\/\/www.europesays.com\/fr\/wp-json\/wp\/v2\/posts"}],"about":[{"href":"https:\/\/www.europesays.com\/fr\/wp-json\/wp\/v2\/types\/post"}],"author":[{"embeddable":true,"href":"https:\/\/www.europesays.com\/fr\/wp-json\/wp\/v2\/users\/2"}],"replies":[{"embeddable":true,"href":"https:\/\/www.europesays.com\/fr\/wp-json\/wp\/v2\/comments?post=527925"}],"version-history":[{"count":0,"href":"https:\/\/www.europesays.com\/fr\/wp-json\/wp\/v2\/posts\/527925\/revisions"}],"wp:featuredmedia":[{"embeddable":true,"href":"https:\/\/www.europesays.com\/fr\/wp-json\/wp\/v2\/media\/527926"}],"wp:attachment":[{"href":"https:\/\/www.europesays.com\/fr\/wp-json\/wp\/v2\/media?parent=527925"}],"wp:term":[{"taxonomy":"category","embeddable":true,"href":"https:\/\/www.europesays.com\/fr\/wp-json\/wp\/v2\/categories?post=527925"},{"taxonomy":"post_tag","embeddable":true,"href":"https:\/\/www.europesays.com\/fr\/wp-json\/wp\/v2\/tags?post=527925"}],"curies":[{"name":"wp","href":"https:\/\/api.w.org\/{rel}","templated":true}]}}