{"id":52793,"date":"2025-04-25T22:05:10","date_gmt":"2025-04-25T22:05:10","guid":{"rendered":"https:\/\/www.europesays.com\/fr\/52793\/"},"modified":"2025-04-25T22:05:10","modified_gmt":"2025-04-25T22:05:10","slug":"la-souffrance-de-tous-les-malades-mentaux-nicolas-demorand-livre-son-temoignage-a-rennes","status":"publish","type":"post","link":"https:\/\/www.europesays.com\/fr\/52793\/","title":{"rendered":"\u00ab La souffrance de tous les malades mentaux \u00bb : Nicolas Demorand livre son t\u00e9moignage, \u00e0 Rennes"},"content":{"rendered":"<p>Un message color\u00e9 et <strong>\u00ab\u00a0un envol de petits c\u0153urs\u00a0\u00bb<\/strong>. Les d\u00e9dicaces du journaliste Nicolas Demorand, <a href=\"https:\/\/rennes.maville.com\/actu\/actudet_-entretien.-nicolas-demorand-je-suis-un-malade-mental-la-psychiatrie-m-a-sauve-_54135-6762151_actu.Htm\" target=\"_blank\" rel=\"noopener\">qui a r\u00e9v\u00e9l\u00e9 avoir \u00e9t\u00e9 diagnostiqu\u00e9 bipolaire<\/a>, il y a huit ans, sont des pens\u00e9es positives et joyeuses. <strong>\u00ab\u00a0Croyez-moi, \u00e7a va aller\u00a0\u00bb<\/strong>, \u00e9crit-il \u00e0 Fran\u00e7oise, qui se <strong>\u00ab\u00a0reconna\u00eet pleinement dans son t\u00e9moignage. Moi aussi, je souffre d\u2019un handicap qui ne se voit pas\u00a0\u00bb<\/strong>.<\/p>\n<p>\t<img decoding=\"async\" src=\"https:\/\/www.europesays.com\/fr\/wp-content\/uploads\/2025\/04\/P35191841D6780976G_px_640_.jpg\" alt=\"photo le journaliste nicolas demorand a r\u00e9v\u00e9l\u00e9 avoir \u00e9t\u00e9 diagnostiqu\u00e9 bipolaire, il y a huit ans.  \u00a9  ouest-france\" width=\"640\" title=\" Le journaliste Nicolas Demorand a r\u00e9v\u00e9l\u00e9 avoir \u00e9t\u00e9 diagnostiqu\u00e9 bipolaire, il y a huit ans.   Ouest-France \"\/><\/p>\n<p class=\"elmt-legende\"> Le journaliste Nicolas Demorand a r\u00e9v\u00e9l\u00e9 avoir \u00e9t\u00e9 diagnostiqu\u00e9 bipolaire, il y a huit ans.   Ouest-France <\/p>\n<p>Le livre de Nicolas Demorand, intitul\u00e9 Int\u00e9rieur nuit (\u00e9ditions Les Ar\u00e8nes) raconte la maladie psychique chronique, anciennement appel\u00e9e psychose maniaco-d\u00e9pressive, responsable de d\u00e9r\u00e8glements de l\u2019humeur. Il y relate des \u00e9v\u00e9nements qui se sont d\u00e9roul\u00e9s <strong>\u00ab\u00a0sur plus de vingt ans\u00a0\u00bb<\/strong>, pendant lesquels il s\u2019est tu. Avec ce t\u00e9moignage, <strong>\u00ab\u00a0il met sur la place publique la souffrance de tous les malades mentaux. C\u2019est incroyable la fa\u00e7on dont il arrive \u00e0 y faire entrer les gens. En vulgarisant, mais sans simplifier\u00a0\u00bb,<\/strong> r\u00e9agit Eric.<\/p>\n<p><strong>Lire aussi\u00a0:<\/strong>\u00a0<a href=\"https:\/\/rennes.maville.com\/actu\/actudet_-pression-scolaire-reseaux-sociaux...-l-enquete-ouest-france-sur-la-sante-mentale-des-ados-_5-6710990_actu.Htm\" target=\"_blank\" rel=\"noopener\">Pression scolaire, r\u00e9seaux sociaux\u2026 L\u2019enqu\u00eate Ouest-France sur la sant\u00e9 mentale des ados<\/a><\/p>\n<p>\t<img decoding=\"async\" src=\"https:\/\/www.europesays.com\/fr\/wp-content\/uploads\/2025\/04\/P35191842D6780976G_px_640_.jpg\" alt=\"photo \u00ab nous n\u2019avions jamais imagin\u00e9. bravo pour votre courage \u00bb, lui disent ga\u00eblle et jean.  \u00a9  ouest-france\" width=\"640\" title=\" \u00ab Nous n\u2019avions jamais imagin\u00e9. Bravo pour votre courage \u00bb, lui disent Ga\u00eblle et Jean.   Ouest-France \"\/><\/p>\n<p class=\"elmt-legende\"> \u00ab Nous n\u2019avions jamais imagin\u00e9. Bravo pour votre courage \u00bb, lui disent Ga\u00eblle et Jean.   Ouest-France <\/p>\n<p>\u00ab\u00a0Vous \u00eates un peu moi. Je suis un peu vous\u00a0\u00bb<\/p>\n<p>Le journaliste co-anime la matinale de France Inter depuis 2017, radio <a href=\"https:\/\/rennes.maville.com\/actu\/actudet_--je-suis-bipolaire-revele-l-animateur-de-france-inter-nicolas-demorand-_54135-6735730_actu.Htm\" target=\"_blank\" rel=\"noopener\">sur laquelle il a d\u00e9clar\u00e9, le 26\u00a0mars 2025<\/a>\u00a0: <strong>\u00ab\u00a0Oui, je suis un malade mental\u00a0: c\u2019est cru, c\u2019est violent \u00e0 dire et s\u00fbrement \u00e0 entendre, mais je ne veux plus le cacher ni me cacher.\u00a0\u00bb<\/strong> Ses auditeurs sont l\u00e0, parmi celles et ceux qu\u2019il rencontre \u00e0 l\u2019Espace Ouest-France. Les \u00e9changes sont chaleureux. Ga\u00eblle et Jean vont \u00e0 lui, un peu \u00e9mus\u00a0: <strong>\u00ab\u00a0Nous sommes ravis de vous voir. Nous vous \u00e9coutons tous les matins. Et nous n\u2019avions jamais imagin\u00e9. Bravo pour votre courage.\u00a0\u00bb<\/strong> Mabel admire sa<strong> \u00ab\u00a0force\u00a0\u00bb<\/strong>. Elle lui glisse\u00a0: <strong>\u00ab\u00a0Vous \u00eates un peu moi. Et je suis un peu vous.\u00a0\u00bb<\/strong> L\u2019auteur lui sourit. Avec son livre, il esp\u00e8re que les malades mentaux cesseront de souffrir en silence.<\/p>\n<p>\u00a0<\/p>\n","protected":false},"excerpt":{"rendered":"Un message color\u00e9 et \u00ab\u00a0un envol de petits c\u0153urs\u00a0\u00bb. Les d\u00e9dicaces du journaliste Nicolas Demorand, qui a r\u00e9v\u00e9l\u00e9&hellip;\n","protected":false},"author":2,"featured_media":52794,"comment_status":"","ping_status":"","sticky":false,"template":"","format":"standard","meta":{"footnotes":""},"categories":[2821],"tags":[1111,11,829,14645,1777,674,1011,27,2003,14643,14644,12,3957,3086,584,25,4028,240],"class_list":{"0":"post-52793","1":"post","2":"type-post","3":"status-publish","4":"format-standard","5":"has-post-thumbnail","7":"category-rennes","8":"tag-actu","9":"tag-actualites","10":"tag-bretagne","11":"tag-demorand","12":"tag-eu","13":"tag-europe","14":"tag-fr","15":"tag-france","16":"tag-livre","17":"tag-malades","18":"tag-mentaux","19":"tag-news","20":"tag-nicolas","21":"tag-redon","22":"tag-rennes","23":"tag-republique-francaise","24":"tag-souffrance","25":"tag-temoignage"},"share_on_mastodon":{"url":"https:\/\/pubeurope.com\/@fr\/114400875296720295","error":""},"_links":{"self":[{"href":"https:\/\/www.europesays.com\/fr\/wp-json\/wp\/v2\/posts\/52793","targetHints":{"allow":["GET"]}}],"collection":[{"href":"https:\/\/www.europesays.com\/fr\/wp-json\/wp\/v2\/posts"}],"about":[{"href":"https:\/\/www.europesays.com\/fr\/wp-json\/wp\/v2\/types\/post"}],"author":[{"embeddable":true,"href":"https:\/\/www.europesays.com\/fr\/wp-json\/wp\/v2\/users\/2"}],"replies":[{"embeddable":true,"href":"https:\/\/www.europesays.com\/fr\/wp-json\/wp\/v2\/comments?post=52793"}],"version-history":[{"count":0,"href":"https:\/\/www.europesays.com\/fr\/wp-json\/wp\/v2\/posts\/52793\/revisions"}],"wp:featuredmedia":[{"embeddable":true,"href":"https:\/\/www.europesays.com\/fr\/wp-json\/wp\/v2\/media\/52794"}],"wp:attachment":[{"href":"https:\/\/www.europesays.com\/fr\/wp-json\/wp\/v2\/media?parent=52793"}],"wp:term":[{"taxonomy":"category","embeddable":true,"href":"https:\/\/www.europesays.com\/fr\/wp-json\/wp\/v2\/categories?post=52793"},{"taxonomy":"post_tag","embeddable":true,"href":"https:\/\/www.europesays.com\/fr\/wp-json\/wp\/v2\/tags?post=52793"}],"curies":[{"name":"wp","href":"https:\/\/api.w.org\/{rel}","templated":true}]}}