{"id":527933,"date":"2025-11-11T21:04:20","date_gmt":"2025-11-11T21:04:20","guid":{"rendered":"https:\/\/www.europesays.com\/fr\/527933\/"},"modified":"2025-11-11T21:04:20","modified_gmt":"2025-11-11T21:04:20","slug":"revivez-la-43e-edition-des-foulees-de-la-presse-de-la-manche","status":"publish","type":"post","link":"https:\/\/www.europesays.com\/fr\/527933\/","title":{"rendered":"revivez la 43e \u00e9dition des Foul\u00e9es de La Presse de la Manche"},"content":{"rendered":"<p>            Par<br \/>\n        <strong><br \/>\n            <a href=\"https:\/\/actu.fr\/auteur\/redaction-pressemanche\" title=\"Consulter tous les articles de R\u00e9daction La Presse de la Manche\" rel=\"nofollow noopener\" target=\"_blank\">R\u00e9daction La Presse de la Manche<\/a><br \/>\n        <\/strong><\/p>\n<p>        Publi\u00e9 le<\/p>\n<p>            11 nov. 2025 \u00e0 20h05<br \/>\n        ; mis \u00e0 jour le 11 nov. 2025 \u00e0 21h20    <\/p>\n<p>La 43e\u00a0\u00e9dition des <a href=\"https:\/\/actu.fr\/tag\/foulees-presse-de-la-manche\" rel=\"nofollow noopener\" target=\"_blank\">Foul\u00e9es de\u00a0La Presse de la Manche<\/a> se d\u00e9roulait <b>ce mardi 11 novembre 2025<\/b>\u00a0\u00e0\u00a0<a href=\"https:\/\/actu.fr\/normandie\/cherbourg-en-cotentin_50129\" rel=\"nofollow noopener\" target=\"_blank\">Cherbourg<\/a>.<\/p>\n<p class=\" wall-content\">Tout l\u2019apr\u00e8s-midi, suivez l\u2019\u00e9v\u00e9nement en direct.\u00a0<\/p>\n<p>Notre direct<\/p>\n<p class=\" wall-content\">\n<p class=\" wall-content\"><b>20 h : revivez la journ\u00e9e en images !\u00a0<\/b><\/p>\n<p class=\" wall-content\"><b>17 h 45 : retrouvez les r\u00e9sultats !<\/b><b\/><\/p>\n<p class=\" wall-content\"><b>17 h 35 : petite r\u00e9trospective d\u2019une journ\u00e9e inoubliable !\u00a0<\/b><\/p>\n<p class=\" wall-content\">\n<blockquote class=\"tiktok-embed\" cite=\"https:\/\/www.tiktok.com\/@lapressedelamanche\/video\/7571506606534348054\" data-video-id=\"7571506606534348054\" data-embed-from=\"oembed\" style=\"max-width:605px; min-width:325px;\"><p>\n<a target=\"_blank\" title=\"@lapressedelamanche\" href=\"https:\/\/www.tiktok.com\/@lapressedelamanche?refer=embed\" rel=\"nofollow noopener\">@lapressedelamanche<\/a> <\/p>\n<p>La 43e \u00e9dition des Foul\u00e9es de La Presse de la Manche a anim\u00e9 ce mardi 11 novembre les rues de Cherbourg. Plus de 8 500 coureurs ont pris part \u00e0 cette superbe f\u00eate ! <a title=\"manche\" target=\"_blank\" href=\"https:\/\/www.tiktok.com\/tag\/manche?refer=embed\" rel=\"nofollow noopener\">#Manche<\/a> <a title=\"cotentin\" target=\"_blank\" href=\"https:\/\/www.tiktok.com\/tag\/cotentin?refer=embed\" rel=\"nofollow noopener\">#Cotentin<\/a> <a title=\"run\" target=\"_blank\" href=\"https:\/\/www.tiktok.com\/tag\/run?refer=embed\" rel=\"nofollow noopener\">#Run<\/a> <a title=\"course\" target=\"_blank\" href=\"https:\/\/www.tiktok.com\/tag\/course?refer=embed\" rel=\"nofollow noopener\">#Course<\/a> <a title=\"fete\" target=\"_blank\" href=\"https:\/\/www.tiktok.com\/tag\/fete?refer=embed\" rel=\"nofollow noopener\">#Fete<\/a> <a title=\"sport\" target=\"_blank\" href=\"https:\/\/www.tiktok.com\/tag\/sport?refer=embed\" rel=\"nofollow noopener\">#sport<\/a> <\/p>\n<p> <a target=\"_blank\" title=\"\u266c Festa - Dih\" href=\"https:\/\/www.tiktok.com\/music\/Festa-7389760873600436225?refer=embed\" rel=\"nofollow noopener\">\u266c Festa \u2013 Dih<\/a> <\/p>\n<\/blockquote>\n<p class=\" wall-content\"><b>17 h 20 : retrouvez nos premi\u00e8res galeries photos !<\/b><\/p>\n<p>Vid\u00e9os : en ce moment sur Actu<\/p>\n<p class=\" wall-content\"><b>17 heures : les premi\u00e8res arriv\u00e9es de La Populaire !<\/b><\/p>\n<p class=\" wall-content\">\n<p class=\" wall-content\"><b>16 h 55 : La Populaire bat son plein !<\/b><b\/><b\/><\/p>\n<p>    <img   decoding=\"async\" loading=\"lazy\" class=\"size-large\" src=\"https:\/\/www.europesays.com\/fr\/wp-content\/uploads\/2025\/11\/a3e939ad5319687e939ad53195be93v-960x640.jpg\" alt=\"La Populaire bat son plein !\" width=\"960\" height=\"640\"\/><br \/>\n    La Populaire bat son plein ! \u00a9Jean-Philippe MASSIEU<\/p>\n<p class=\" wall-content\">\n<p class=\" wall-content\">\n<p class=\" wall-content\">\n<p class=\" wall-content\">\n<p class=\" wall-content\"><b>16 heures : place \u00e0 La Populaire !\u00a0<\/b><\/p>\n<p>    <a href=\"https:\/\/www.facebook.com\/plugins\/video.php?height=314&amp;href=https%3A%2F%2Fwww.facebook.com%2Freel%2F2085299682296621%2F&amp;show_text=true&amp;width=350&amp;t=0\" title=\"Ouvrie le lien\" rel=\"nofollow noopener\" target=\"_blank\">Cliquez ici pour visualiser le contenu<\/a><\/p>\n<p>Votre r\u00e9gion, votre actu !<\/p>\n<p>Recevez chaque jour les infos qui comptent pour vous.<\/p>\n<p>\t<a href=\"https:\/\/actu.fr\/newsletter\" class=\"ac-btn ac-btn--corner ac-btn--medium ac-btn--blue800\" rel=\"nofollow noopener\" target=\"_blank\">S&rsquo;incrire<\/a><\/p>\n<p>    <a href=\"https:\/\/www.facebook.com\/plugins\/video.php?height=476&amp;href=https%3A%2F%2Fwww.facebook.com%2FLa.Presse.de.la.Manche%2Fvideos%2F1377949387047048%2F&amp;show_text=true&amp;width=350&amp;t=0\" title=\"Ouvrie le lien\" rel=\"nofollow noopener\" target=\"_blank\">Cliquez ici pour visualiser le contenu<\/a><\/p>\n<p class=\" wall-content\">\n<p class=\" wall-content\">\n<p>    <img   decoding=\"async\" loading=\"lazy\" class=\"size-large\" src=\"https:\/\/www.europesays.com\/fr\/wp-content\/uploads\/2025\/11\/617bab8153196457bab815319197bav-960x640.jpg\" alt=\"C\u2019est une v\u00e9ritable mar\u00e9e humaine sur le quai Alexandre-III, \u00e0 dix minutes de\u00a0la\u00a0Populaire\u00a0!\" width=\"960\" height=\"640\"\/><br \/>\n    C\u2019est une v\u00e9ritable mar\u00e9e humaine sur le quai Alexandre-III, \u00e0 dix minutes de\u00a0la\u00a0Populaire\u00a0! \u00a9Thibaud DELAFOSSE<br \/>\n    <img   decoding=\"async\" loading=\"lazy\" class=\"size-large\" src=\"https:\/\/www.europesays.com\/fr\/wp-content\/uploads\/2025\/11\/1fed9b815319633fd9b81531917fd9v-960x640.jpg\" alt=\"C\u2019est une v\u00e9ritable mar\u00e9e humaine sur le quai Alexandre-III, \u00e0 dix minutes de\u00a0la\u00a0Populaire\u00a0!\" width=\"960\" height=\"640\"\/><br \/>\n    C\u2019est une v\u00e9ritable mar\u00e9e humaine sur le quai Alexandre-III, \u00e0 dix minutes de\u00a0la\u00a0Populaire\u00a0! \u00a9Thibaud DELAFOSSE<br \/>\n    <img   decoding=\"async\" loading=\"lazy\" class=\"size-large\" src=\"https:\/\/www.europesays.com\/fr\/wp-content\/uploads\/2025\/11\/d8f69b8153196cbf69b815319aff69v-960x640.jpg\" alt=\"C\u2019est une v\u00e9ritable mar\u00e9e humaine sur le quai Alexandre-III, \u00e0 dix minutes de\u00a0la\u00a0Populaire\u00a0!\" width=\"960\" height=\"640\"\/><br \/>\n    C\u2019est une v\u00e9ritable mar\u00e9e humaine sur le quai Alexandre-III, \u00e0 dix minutes de\u00a0la\u00a0Populaire\u00a0! \u00a9Thibaud DELAFOSSE<br \/>\n    <img   decoding=\"async\" loading=\"lazy\" class=\"size-large\" src=\"https:\/\/www.europesays.com\/fr\/wp-content\/uploads\/2025\/11\/08239b81531960c239b815319ef239v-960x640.jpg\" alt=\"C\u2019est une v\u00e9ritable mar\u00e9e humaine sur le quai Alexandre-III, \u00e0 dix minutes de\u00a0la\u00a0Populaire\u00a0!\" width=\"960\" height=\"640\"\/><br \/>\n    C\u2019est une v\u00e9ritable mar\u00e9e humaine sur le quai Alexandre-III, \u00e0 dix minutes de\u00a0la\u00a0Populaire\u00a0! \u00a9Thibaud DELAFOSSE<br \/>\n    <img   decoding=\"async\" loading=\"lazy\" class=\"size-large\" src=\"https:\/\/www.europesays.com\/fr\/wp-content\/uploads\/2025\/11\/cc349b8153196a0449b81531932649v-960x640.jpg\" alt=\"C\u2019est une v\u00e9ritable mar\u00e9e humaine sur le quai Alexandre-III, \u00e0 dix minutes de\u00a0la\u00a0Populaire\u00a0!\" width=\"960\" height=\"640\"\/><br \/>\n    C\u2019est une v\u00e9ritable mar\u00e9e humaine sur le quai Alexandre-III, \u00e0 dix minutes de\u00a0la\u00a0Populaire\u00a0! \u00a9Thibaud DELAFOSSE<\/p>\n<p class=\" wall-content\"><b>15 h 55 : Julien Marie remporte les 6 km du Cotentin pour la 4e ann\u00e9e cons\u00e9cutive ! Il devance au sprint Pierre \u00c9mile !<\/b><\/p>\n<p>    <img   decoding=\"async\" loading=\"lazy\" class=\"size-large\" src=\"https:\/\/www.europesays.com\/fr\/wp-content\/uploads\/2025\/11\/bc44ea0053196c054ea005319c454ev-960x640.jpg\" alt=\"Julien Marie remporte les 6 km du Cotentin pour la 4e ann\u00e9e cons\u00e9cutive ! Il devance au sprint Pierre \u00c9mile !\" width=\"960\" height=\"640\"\/><br \/>\n    Julien Marie remporte les 6 km du Cotentin pour la 4e ann\u00e9e cons\u00e9cutive ! Il devance au sprint Pierre \u00c9mile ! \u00a9La Presse de la Manche<\/p>\n<p class=\" wall-content\"><b>15 h 35 : photos souvenir !<\/b><\/p>\n<p>    <img   decoding=\"async\" loading=\"lazy\" class=\"size-large\" src=\"https:\/\/www.europesays.com\/fr\/wp-content\/uploads\/2025\/11\/0b4adbfe431961f4adbfe4319035adv-960x640.jpg\" alt=\"Les soignants de la Polyclinique du Cotentin ont l\u00e2ch\u00e9 leur mat\u00e9riel pour courir sous le nom&#10;des \u00ab\u00a0Polycocottes\u00a0\u00bb.\" width=\"960\" height=\"640\"\/><br \/>\n    Les soignants de la Polyclinique du Cotentin ont l\u00e2ch\u00e9 leur mat\u00e9riel pour courir sous le nom des \u00ab\u00a0Polycocottes\u00a0\u00bb. \u00a9Thibaud DELAFOSSE<br \/>\n    <img   decoding=\"async\" loading=\"lazy\" class=\"size-large\" src=\"https:\/\/www.europesays.com\/fr\/wp-content\/uploads\/2025\/11\/b76653f943196cb6653f94319af665v-960x640.jpg\" alt=\"Photo de famille Orano. Plus de 400 coureurs avec un Tee-shirt jaune, un record pour l'entreprise qui court pour l'association\u00a0Amarrage.\" width=\"960\" height=\"640\"\/><br \/>\n    Photo de famille Orano. Plus de 400 coureurs avec un tee-shirt jaune, un record pour l\u2019entreprise qui court pour l\u2019association Amarrage. \u00a9Nicolas LEPIGEON<br \/>\n    <img   decoding=\"async\" loading=\"lazy\" class=\"size-large\" src=\"https:\/\/www.europesays.com\/fr\/wp-content\/uploads\/2025\/11\/dcfe9d9943196f10f9d994319c02f9v-960x640.jpg\" alt=\"Photo de famille r\u00eaves manche.leurs tee-shirts roses sigl\u00e9s dans le dos \u00ab Un r\u00eave pour tout changer \u00bb. 555 personnes se sont inscrites sous les couleurs de l'association\u00a0de\u00a0solidarit\u00e9\" width=\"960\" height=\"640\"\/><br \/>\n    Photo de famille de R\u00eaves Manche, avec leurs tee-shirts roses sigl\u00e9s dans le dos \u00ab Un r\u00eave pour tout changer \u00bb. Au total, 555 personnes se sont inscrites sous les couleurs de l\u2019association de solidarit\u00e9. \u00a9Nicolas LEPIGEON<\/p>\n<p class=\" wall-content\"><b>15h 30 : c\u2019est d\u00e9j\u00e0 l\u2019heure de l\u2019avant-derni\u00e8re course : les 6 km du Cotentin !\u00a0<\/b><\/p>\n<p>    <a href=\"https:\/\/www.facebook.com\/plugins\/video.php?height=476&amp;href=https%3A%2F%2Fwww.facebook.com%2FLa.Presse.de.la.Manche%2Fvideos%2F829539646228843%2F&amp;show_text=true&amp;width=350&amp;t=0\" title=\"Ouvrie le lien\" rel=\"nofollow noopener\" target=\"_blank\">Cliquez ici pour visualiser le contenu<\/a><\/p>\n<p class=\" wall-content\"><b>15 h 25 : l\u2019arriv\u00e9e des 5 km du Cotentin !<\/b><\/p>\n<p>    <img   decoding=\"async\" loading=\"lazy\" class=\"size-large\" src=\"https:\/\/www.europesays.com\/fr\/wp-content\/uploads\/2025\/11\/c8d683dd43196ccd683dd4319a0e68v-960x640.jpg\" alt=\"Elyna et Ad\u00e8le adorent les Foul\u00e9es !\" width=\"960\" height=\"640\"\/><br \/>\n    Elyna et Ad\u00e8le adorent les Foul\u00e9es ! \u00a9Baptiste HUE<\/p>\n<p class=\" wall-content\">\n<p class=\" wall-content\">\n<p class=\" wall-content\">\n<p class=\" wall-content\">\n<p>    <img   decoding=\"async\" loading=\"lazy\" class=\"size-large\" src=\"https:\/\/www.europesays.com\/fr\/wp-content\/uploads\/2025\/11\/a31d5d6d43196d71d5d6d4319cb1d5v-960x640.jpg\" alt=\"Soukaina Meskine conserve son titre dans la course des 5 km de Cherbourg.\" width=\"960\" height=\"640\"\/><br \/>\n    Soukaina Meskine conserve son titre dans la course des 5 km de Cherbourg. \u00a9La Presse de la Manche<\/p>\n<p class=\" wall-content\"><b>15 h 20 : envie d\u2019un gros c\u00e2lin ?\u00a0<\/b><\/p>\n<p>    <img   decoding=\"async\" loading=\"lazy\" class=\"size-large\" src=\"https:\/\/www.europesays.com\/fr\/wp-content\/uploads\/2025\/11\/72267836431966626783643199a267v-960x640.jpg\" alt=\"Le nounours de C\u0153ur en libert\u00e9 est l\u00e0 pour \u00e7a, en plus de distribuer des\u00a0friandises\" width=\"960\" height=\"640\"\/><br \/>\n    Le nounours de C\u0153ur en libert\u00e9 est l\u00e0 pour \u00e7a, en plus de distribuer des\u00a0friandises \u00a9Thibaud DELAFOSSE<\/p>\n<p class=\" wall-content\"><b>15 h 15 :\u00a0Shodan ne passe pas inaper\u00e7u !<\/b><\/p>\n<p>    <img   decoding=\"async\" loading=\"lazy\" class=\"size-large\" src=\"https:\/\/www.europesays.com\/fr\/wp-content\/uploads\/2025\/11\/4ce21ec54319640f21ec5431994f21v-960x640.jpg\" alt=\"Shodan ne passe pas inaper\u00e7u\u00a0!\" width=\"960\" height=\"640\"\/><br \/>\n    Shodan ne passe pas inaper\u00e7u\u00a0! \u00a9Thibaud DELAFOSSE<\/p>\n<p class=\" wall-content\"><b>15 h 10 : merci \u00e0 nos b\u00e9n\u00e9voles !<\/b><\/p>\n<p class=\" wall-content\">\n<p class=\" wall-content\"><b>15 h : on poursuit l\u2019apr\u00e8s-midi avec les 5 km de Cherbourg !\u00a0<\/b><b\/><\/p>\n<p class=\" wall-content\">\n<p class=\" wall-content\">\n<p class=\" wall-content\">\n<p class=\" wall-content\">\n<p>    <a href=\"https:\/\/www.facebook.com\/plugins\/video.php?height=314&amp;href=https%3A%2F%2Fwww.facebook.com%2FLa.Presse.de.la.Manche%2Fvideos%2F1191030666204160%2F&amp;show_text=true&amp;width=350&amp;t=0\" title=\"Ouvrie le lien\" rel=\"nofollow noopener\" target=\"_blank\">Cliquez ici pour visualiser le contenu<\/a><\/p>\n<p class=\" wall-content\"><b>14 h 50 : et de l\u2019animation dans les rues !<\/b><\/p>\n<p class=\" wall-content\">\n<p class=\" wall-content\">\n<p class=\" wall-content\"><b>14 h 45 : du monde en terrasse !\u00a0<\/b><\/p>\n<p>    <img   decoding=\"async\" loading=\"lazy\" class=\"size-large\" src=\"https:\/\/www.europesays.com\/fr\/wp-content\/uploads\/2025\/11\/8998103c431969d98103c4319d1a81v-960x640.jpg\" alt=\"Que de monde sur la place De-Gaulle\u00a0!\" width=\"960\" height=\"640\"\/><br \/>\n    Que de monde sur la place De-Gaulle\u00a0! \u00a9Thibaud DELAFOSSE<br \/>\n    <img   decoding=\"async\" loading=\"lazy\" class=\"size-large\" src=\"https:\/\/www.europesays.com\/fr\/wp-content\/uploads\/2025\/11\/84da09ef3319688da09ef33196cda0v-960x640.jpg\" alt=\"Du monde en terrasse \u00e0 Cherbourg (Manche) en ce jour des Foul\u00e9es.\" width=\"960\" height=\"640\"\/><br \/>\n    Du monde en terrasse \u00e0 Cherbourg (Manche) en ce jour des Foul\u00e9es. \u00a9Nicolas LEPIGEON<br \/>\n    <img   decoding=\"async\" loading=\"lazy\" class=\"size-large\" src=\"https:\/\/www.europesays.com\/fr\/wp-content\/uploads\/2025\/11\/d74c09ef331963c4c09ef33198f4c0v-960x640.jpg\" alt=\"Du monde en terrasse \u00e0 Cherbourg (Manche) en ce jour des Foul\u00e9es.\" width=\"960\" height=\"640\"\/><br \/>\n    Du monde en terrasse \u00e0 Cherbourg (Manche) en ce jour des Foul\u00e9es. \u00a9Nicolas LEPIGEON<br \/>\n    <img   decoding=\"async\" loading=\"lazy\" class=\"size-large\" src=\"https:\/\/www.europesays.com\/fr\/wp-content\/uploads\/2025\/11\/341c09ef33196381c09ef33190c1c0v-960x640.jpg\" alt=\"Du monde en terrasse \u00e0 Cherbourg (Manche) en ce jour des Foul\u00e9es.\" width=\"960\" height=\"640\"\/><br \/>\n    Du monde en terrasse \u00e0 Cherbourg (Manche) en ce jour des Foul\u00e9es. \u00a9Nicolas LEPIGEON<br \/>\n    <img   decoding=\"async\" loading=\"lazy\" class=\"size-large\" src=\"https:\/\/www.europesays.com\/fr\/wp-content\/uploads\/2025\/11\/3ecc09ef331962b2d09ef33195f2d0v-960x640.jpg\" alt=\"Du monde en terrasse \u00e0 Cherbourg (Manche) en ce jour des Foul\u00e9es.\" width=\"960\" height=\"640\"\/><br \/>\n    Du monde en terrasse \u00e0 Cherbourg (Manche) en ce jour des Foul\u00e9es. \u00a9Nicolas LEPIGEON<br \/>\n    <img   decoding=\"async\" loading=\"lazy\" class=\"size-large\" src=\"https:\/\/www.europesays.com\/fr\/wp-content\/uploads\/2025\/11\/4ec809ef3319663d809ef331987d80v-960x640.jpg\" alt=\"Du monde en terrasse \u00e0 Cherbourg (Manche) en ce jour des Foul\u00e9es.\" width=\"960\" height=\"640\"\/><br \/>\n    Du monde en terrasse \u00e0 Cherbourg (Manche) en ce jour des Foul\u00e9es. \u00a9Nicolas LEPIGEON<br \/>\n    <img   decoding=\"async\" loading=\"lazy\" class=\"size-large\" src=\"https:\/\/www.europesays.com\/fr\/wp-content\/uploads\/2025\/11\/484909ef331964c4909ef331910590v-960x640.jpg\" alt=\"Du monde en terrasse \u00e0 Cherbourg (Manche) en ce jour des Foul\u00e9es.\" width=\"960\" height=\"640\"\/><br \/>\n    Du monde en terrasse \u00e0 Cherbourg (Manche) en ce jour des Foul\u00e9es. \u00a9Nicolas LEPIGEON<\/p>\n<p class=\" wall-content\"><b>14 h 35 : on s\u2019\u00e9chauffe pour les 5 km de Cherbourg !<\/b><b\/><\/p>\n<p class=\" wall-content\">\n<p class=\" wall-content\"><b>14 h 30 : les arriv\u00e9es et les podiums de La Puissance 4 !<\/b><\/p>\n<p class=\" wall-content\">\n<p class=\" wall-content\">\n<p class=\" wall-content\">\n<p class=\" wall-content\"><b>14 h 25 : la police mont\u00e9e veille sur les participants<\/b><\/p>\n<p>    <img   decoding=\"async\" loading=\"lazy\" class=\"size-large\" src=\"https:\/\/www.europesays.com\/fr\/wp-content\/uploads\/2025\/11\/dadf311a33196dedf311a331943ef3v-960x640.jpg\" alt=\"La police mont\u00e9e veille sur les\u00a0participants.\" width=\"960\" height=\"640\"\/><br \/>\n    La police mont\u00e9e veille sur les\u00a0participants. \u00a9Thibaud DELAFOSSE<\/p>\n<p class=\" wall-content\"><b>14 h 25 : le cirque Sol\u2019Air en d\u00e9monstration\u00a0<\/b><\/p>\n<p>    <img   decoding=\"async\" loading=\"lazy\" class=\"size-large\" src=\"https:\/\/www.europesays.com\/fr\/wp-content\/uploads\/2025\/11\/7d4f344c33196515f344c3319255f3v-960x640.jpg\" alt=\"Le cirque Sol'Air en d\u00e9monstration.\" width=\"960\" height=\"640\"\/><br \/>\n    Le cirque Sol\u2019Air en d\u00e9monstration. \u00a9Nicolas LEPIGEON<br \/>\n    <img   decoding=\"async\" loading=\"lazy\" class=\"size-large\" src=\"https:\/\/www.europesays.com\/fr\/wp-content\/uploads\/2025\/11\/bb1b3fe833196ff1b3fe83319d32b3v-960x640.jpg\" alt=\"18 eleves du cirque sol air entre 14 et 17 ans sont en d\u00e9monstration non loin de l'\u00e9glise protestante . Louis\u00a0au\u00a0jonglage\" width=\"960\" height=\"640\"\/><br \/>\n    18 \u00e9l\u00e8ves du Cirque Sol\u2019Air, \u00e2g\u00e9s entre 14 et 17 ans, sont en d\u00e9monstration non loin de l\u2019\u00e9glise protestante. Ici, Louis au jonglage. \u00a9Nicolas LEPIGEON<\/p>\n<p class=\" wall-content\"><b>14 h 20 : La Puissance 4 en plein effort, sous l\u2019\u0153il du cr\u00e9ateur des Foul\u00e9es\u00a0<\/b><\/p>\n<p class=\" wall-content\">\n<p class=\" wall-content\">\n<p class=\" wall-content\">\n<p class=\" wall-content\"><b>14 h 15 : c\u2019est parti pour La Puissance 4 !<\/b><\/p>\n<p>    <img   decoding=\"async\" loading=\"lazy\" class=\"size-large\" src=\"https:\/\/www.europesays.com\/fr\/wp-content\/uploads\/2025\/11\/811d524833196751d52483319591d5v-960x640.jpg\" alt=\"C'est parti pour La Puissance 4 !\" width=\"960\" height=\"640\"\/><br \/>\n    C\u2019est parti pour La Puissance 4 ! \u00a9Nicolas LEPIGEON<br \/>\n    <img   decoding=\"async\" loading=\"lazy\" class=\"size-large\" src=\"https:\/\/www.europesays.com\/fr\/wp-content\/uploads\/2025\/11\/e1c6524833196e5c652483319c9c65v-960x640.jpg\" alt=\"C'est parti pour La Puissance 4 !\" width=\"960\" height=\"640\"\/><br \/>\n    C\u2019est parti pour La Puissance 4 ! \u00a9Nicolas LEPIGEON<br \/>\n    <img   decoding=\"async\" loading=\"lazy\" class=\"size-large\" src=\"https:\/\/www.europesays.com\/fr\/wp-content\/uploads\/2025\/11\/66675248331965a67524833194e675v-960x640.jpg\" alt=\"C'est parti pour La Puissance 4 !\" width=\"960\" height=\"640\"\/><br \/>\n    C\u2019est parti pour La Puissance 4 ! \u00a9Nicolas LEPIGEON<br \/>\n    <img   decoding=\"async\" loading=\"lazy\" class=\"size-large\" src=\"https:\/\/www.europesays.com\/fr\/wp-content\/uploads\/2025\/11\/647e524833196687e524833194c7e5v-960x640.jpg\" alt=\"C'est parti pour La Puissance 4 !\" width=\"960\" height=\"640\"\/><br \/>\n    C\u2019est parti pour La Puissance 4 ! \u00a9Nicolas LEPIGEON<br \/>\n    <img   decoding=\"async\" loading=\"lazy\" class=\"size-large\" src=\"https:\/\/www.europesays.com\/fr\/wp-content\/uploads\/2025\/11\/95ec524833196b9ec524833190eec5v-960x640.jpg\" alt=\"C'est parti pour La Puissance 4 !\" width=\"960\" height=\"640\"\/><br \/>\n    C\u2019est parti pour La Puissance 4 ! \u00a9Nicolas LEPIGEON<br \/>\n    <img   decoding=\"async\" loading=\"lazy\" class=\"size-large\" src=\"https:\/\/www.europesays.com\/fr\/wp-content\/uploads\/2025\/11\/d08a524833196d48a52483319a98a5v-960x640.jpg\" alt=\"C'est parti pour La Puissance 4 !\" width=\"960\" height=\"640\"\/><br \/>\n    C\u2019est parti pour La Puissance 4 ! \u00a9Nicolas LEPIGEON<br \/>\n    <img   decoding=\"async\" loading=\"lazy\" class=\"size-large\" src=\"https:\/\/www.europesays.com\/fr\/wp-content\/uploads\/2025\/11\/5615524833196ce155248331923255v-960x640.jpg\" alt=\"C'est parti pour La Puissance 4 !\" width=\"960\" height=\"640\"\/><br \/>\n    C\u2019est parti pour La Puissance 4 ! \u00a9Nicolas LEPIGEON<br \/>\n    <a href=\"https:\/\/www.facebook.com\/plugins\/video.php?height=314&amp;href=https%3A%2F%2Fwww.facebook.com%2FLa.Presse.de.la.Manche%2Fvideos%2F672092119098160%2F&amp;show_text=true&amp;width=350&amp;t=0\" title=\"Ouvrie le lien\" rel=\"nofollow noopener\" target=\"_blank\">Cliquez ici pour visualiser le contenu<\/a><\/p>\n<p class=\" wall-content\"><b>14 h 10 : pendant que \u00e7a arrive fort du c\u00f4t\u00e9 des \u00ab minots \u00bb et des \u00ab gazelles \u00bb<\/b><\/p>\n<p class=\" wall-content\">\n<p class=\" wall-content\">\n<p class=\" wall-content\"><\/p>\n<p class=\" wall-content\"><b>14 h 10 : on se pr\u00e9pare pour la Puissance 4 !<\/b><\/p>\n<p>    <img   decoding=\"async\" loading=\"lazy\" class=\"size-large\" src=\"https:\/\/www.europesays.com\/fr\/wp-content\/uploads\/2025\/11\/80c686d53319664c686d5331958c68v-960x640.jpg\" alt=\"Mathis 13 ans a droite ste croix hague et Tao 12 ans fr\u00e8re greville hague. Coll\u00e9giens a beaumont. On se conna\u00eet du basket bc hague. Objectif de finir . 1re pour tao et\u00a02e\u00a0pour\u00a0mathis.\" width=\"960\" height=\"640\"\/><br \/>\n    Mathis (\u00e0. d.),13 ans, de Sainte-Croix-Hague, et Tao, 12 ans, de Gr\u00e9ville-Hague. Ils sont coll\u00e9giens \u00e0 Beaumont et se connaissanet du basket, du BC Hague. Objectif de finir, c\u2019est la premi\u00e8re participation pour Tao et la deuxi\u00e8me pour Mathis. \u00a9Nicolas LEPIGEON<br \/>\n    <img   decoding=\"async\" loading=\"lazy\" class=\"size-large\" src=\"https:\/\/www.europesays.com\/fr\/wp-content\/uploads\/2025\/11\/acf32b453319680042b45331964042v-960x640.jpg\" alt=\"Thimot\u00e9 avec le tee-shirt de l'instagrameur \u00ab Clem qui court \u00bb. L\u00e9na et Gladys pour R\u00eaves Manche pour faire une bonne action. Les 3 ont 14 ans et sont Flamanvillais, au d\u00e9part de\u00a0la\u00a0puissance\u00a04\" width=\"960\" height=\"640\"\/><br \/>\n    Thimot\u00e9, avec le tee-shirt de l\u2019instagrameur \u00ab Clem qui court \u00bb, ainsi que L\u00e9na et Gladys, pour R\u00eaves Manche pour faire une bonne action. Les trois ont 14 ans et sont Flamanvillais, au d\u00e9part de la puissance 4. \u00a9Nicolas LEPIGEON<\/p>\n<p class=\" wall-content\"><b>14 h 05 : Manche Drones Production immortalise les Foul\u00e9es\u00a0<\/b><\/p>\n<p>    <img   decoding=\"async\" loading=\"lazy\" class=\"size-large\" src=\"https:\/\/www.europesays.com\/fr\/wp-content\/uploads\/2025\/11\/d7cdd81433196dbcdd8143319afcddv-960x640.jpg\" alt=\"Un grand merci \u00e0 Manche Drones Production d'immortaliser l'\u00e9dition 2025 des Foul\u00e9es de La Presse de la Manche avec de magnifiques photos et vid\u00e9os a\u00e9riennes.\" width=\"960\" height=\"640\"\/><br \/>\n    Un grand merci \u00e0 Manche Drones Production d\u2019immortaliser l\u2019\u00e9dition 2025 des Foul\u00e9es de La Presse de la Manche avec de magnifiques photos et vid\u00e9os a\u00e9riennes. \u00a9Chrisma\u00ebl MARCHAND<\/p>\n<p class=\" wall-content\"><b>14 heures : et on encha\u00eene avec les \u00ab minots \u00bb et les \u00ab gazelles \u00bb de la course 3 !<\/b><\/p>\n<p>    <a href=\"https:\/\/www.facebook.com\/plugins\/video.php?height=314&amp;href=https%3A%2F%2Fwww.facebook.com%2FLa.Presse.de.la.Manche%2Fvideos%2F817293124410985%2F&amp;show_text=true&amp;width=350&amp;t=0\" title=\"Ouvrie le lien\" rel=\"nofollow noopener\" target=\"_blank\">Cliquez ici pour visualiser le contenu<\/a><\/p>\n<p class=\" wall-content\"><b>13 h 55 : apr\u00e8s l\u2019effort, le r\u00e9confort !<\/b><\/p>\n<p>    <img   decoding=\"async\" loading=\"lazy\" class=\"size-large\" src=\"https:\/\/www.europesays.com\/fr\/wp-content\/uploads\/2025\/11\/17446e7c33196bb446e7c33198f446v-960x640.jpg\" alt=\"Courir, 9a creuse ! Une bonne cr\u00eape, de ce temps-l\u00e0, \u00e7a\u00a0r\u00e9chauffe\u00a0!\" width=\"960\" height=\"640\"\/><br \/>\n    Courir, \u00e7a creuse ! Une bonne cr\u00eape, de ce temps-l\u00e0, \u00e7a r\u00e9chauffe ! \u00a9Nicolas LEPIGEON<br \/>\n    <img   decoding=\"async\" loading=\"lazy\" class=\"size-large\" src=\"https:\/\/www.europesays.com\/fr\/wp-content\/uploads\/2025\/11\/9f27cdf233196c337cdf23319d737cv-960x640.jpg\" alt=\"Apr\u00e8s l\u2019effort, le r\u00e9confort\u00a0!\" width=\"960\" height=\"640\"\/><br \/>\n    Apr\u00e8s l\u2019effort, le r\u00e9confort\u00a0! \u00a9Thibaud DELAFOSSE<\/p>\n<p class=\" wall-content\"><b>13 h 50 : les premiers \u00ab gamins \u00bb et \u00ab gamines \u00bb de la course 2 coupent la ligne d\u2019arriv\u00e9e !\u00a0<\/b><\/p>\n<p>    <img   decoding=\"async\" loading=\"lazy\" class=\"size-large\" src=\"https:\/\/www.europesays.com\/fr\/wp-content\/uploads\/2025\/11\/562acf5d331964a2acf5d33192e2acv-768x640.jpg\" alt=\"Baptiste 10 ans. Coupe. La course 2. 1,5 km. 1er. Je cours  souvent avec mon papa et ma.soeur et je fais du foot au club \u00e9lan de tocqueville. La famille est de Vicq sur mer. Participe tous les ans. D\u00e9j\u00e0 3e ou 4e mais premier fois vainqueur. Il fait les cross de l'\u00e9cole il sest qualifi\u00e9 pour lez r\u00e9gionaux. Un peu mal aux jambes. A gagn\u00e9 assez largement. Baptiste\u00a0gu\u00e9rard\" width=\"768\" height=\"640\"\/><br \/>\n    Baptiste Gu\u00e9rard, 10 ans, a largement gagn\u00e9 la course 2 : \u00ab Je cours souvent avec mon papa et ma s\u0153ur, et je fais du foot au club \u00c9lan de Tocqueville. Ma famille est de Vicq-sur-Mer. Je participe tous les ans aux Foul\u00e9es. J\u2019ai d\u00e9j\u00e0 fini 3e ou 4e, mais je suis vainqueur pour la premi\u00e8re fois. \u00bb Baptiste participe aux cross de l\u2019\u00e9cole et s\u2019est qualifi\u00e9 pour les r\u00e9gionaux.\u00a0 \u00a9Nicolas LEPIGEON<\/p>\n<p class=\" wall-content\">\n<p class=\" wall-content\">\n<p class=\" wall-content\"><b>13 h 45 : c\u2019est au tour des \u00ab gamins \u00bb et des \u00ab gamines \u00bb de la course 2 de s\u2019\u00e9lancer !<\/b><\/p>\n<p>    <a href=\"https:\/\/www.facebook.com\/plugins\/video.php?height=314&amp;href=https%3A%2F%2Fwww.facebook.com%2FLa.Presse.de.la.Manche%2Fvideos%2F2743333419333552%2F&amp;show_text=true&amp;width=350&amp;t=0\" title=\"Ouvrie le lien\" rel=\"nofollow noopener\" target=\"_blank\">Cliquez ici pour visualiser le contenu<\/a><\/p>\n<p>    <a href=\"https:\/\/www.facebook.com\/plugins\/video.php?height=314&amp;href=https%3A%2F%2Fwww.facebook.com%2FLa.Presse.de.la.Manche%2Fvideos%2F2743333419333552%2F&amp;show_text=true&amp;width=350&amp;t=0\" title=\"Ouvrie le lien\" rel=\"nofollow noopener\" target=\"_blank\">Cliquez ici pour visualiser le contenu<\/a><\/p>\n<p>    <img   decoding=\"async\" loading=\"lazy\" class=\"size-large\" src=\"https:\/\/www.europesays.com\/fr\/wp-content\/uploads\/2025\/11\/f9c905ad23196fdc905ad2319d1d90v-960x640.jpg\" alt=\"Les \u00ab gamins \u00bb et les \u00ab gamines \u00bb sur la ligne de d\u00e9part.\" width=\"960\" height=\"640\"\/><br \/>\n    Les \u00ab gamins \u00bb et les \u00ab gamines \u00bb de la course 2 sur la ligne de d\u00e9part. \u00a9Nicolas LEPIGEON<\/p>\n<p class=\" wall-content\"><b>13 h 40 : et d\u00e9j\u00e0 les premiers podiums !\u00a0<\/b><\/p>\n<p class=\" wall-content\">\n<p class=\" wall-content\"><b>13 h 35 : d\u00e9j\u00e0 les premiers arriv\u00e9(e)s de la course 1 \u00ab La Mini-Pousse \u00bb !<\/b><\/p>\n<p class=\" wall-content\">\n<p class=\" wall-content\"><b>13 h 30 : top d\u00e9part pour la course 1 \u00ab La Mini-Pousse \u00bb !<\/b><\/p>\n<p class=\" wall-content\">\n<p>    <a href=\"https:\/\/www.facebook.com\/plugins\/video.php?height=314&amp;href=https%3A%2F%2Fwww.facebook.com%2FLa.Presse.de.la.Manche%2Fvideos%2F1751945258677096%2F&amp;show_text=true&amp;width=350&amp;t=0\" title=\"Ouvrie le lien\" rel=\"nofollow noopener\" target=\"_blank\">Cliquez ici pour visualiser le contenu<\/a><\/p>\n<p class=\" wall-content\"><b>13 h 25 : la course 1 \u00ab La Mini-Pousse \u00bb sur la ligne de d\u00e9part !<\/b><\/p>\n<p>    <img   decoding=\"async\" loading=\"lazy\" class=\"size-large\" src=\"https:\/\/www.europesays.com\/fr\/wp-content\/uploads\/2025\/11\/fe5aeccb23196e26aeccb2319d66aev-960x640.jpg\" alt=\"Les participants \u00e0 \u00ab La Mini-Pousse \u00bb sont pr\u00eats \u00e0 partir !\" width=\"960\" height=\"640\"\/><br \/>\n    Les participants \u00e0 la course 1 \u00ab La Mini-Pousse \u00bb sont pr\u00eats \u00e0 partir ! \u00a9Nicolas LEPIGEON<\/p>\n<p class=\" wall-content\"><b>13 h 15 : le compte \u00e0 rebours est lanc\u00e9 ! Moins de 15 minutes avant le d\u00e9part de la premi\u00e8re course des Foul\u00e9es !<\/b><\/p>\n<p class=\" wall-content\">\n<p class=\" wall-content\">\n<p class=\" wall-content\"><b>13 heures : d\u00e9j\u00e0 de l\u2019attente aux saucisses-frites !<\/b><\/p>\n<p class=\" wall-content\">La premi\u00e8re course n\u2019est que dans une demi-heure, mais c\u2019est d\u00e9j\u00e0 la queue devant les stands de restauration. Il faudra avoir le temps de dig\u00e9rer la saucisse-frites avant de prendre le d\u00e9part d\u2019une course !<\/p>\n<p>    <img   decoding=\"async\" loading=\"lazy\" class=\"size-large\" src=\"https:\/\/www.europesays.com\/fr\/wp-content\/uploads\/2025\/11\/a497b1c823196a897b1c823198c97bv-960x640.jpg\" alt=\"Les gens se restaurent avant d'aller courir ou regarder les premi\u00e8res courses.\" width=\"960\" height=\"640\"\/><br \/>\n    Les gens se restaurent avant d\u2019aller courir ou regarder les premi\u00e8res courses. \u00a9Nicolas LEPIGEON<\/p>\n<p class=\" wall-content\"><b>12 h 45 : 555 maillots roses pour R\u00eaves<\/b><\/p>\n<p class=\" wall-content\">Dans le chapiteau voisin, les b\u00e9n\u00e9voles de R\u00eaves Manche sont \u00e0 pied d\u2019\u0153uvre pour distribuer leurs tee-shirts roses sigl\u00e9s dans le dos \u00ab Un r\u00eave pour tout changer \u00bb. 555 personnes se sont inscrites sous les couleurs de l\u2019association de solidarit\u00e9 et huit enfants malades vont \u00eatre \u00ab spectateurs et acteurs \u00bb. Quatre d\u2019entre eux pourront participer \u00e0 la Populaire gr\u00e2ce \u00e0 des fauteuils et des b\u00e9n\u00e9voles.<\/p>\n<p>    <img   decoding=\"async\" loading=\"lazy\" class=\"size-large\" src=\"https:\/\/www.europesays.com\/fr\/wp-content\/uploads\/2025\/11\/659b404823196999b404823196d9b4v-960x640.jpg\" alt=\"Les b\u00e9n\u00e9voles de R\u00eaves Manche sont toujours enthousiastes lors des Foul\u00e9es. Vous les reconna\u00eetrez \u00e0 leur tee-sihirt rose.\" width=\"960\" height=\"640\"\/><br \/>\n    Les b\u00e9n\u00e9voles de R\u00eaves Manche sont toujours enthousiastes lors des Foul\u00e9es. Vous les reconna\u00eetrez \u00e0 leur tee-sihirt rose. \u00a9Nicolas LEPIGEON<\/p>\n<p class=\" wall-content\"><b>12 h 35 : maquillage avec R\u00eaves Manche<\/b><\/p>\n<p class=\" wall-content\">Depuis plusieurs ann\u00e9es, l\u2019association R\u00eaves Manche, qui r\u00e9alise les r\u00eaves des enfants malades, est partenaires des Foul\u00e9es de La Presse de la Manche. N\u2019h\u00e9sitez pas \u00e0 passer sur leur stand maquillage pour orner votre visage d\u2019une belle fleur color\u00e9e, gr\u00e2ce aux talents des jeunes L\u00e9a et Louanne. Et remplissez donc leur bo\u00eete \u00e0 dons !<\/p>\n<p>    <img   decoding=\"async\" loading=\"lazy\" class=\"size-large\" src=\"https:\/\/www.europesays.com\/fr\/wp-content\/uploads\/2025\/11\/3e277c672319652377c67231936377v-960x640.jpg\" alt=\"L\u00e9a et Louanne, accompagn\u00e9es de Fran\u00e7oise, Marie-Fran\u00e7oise, Chantal et Sophie, vous attendent au stand maquillage de R\u00eaves Manche.\" width=\"960\" height=\"640\"\/><br \/>\n    L\u00e9a et Louanne, accompagn\u00e9es de Fran\u00e7oise, Marie-Fran\u00e7oise, Chantal et Sophie, vous attendent au stand maquillage de R\u00eaves Manche. \u00a9Nicolas LEPIGEON<\/p>\n<p class=\" wall-content\"><b>12 h 30 : 1 700 cr\u00eapes pour Amarrage<\/b><\/p>\n<p class=\" wall-content\">Sur le stand commun avec Orano, on retrouve donc l\u2019association Amarrage, qui a pr\u00e9par\u00e9 1 700 cr\u00eapes la veille des Foul\u00e9es. Les b\u00e9n\u00e9voles B\u00e9atrice, R\u00e9gine, Jo\u00ebl et Patrice attendent de nombreux gourmands. \u00ab C\u2019est 1 \u20ac la cr\u00eape : au sucre, \u00e0 la confiture maison et m\u00eame au caramel beurre sal\u00e9 maison ! \u00bb<\/p>\n<p>    <img   decoding=\"async\" loading=\"lazy\" class=\"size-large\" src=\"https:\/\/www.europesays.com\/fr\/wp-content\/uploads\/2025\/11\/1f1a199623196f22a19962319d62a1v-960x640.jpg\" alt=\"Patrice, Jo\u00ebl, R\u00e9gine et attendent que les gourmands leur ach\u00e8tent des cr\u00eapes pour la bonne cause, celle d'Amarrage.\" width=\"960\" height=\"640\"\/><br \/>\n    Patrice, Jo\u00ebl, R\u00e9gine et B\u00e9atrice attendent que les gourmands leur ach\u00e8tent des cr\u00eapes pour la bonne cause, celle d\u2019Amarrage. \u00a9Nicolas LEPIGEON<\/p>\n<p class=\" wall-content\"><b>12 h 15 : l\u2019effervescence monte sur le Village<\/b><\/p>\n<p class=\" wall-content\">Le long de l\u2019avenue Delaville, plusieurs chapiteaux ont \u00e9t\u00e9 mont\u00e9s pour les associations et les partenaires. Sur le stand d\u2019Orano, place \u00e0 la solidarit\u00e9 : plus de 420 personnes (salari\u00e9s, enfants et conjoints) vont courir avec le tee-shirt jaune sur le dos : \u00ab Orano court pour Amarrage \u00bb. L\u2019application United Heroes va comptabiliser les participants et l\u2019entreprise versera \u2013 en fonction du nombre \u2013 une somme d\u2019argent \u00e0 l\u2019<a href=\"https:\/\/actu.fr\/normandie\/cherbourg-en-cotentin_50129\/infirmier-et-president-dune-association-qui-repare-les-bateaux-jerome-prend-sa-retraite_62579533.html\" rel=\"nofollow noopener\" target=\"_blank\">association querquevillaise<\/a> qui \u00ab r\u00e9pare les gens en r\u00e9parant les bateaux \u00bb. Le service communication d\u2019Orano profite \u00e9galement de son stand pour informer les gens sur le projet \u00ab Aval du futur \u00bb, comme ce sera encore le cas sur le march\u00e9 de Cherbourg ce jeudi 13 novembre 2025, Valognes vendredi 14, Saint-L\u00f4 samedi 15 et Bricquebec lundi 17 novembre.<\/p>\n<p>    <img   decoding=\"async\" loading=\"lazy\" class=\"size-large\" src=\"https:\/\/www.europesays.com\/fr\/wp-content\/uploads\/2025\/11\/503049d423196443049d4231938304v-960x640.jpg\" alt=\"Le stand d'Orano permet \u00e9galement d'informer les gens sur le projet \" aval=\"\" du=\"\" futur=\"\" width=\"960\" height=\"640\"\/><br \/>\n    Le stand d\u2019Orano permet \u00e9galement d\u2019informer les gens sur le projet \u00ab Aval du futur \u00bb. \u00a9Nicolas LEPIGEON<\/p>\n<p class=\" wall-content\"><b>12 heures : c\u2019est parti pour Les Foul\u00e9es !\u00a0<\/b><\/p>\n<p class=\" wall-content\">Avec <b>plus de 8 500 inscrits<\/b>, cette<b> \u00e9dition 2025<\/b>\u00a0va une nouvelle fois<b>\u00a0<\/b><a href=\"https:\/\/actu.fr\/normandie\/cherbourg-en-cotentin_50129\/foulees-de-la-presse-de-la-manche-a-cherbourg-comment-expliquer-un-tel-engouement_63421504.html\" rel=\"nofollow noopener\" target=\"_blank\">battre des records<\/a>.<\/p>\n<p class=\" wall-content\">Voici le <b>programme <\/b>des <b>courses <\/b>:<\/p>\n<ul class=\" wall-content\">\n<li><b>13 h 30 <\/b>: La Mini-Pousse (de 2017 \u00e0 2019, sans classement), 1 kilom\u00e8tre ;<\/li>\n<li><b>13 h 45<\/b> : Les gamins et les gamines (de 2015 \u00e0 2016, sans classement), 1,5 kilom\u00e8tre ;<\/li>\n<li><b>14 heures<\/b> : Les minots et les gazelles (de 2013 \u00e0 2014, avec classement), 2 kilom\u00e8tres ;<\/li>\n<li><b>14 h 15<\/b> : La Puissance 4 (de 20011 \u00e0 2012, avec classement), 3,5 kilom\u00e8tres ;<\/li>\n<li><b>15 heures <\/b>: Les 5 km de Cherbourg (2010 et avant, avec classement), 5 kilom\u00e8tres ;<\/li>\n<li><b>15 h 30 <\/b>: Les 6 km du Cotentin (2010 et avant, avec classement), 6 kilom\u00e8tres ;<\/li>\n<li><b>16 h 10<\/b> : La Populaire (2010 et avant, sans classement), 7 kilom\u00e8tres.<\/li>\n<\/ul>\n<p class=\" wall-content\">Le <b>parcours <\/b>des courses :\u00a0<\/p>\n<p class=\" wall-content\"><a href=\"https:\/\/www.instagram.com\/p\/DQpQgxLjIHA\/embed\" title=\"Ouvrir le lien sur Instagram\" rel=\"nofollow noopener\" target=\"_blank\">Visualiser le contenu sur Instagram<\/a><\/p>\n<p class=\" wall-content\">Personnalisez votre actualit\u00e9 en ajoutant vos villes et m\u00e9dias en favori avec <a href=\"https:\/\/moncompte.actu.fr\" title=\"D\u00e9couvez Mon Actu\" rel=\"nofollow noopener\" data-trk=\"{&quot;cta&quot;:{&quot;action&quot;:&quot;https:\\\/\\\/moncompte.actu.fr&quot;,&quot;category&quot;:&quot;mon compte&quot;,&quot;from&quot;:&quot;article footer&quot;,&quot;name&quot;:&quot;Mon actu&quot;,&quot;type&quot;:&quot;cta&quot;}}\" target=\"_blank\">Mon Actu<\/a>.<\/p>\n<p>                    <script async src=\"\/\/www.instagram.com\/embed.js\"><\/script><script async src=\"\/\/www.tiktok.com\/embed.js\"><\/script><\/p>\n","protected":false},"excerpt":{"rendered":"Par R\u00e9daction La Presse de la Manche Publi\u00e9 le 11 nov. 2025 \u00e0 20h05 ; mis \u00e0 jour&hellip;\n","protected":false},"author":2,"featured_media":527934,"comment_status":"","ping_status":"","sticky":false,"template":"","format":"standard","meta":{"footnotes":""},"categories":[2],"tags":[11,3168,3696,1011,27,64717,12],"class_list":{"0":"post-527933","1":"post","2":"type-post","3":"status-publish","4":"format-standard","5":"has-post-thumbnail","7":"category-actualites","8":"tag-actualites","9":"tag-cotentin","10":"tag-evenements","11":"tag-fr","12":"tag-france","13":"tag-les-foulees-de-la-presse-de-la-manche","14":"tag-news"},"share_on_mastodon":{"url":"https:\/\/pubeurope.com\/@fr\/115533100117313960","error":""},"_links":{"self":[{"href":"https:\/\/www.europesays.com\/fr\/wp-json\/wp\/v2\/posts\/527933","targetHints":{"allow":["GET"]}}],"collection":[{"href":"https:\/\/www.europesays.com\/fr\/wp-json\/wp\/v2\/posts"}],"about":[{"href":"https:\/\/www.europesays.com\/fr\/wp-json\/wp\/v2\/types\/post"}],"author":[{"embeddable":true,"href":"https:\/\/www.europesays.com\/fr\/wp-json\/wp\/v2\/users\/2"}],"replies":[{"embeddable":true,"href":"https:\/\/www.europesays.com\/fr\/wp-json\/wp\/v2\/comments?post=527933"}],"version-history":[{"count":0,"href":"https:\/\/www.europesays.com\/fr\/wp-json\/wp\/v2\/posts\/527933\/revisions"}],"wp:featuredmedia":[{"embeddable":true,"href":"https:\/\/www.europesays.com\/fr\/wp-json\/wp\/v2\/media\/527934"}],"wp:attachment":[{"href":"https:\/\/www.europesays.com\/fr\/wp-json\/wp\/v2\/media?parent=527933"}],"wp:term":[{"taxonomy":"category","embeddable":true,"href":"https:\/\/www.europesays.com\/fr\/wp-json\/wp\/v2\/categories?post=527933"},{"taxonomy":"post_tag","embeddable":true,"href":"https:\/\/www.europesays.com\/fr\/wp-json\/wp\/v2\/tags?post=527933"}],"curies":[{"name":"wp","href":"https:\/\/api.w.org\/{rel}","templated":true}]}}