{"id":527941,"date":"2025-11-11T21:08:14","date_gmt":"2025-11-11T21:08:14","guid":{"rendered":"https:\/\/www.europesays.com\/fr\/527941\/"},"modified":"2025-11-11T21:08:14","modified_gmt":"2025-11-11T21:08:14","slug":"asse-nancy-tres-remonte-lors-de-sa-venue-dans-le-chaudron","status":"publish","type":"post","link":"https:\/\/www.europesays.com\/fr\/527941\/","title":{"rendered":"ASSE : Nancy tr\u00e8s remont\u00e9 lors de sa venue dans le Chaudron"},"content":{"rendered":"<p><strong>Dans deux samedis, <a href=\"https:\/\/www.butfootballclub.fr\/627358-asse-le-recit-epouvantable-des-bagarres-entre-magic-fans-et-green-angels-a-troyes\/\" target=\"_blank\" rel=\"noopener\">l\u2019AS Saint-Etienne<\/a> accueillera Nancy en championnat. Les Lorrains sont en crise, leur entra\u00eeneur attend une r\u00e9action.<\/strong><\/p>\n<p>Apr\u00e8s sa victoire sur la pelouse du leader troyen (3-2), <a href=\"https:\/\/www.butfootballclub.fr\/627450-asse-excellente-nouvelle-pour-bernauer\/\" target=\"_blank\" rel=\"noopener\">l\u2019AS Saint-Etienne<\/a> est remont\u00e9e sur la 3e marche du podium de L2 et est revenue \u00e0 deux points de la t\u00eate. Dans deux samedis, elle devra confirmer ce succ\u00e8s face au promu nanc\u00e9ien, qui conna\u00eet une premi\u00e8re partie de saison compliqu\u00e9e (15e, 4 victoires, 3 nuls, 7 d\u00e9faites). Mais Eirik Horneland et ses hommes sont pr\u00e9venus : les Lorrains seront remont\u00e9s dans le Forez. Leur entra\u00eeneur, Pablo Correia, a tenu des propos forts apr\u00e8s leur revers \u00e0 domicile contre Laval (0-2) vendredi dernier.<\/p>\n<p>\u00ab\u00a0Il faudra une r\u00e9action\u00a0\u00bb<\/p>\n<p>\u00ab\u00a0Je ne sais pas si c\u2019est inqui\u00e9tant parce que c\u2019est la premi\u00e8re fois que je vois \u00e0 Picot une \u00e9quipe aussi \u00e0 l\u2019aise que \u00e7a. C\u2019est pour \u00e7a que je dis qu\u2019il faudra une r\u00e9action, une intervention parce l\u2019entraineur doit voir qui sont les joueurs qui sont capables d\u2019avancer dans une p\u00e9riode difficile. Il y a des joueurs qui ne sont pas au niveau auquel on les attendait.\u00a0\u00bb<\/p>\n<p>\u00ab\u00a0Il va falloir trouver un semblant d\u2019\u00e9quipe qui veut se battre et qui cr\u00e9e. Moi mon m\u00e9tier, c\u2019est de trouver les solutions. Je suis en partie responsable du r\u00e9sultat d\u2019aujourd\u2019hui. Je ne suis pas responsable des joueurs qui se cachent pour ne pas voir le ballon mais je suis une partie prenante des r\u00e9sultats aujourd\u2019hui. Probablement la plus grande partie. Si on fait une prestation comme \u00e7a, c\u2019est que je me suis tromp\u00e9 dans les choix des joueurs.\u00a0\u00bb<\/p>\n","protected":false},"excerpt":{"rendered":"Dans deux samedis, l\u2019AS Saint-Etienne accueillera Nancy en championnat. Les Lorrains sont en crise, leur entra\u00eeneur attend une&hellip;\n","protected":false},"author":2,"featured_media":527942,"comment_status":"","ping_status":"","sticky":false,"template":"","format":"standard","meta":{"footnotes":""},"categories":[9635],"tags":[1111,11,448,1777,674,63,1011,27,775,66,3388,1702,12,25,10662],"class_list":{"0":"post-527941","1":"post","2":"type-post","3":"status-publish","4":"format-standard","5":"has-post-thumbnail","7":"category-nancy","8":"tag-actu","9":"tag-actualites","10":"tag-champions-league","11":"tag-eu","12":"tag-europe","13":"tag-football","14":"tag-fr","15":"tag-france","16":"tag-grand-est","17":"tag-ligue-1","18":"tag-matchs","19":"tag-nancy","20":"tag-news","21":"tag-republique-francaise","22":"tag-transferts"},"share_on_mastodon":{"url":"https:\/\/pubeurope.com\/@fr\/115533113098696766","error":""},"_links":{"self":[{"href":"https:\/\/www.europesays.com\/fr\/wp-json\/wp\/v2\/posts\/527941","targetHints":{"allow":["GET"]}}],"collection":[{"href":"https:\/\/www.europesays.com\/fr\/wp-json\/wp\/v2\/posts"}],"about":[{"href":"https:\/\/www.europesays.com\/fr\/wp-json\/wp\/v2\/types\/post"}],"author":[{"embeddable":true,"href":"https:\/\/www.europesays.com\/fr\/wp-json\/wp\/v2\/users\/2"}],"replies":[{"embeddable":true,"href":"https:\/\/www.europesays.com\/fr\/wp-json\/wp\/v2\/comments?post=527941"}],"version-history":[{"count":0,"href":"https:\/\/www.europesays.com\/fr\/wp-json\/wp\/v2\/posts\/527941\/revisions"}],"wp:featuredmedia":[{"embeddable":true,"href":"https:\/\/www.europesays.com\/fr\/wp-json\/wp\/v2\/media\/527942"}],"wp:attachment":[{"href":"https:\/\/www.europesays.com\/fr\/wp-json\/wp\/v2\/media?parent=527941"}],"wp:term":[{"taxonomy":"category","embeddable":true,"href":"https:\/\/www.europesays.com\/fr\/wp-json\/wp\/v2\/categories?post=527941"},{"taxonomy":"post_tag","embeddable":true,"href":"https:\/\/www.europesays.com\/fr\/wp-json\/wp\/v2\/tags?post=527941"}],"curies":[{"name":"wp","href":"https:\/\/api.w.org\/{rel}","templated":true}]}}