{"id":527958,"date":"2025-11-11T21:20:12","date_gmt":"2025-11-11T21:20:12","guid":{"rendered":"https:\/\/www.europesays.com\/fr\/527958\/"},"modified":"2025-11-11T21:20:12","modified_gmt":"2025-11-11T21:20:12","slug":"municipales-2026-lecologiste-jeanne-barseghian-inaugure-son-quartier-general-a-strasbourg","status":"publish","type":"post","link":"https:\/\/www.europesays.com\/fr\/527958\/","title":{"rendered":"Municipales 2026. L\u2019\u00e9cologiste Jeanne Barseghian inaugure son quartier g\u00e9n\u00e9ral \u00e0 Strasbourg"},"content":{"rendered":"<p>\u00ab\u00a0Ce n\u2019est pas encore le d\u00e9but de la campagne\u00a0!\u00a0\u00bb, assure son directeur de\u2026 campagne, Silvio Philippe. \u00c0 entendre les militants scander \u00ab\u00a0Barseghian\u00a0! Barseghian\u00a0!\u00a0\u00bb face \u00e0 la maire sortante de Strasbourg, on se dit pourtant que \u00e7a y ressemble fort. \u00c0 tout le moins <a href=\"https:\/\/www.dna.fr\/p\/jeanne-barseghian\" target=\"_blank\" rel=\"noopener\">Jeanne Barseghian<\/a> et ses \u00e9quipes disposent d\u00e9sormais d\u2019un local quartier Gare (comme en 2020), au 26, rue d\u2019Obernai, dans ce qui \u00e9tait jusqu\u2019en juin un bureau de Poste.<\/p>\n<p>De quoi accueillir \u00ab\u00a0les trois salari\u00e9s engag\u00e9s sur la campagne\u00a0\u00bb, les\u00a0r\u00e9unions par\u00a0et les 17 groupes de travail qui phosphorent sur le programme \u00ab\u00a0en interaction avec les agoras\u00a0\u00bb. Le lieu sera ouvert sept jours sur sept \u00ab\u00a0pour permettre aux militants de pr\u00e9parer la victoire\u00a0\u00bb, esp\u00e8re Floriane Varieras.<\/p>\n<p>  \u00ab\u00a0Il faut que Strasbourg reste \u00e0 gauche\u00a0\u00bb<\/p>\n<p>Dans un contexte o\u00f9 la gauche avance d\u00e9sunie, au moins la maire sortante a-t-elle r\u00e9ussi <a href=\"https:\/\/www.dna.fr\/elections\/2025\/11\/08\/place-publique-s-engage-avec-barseghian\" target=\"_blank\" rel=\"noopener\">\u00e0 rallier les militants de Place publique<\/a> , nouvelle officialis\u00e9e le 8\u00a0novembre et dont attestait la pr\u00e9sence de Marina Lafay et Philippe Appel. Le s\u00e9nateur <a href=\"https:\/\/www.dna.fr\/p\/jacques-fernique\" target=\"_blank\" rel=\"noopener\">Jacques Fernique<\/a>\u00a0; la d\u00e9put\u00e9e <a href=\"https:\/\/www.dna.fr\/p\/sandra-regol\" target=\"_blank\" rel=\"noopener\">Sandra Regol<\/a>\u00a0; la conseill\u00e8re d\u2019Alsace Ludivine Quintallet\u00a0; la maire d\u2019Ostwald Fabienne Baas et sa \u00ab\u00a0dauphine\u00a0\u00bb Delphine Rideau\u00a0; des \u00e9lus \u00e9cologistes de Schiltigheim, Bischheim \u00e9taient pr\u00e9sents. \u00ab\u00a0Contrairement \u00e0 2020, nous n\u2019avons pas cherch\u00e9 de figures nationales. Mais il y aura d\u2019autres occasions\u00a0!\u00a0\u00bb, promet Silvio Philippe.<\/p>\n<p>Pour rappeler que l\u2019important, c\u2019est la base, plusieurs citoyens d\u00e9sireux de s\u2019engager ont pris la parole\u00a0: Seynabou Fall, f\u00e9rue de participation citoyenne\u00a0; Stanne Husson, engag\u00e9e pour les droits des personnes queer\u00a0; Zo\u00e9 Lehuger, 27 ans\u00a0; Miloudia Fites, investie au Neuhof\u00a0; Lucas-Baude Blumstein, \u00e9tudiant.<\/p>\n<p>\u00ab\u00a0Il faut que Strasbourg reste \u00e0 gauche, mais ce ne sera pas facile face aux apparatchiks du monde d\u2019avant\u00a0\u00bb, sait Floriane Varieras, englobant dans un m\u00eame tacle <a href=\"https:\/\/www.dna.fr\/p\/catherine-trautmann\" target=\"_blank\" rel=\"noopener\">Catherine Trautmann<\/a> (PS), <a href=\"https:\/\/www.dna.fr\/p\/pierre-jakubowicz\" target=\"_blank\" rel=\"noopener\">Pierre Jakubowicz<\/a> (Horizons) et <a href=\"https:\/\/www.dna.fr\/p\/jean-philippe-vetter\" target=\"_blank\" rel=\"noopener\">Jean-Philippe Vetter<\/a> (LR).<\/p>\n<p>\u00ab\u00a0Cette maison est la v\u00f4tre\u00a0! C\u2019est un \u00e9crin pour notre \u00e9nergie et notre d\u00e9termination\u00a0\u00bb, insiste Jeanne Barseghian. \u00ab\u00a0Dans un contexte national et international anxiog\u00e8ne, au nom de la justice sociale, des solidarit\u00e9s, de la d\u00e9mocratie, c\u2019est \u00e0 l\u2019\u00e9chelle locale que l\u2019on peut agir et que s\u2019invente l\u2019avenir\u00a0!\u00a0\u00bb, conclut-elle, bien d\u00e9cid\u00e9e \u00e0 \u00eatre la femme de la situation.<\/p>\n","protected":false},"excerpt":{"rendered":"\u00ab\u00a0Ce n\u2019est pas encore le d\u00e9but de la campagne\u00a0!\u00a0\u00bb, assure son directeur de\u2026 campagne, Silvio Philippe. \u00c0 entendre&hellip;\n","protected":false},"author":2,"featured_media":527959,"comment_status":"","ping_status":"","sticky":false,"template":"","format":"standard","meta":{"footnotes":""},"categories":[2820],"tags":[1111,11,2880,5949,4188,1777,674,107,1011,27,775,3539,12,316,25,640,2879],"class_list":{"0":"post-527958","1":"post","2":"type-post","3":"status-publish","4":"format-standard","5":"has-post-thumbnail","7":"category-strasbourg","8":"tag-actu","9":"tag-actualites","10":"tag-edition-strasbourg","11":"tag-elections","12":"tag-elections-municipales","13":"tag-eu","14":"tag-europe","15":"tag-fil-info","16":"tag-fr","17":"tag-france","18":"tag-grand-est","19":"tag-les-ecologistes","20":"tag-news","21":"tag-politique","22":"tag-republique-francaise","23":"tag-strasbourg","24":"tag-strasbourg-ville"},"share_on_mastodon":{"url":"https:\/\/pubeurope.com\/@fr\/115533160390963897","error":""},"_links":{"self":[{"href":"https:\/\/www.europesays.com\/fr\/wp-json\/wp\/v2\/posts\/527958","targetHints":{"allow":["GET"]}}],"collection":[{"href":"https:\/\/www.europesays.com\/fr\/wp-json\/wp\/v2\/posts"}],"about":[{"href":"https:\/\/www.europesays.com\/fr\/wp-json\/wp\/v2\/types\/post"}],"author":[{"embeddable":true,"href":"https:\/\/www.europesays.com\/fr\/wp-json\/wp\/v2\/users\/2"}],"replies":[{"embeddable":true,"href":"https:\/\/www.europesays.com\/fr\/wp-json\/wp\/v2\/comments?post=527958"}],"version-history":[{"count":0,"href":"https:\/\/www.europesays.com\/fr\/wp-json\/wp\/v2\/posts\/527958\/revisions"}],"wp:featuredmedia":[{"embeddable":true,"href":"https:\/\/www.europesays.com\/fr\/wp-json\/wp\/v2\/media\/527959"}],"wp:attachment":[{"href":"https:\/\/www.europesays.com\/fr\/wp-json\/wp\/v2\/media?parent=527958"}],"wp:term":[{"taxonomy":"category","embeddable":true,"href":"https:\/\/www.europesays.com\/fr\/wp-json\/wp\/v2\/categories?post=527958"},{"taxonomy":"post_tag","embeddable":true,"href":"https:\/\/www.europesays.com\/fr\/wp-json\/wp\/v2\/tags?post=527958"}],"curies":[{"name":"wp","href":"https:\/\/api.w.org\/{rel}","templated":true}]}}