{"id":527960,"date":"2025-11-11T21:21:12","date_gmt":"2025-11-11T21:21:12","guid":{"rendered":"https:\/\/www.europesays.com\/fr\/527960\/"},"modified":"2025-11-11T21:21:12","modified_gmt":"2025-11-11T21:21:12","slug":"francis-jordane-nous-a-quittes","status":"publish","type":"post","link":"https:\/\/www.europesays.com\/fr\/527960\/","title":{"rendered":"Francis Jordane nous a quitt\u00e9s"},"content":{"rendered":"<p class=\"chapo\">C\u2019est avec une vive \u00e9motion que nous avons appris le d\u00e9c\u00e8s de l\u2019ancien coach de la SIG Strasbourg et de l\u2019\u00e9quipe de France, Francis Jordane, \u00e0 l\u2019\u00e2ge de 79 ans. L\u2019ensemble du club a tient \u00e0 exprimer ses plus sinc\u00e8res condol\u00e9ances \u00e0 sa famille et ses proches.<\/p>\n<p class=\"text-align-justify\">Passionn\u00e9 de la balle orange et travailleur inv\u00e9t\u00e9r\u00e9, Francis Jordane cultivait l\u2019art de la m\u00e9ticulosit\u00e9 dans le travail. Arriv\u00e9 en 1971 en tant que coach \u00e0 la SIG qui descendait alors en Nationale 2 (\u00e9quivalent ProB), il a \u0153uvr\u00e9 au retour en premi\u00e8re division du club en 1974. Une seule saison au plus haut niveau avant des saison plus compliqu\u00e9es.<\/p>\n<p class=\"text-align-justify\">N\u00e9anmoins, c\u2019est encore lui qui, en 1981, est revenu aider le club en remportant directement le titre en Nationale 3, avant que s\u2019en suive une remont\u00e9e progressive vers les sommets.\u00a0Si l\u2019histoire avec la SIG s\u2019est arr\u00eat\u00e9e quelques temps plus tard, Francis Jordane a continu\u00e9 \u00e0 vivre de sa passion en \u00e9tant successivement assistant en \u00e9quipe de France de Jean Luent (84\/85) puis de Jean Galle (86 et 88) avant de prendre les reines de la s\u00e9lection nationale de 1988 \u00e0 1993. A sa t\u00eate l\u2019\u00e9quipe de France a particip\u00e9 \u00e0 3 championnats d\u2019Europe (89, 91 et 93).<\/p>\n<p class=\"text-align-justify\">Vivant \u00e0 Arles sur Tech, mais ayant toujours de nombreux contacts en Alsace, Francis Jordane a \u00e9t\u00e9 un riche contributeur du basket alsacien et national.<\/p>\n<p class=\"text-align-justify\">L\u2019ensemble de la SIG Strasbourg tient en ce jour partager ses plus sinc\u00e8res et profondes condol\u00e9ances \u00e0 sa famille et tient \u00e0 dire \u00f4 combien son nom sera toujours associ\u00e9 \u00e0 la grande histoire de notre club.<\/p>\n<p class=\"text-align-justify\">\u00a0<\/p>\n<p class=\"text-align-justify\">\u00a0<\/p>\n","protected":false},"excerpt":{"rendered":"C\u2019est avec une vive \u00e9motion que nous avons appris le d\u00e9c\u00e8s de l\u2019ancien coach de la SIG Strasbourg&hellip;\n","protected":false},"author":2,"featured_media":527843,"comment_status":"","ping_status":"","sticky":false,"template":"","format":"standard","meta":{"footnotes":""},"categories":[2820],"tags":[1111,11,3146,1777,674,1011,27,775,3145,12,25,3144,640],"class_list":{"0":"post-527960","1":"post","2":"type-post","3":"status-publish","4":"format-standard","5":"has-post-thumbnail","7":"category-strasbourg","8":"tag-actu","9":"tag-actualites","10":"tag-betclic-elite","11":"tag-eu","12":"tag-europe","13":"tag-fr","14":"tag-france","15":"tag-grand-est","16":"tag-lnb","17":"tag-news","18":"tag-republique-francaise","19":"tag-sig","20":"tag-strasbourg"},"share_on_mastodon":{"url":"https:\/\/pubeurope.com\/@fr\/115533164313715465","error":""},"_links":{"self":[{"href":"https:\/\/www.europesays.com\/fr\/wp-json\/wp\/v2\/posts\/527960","targetHints":{"allow":["GET"]}}],"collection":[{"href":"https:\/\/www.europesays.com\/fr\/wp-json\/wp\/v2\/posts"}],"about":[{"href":"https:\/\/www.europesays.com\/fr\/wp-json\/wp\/v2\/types\/post"}],"author":[{"embeddable":true,"href":"https:\/\/www.europesays.com\/fr\/wp-json\/wp\/v2\/users\/2"}],"replies":[{"embeddable":true,"href":"https:\/\/www.europesays.com\/fr\/wp-json\/wp\/v2\/comments?post=527960"}],"version-history":[{"count":0,"href":"https:\/\/www.europesays.com\/fr\/wp-json\/wp\/v2\/posts\/527960\/revisions"}],"wp:featuredmedia":[{"embeddable":true,"href":"https:\/\/www.europesays.com\/fr\/wp-json\/wp\/v2\/media\/527843"}],"wp:attachment":[{"href":"https:\/\/www.europesays.com\/fr\/wp-json\/wp\/v2\/media?parent=527960"}],"wp:term":[{"taxonomy":"category","embeddable":true,"href":"https:\/\/www.europesays.com\/fr\/wp-json\/wp\/v2\/categories?post=527960"},{"taxonomy":"post_tag","embeddable":true,"href":"https:\/\/www.europesays.com\/fr\/wp-json\/wp\/v2\/tags?post=527960"}],"curies":[{"name":"wp","href":"https:\/\/api.w.org\/{rel}","templated":true}]}}