{"id":527965,"date":"2025-11-11T21:24:11","date_gmt":"2025-11-11T21:24:11","guid":{"rendered":"https:\/\/www.europesays.com\/fr\/527965\/"},"modified":"2025-11-11T21:24:11","modified_gmt":"2025-11-11T21:24:11","slug":"en-conference-a-nantes-la-militante-lucie-pinson-racontera-ses-combats-pour-mettre-les-banques-au","status":"publish","type":"post","link":"https:\/\/www.europesays.com\/fr\/527965\/","title":{"rendered":"En conf\u00e9rence \u00e0 Nantes, la militante Lucie Pinson racontera ses combats pour mettre les banques au"},"content":{"rendered":"<p>\u00c0 la t\u00eate de l\u2019ONG Reclaim finance, qu\u2019elle a cr\u00e9\u00e9e en 2020 <a href=\"https:\/\/nantes.maville.com\/actu\/actudet_-portrait.-lucie-pinson-lutte-pour-mettre-les-banquiers-au-vert-_8-5548862_actu.Htm\" target=\"_self\" rel=\"noopener\">pour mettre les banques au service de la lutte contre le d\u00e9r\u00e8glement climatique<\/a>, Lucie Pinson donnera une conf\u00e9rence \u00e0 Nantes, mardi 18\u00a0novembre. Elle sera accompagn\u00e9e par Lionel Astruc, auteur du livre Activiste d\u2019\u00e9lite, m\u00e9thodes et victoires de Lucie Pinson contre la finance fossile (Actes Sud). L\u2019\u00e9v\u00e9nement est organis\u00e9 par le Coll\u00e8ge des transitions sociales.<\/p>\n<p>Laur\u00e9ate du prix Goldman, sorte de Nobel de l\u2019environnement, en 2020, Lucie Pinson <a href=\"https:\/\/nantes.maville.com\/actu\/actudet_-la-nantaise-lucie-pinson-ravie-d-etre-l-une-des-100-personnes-les-plus-influentes-sur-le-climat-_8-6032951_actu.Htm\" target=\"_self\" rel=\"noopener\">a \u00e9t\u00e9 class\u00e9e, en 2023, par le magazine Time parmi les cent personnes les plus influentes au monde pour le climat<\/a>. Originaire des Sorini\u00e8res, elle racontera <a href=\"https:\/\/nantes.maville.com\/actu\/actudet_-climat-les-banques-doivent-tenir-leurs-promesses-assene-lucie-pinson-de-reclaim-finance-_8-6122223_actu.Htm\" target=\"_self\" rel=\"noopener\">ses combats contre le financement de grands projets d\u2019infrastructures d\u2019\u00e9nergies fossiles<\/a>. En r\u00e9v\u00e9lant des informations ou encore en occupant les si\u00e8ges des banques, pour mettre leur r\u00e9putation en jeu et les contraindre \u00e0 agir.<\/p>\n<p><strong>Mardi 18\u00a0novembre<\/strong> <strong>,<\/strong> \u00e0 18\u00a0h\u00a030, \u00e0 la Manu, 10\u00a0bis, boulevard de Stalingrad, \u00e0 Nantes, Tram 1, arr\u00eat Manufacture, 5\u00a0\u20ac, inscription via <a href=\"https:\/\/www.helloasso.com\/associations\/college-des-transitions-societales\/evenements\/conference-de-lucie-pinson-lionel-astruc\" target=\"_blank\" rel=\"noopener\">HelloAsso<\/a> ou <a href=\"https:\/\/college-tes.fr\/lucie-pinson-et-lionel-astruc-en-conference\/\" target=\"_blank\" rel=\"noopener\">college-tes.fr.<\/a><\/p>\n<p>\u00a0<\/p>\n","protected":false},"excerpt":{"rendered":"\u00c0 la t\u00eate de l\u2019ONG Reclaim finance, qu\u2019elle a cr\u00e9\u00e9e en 2020 pour mettre les banques au service&hellip;\n","protected":false},"author":2,"featured_media":527966,"comment_status":"","ping_status":"","sticky":false,"template":"","format":"standard","meta":{"footnotes":""},"categories":[2818],"tags":[1111,11,4282,1129,15112,6211,1777,674,1011,27,64718,7557,26545,766,12,2636,64719,64720,25,3737],"class_list":{"0":"post-527965","1":"post","2":"type-post","3":"status-publish","4":"format-standard","5":"has-post-thumbnail","7":"category-nantes","8":"tag-actu","9":"tag-actualites","10":"tag-banques","11":"tag-climat","12":"tag-combats","13":"tag-conference","14":"tag-eu","15":"tag-europe","16":"tag-fr","17":"tag-france","18":"tag-lucie","19":"tag-mettre","20":"tag-militante","21":"tag-nantes","22":"tag-news","23":"tag-pays-de-la-loire","24":"tag-pinson","25":"tag-racontera","26":"tag-republique-francaise","27":"tag-service"},"share_on_mastodon":{"url":"https:\/\/pubeurope.com\/@fr\/115533176130079623","error":""},"_links":{"self":[{"href":"https:\/\/www.europesays.com\/fr\/wp-json\/wp\/v2\/posts\/527965","targetHints":{"allow":["GET"]}}],"collection":[{"href":"https:\/\/www.europesays.com\/fr\/wp-json\/wp\/v2\/posts"}],"about":[{"href":"https:\/\/www.europesays.com\/fr\/wp-json\/wp\/v2\/types\/post"}],"author":[{"embeddable":true,"href":"https:\/\/www.europesays.com\/fr\/wp-json\/wp\/v2\/users\/2"}],"replies":[{"embeddable":true,"href":"https:\/\/www.europesays.com\/fr\/wp-json\/wp\/v2\/comments?post=527965"}],"version-history":[{"count":0,"href":"https:\/\/www.europesays.com\/fr\/wp-json\/wp\/v2\/posts\/527965\/revisions"}],"wp:featuredmedia":[{"embeddable":true,"href":"https:\/\/www.europesays.com\/fr\/wp-json\/wp\/v2\/media\/527966"}],"wp:attachment":[{"href":"https:\/\/www.europesays.com\/fr\/wp-json\/wp\/v2\/media?parent=527965"}],"wp:term":[{"taxonomy":"category","embeddable":true,"href":"https:\/\/www.europesays.com\/fr\/wp-json\/wp\/v2\/categories?post=527965"},{"taxonomy":"post_tag","embeddable":true,"href":"https:\/\/www.europesays.com\/fr\/wp-json\/wp\/v2\/tags?post=527965"}],"curies":[{"name":"wp","href":"https:\/\/api.w.org\/{rel}","templated":true}]}}