{"id":527973,"date":"2025-11-11T21:28:12","date_gmt":"2025-11-11T21:28:12","guid":{"rendered":"https:\/\/www.europesays.com\/fr\/527973\/"},"modified":"2025-11-11T21:28:12","modified_gmt":"2025-11-11T21:28:12","slug":"salon-du-livre-jeunesse-mieux-vaut-en-lire-haute-garonne-pechbonnieu","status":"publish","type":"post","link":"https:\/\/www.europesays.com\/fr\/527973\/","title":{"rendered":"Salon du livre jeunesse : Mieux vaut en lire ! &#8211; Haute Garonne &#8211; Pechbonnieu"},"content":{"rendered":"<p>Le Salon du livre jeunesse revient cette ann\u00e9e pour sa 25e \u00e9dition sous le th\u00e8me habituel joyeux et malicieux \u00ab Mieux vaut en lire ! \u00bb. L\u2019\u00e9v\u00e9nement se tiendra dimanche 23 novembre 2025, de 10h \u00e0 18h, \u00e0 Pechbonnieu, dans les espaces de L\u2019Atelier et du Gymnase.<\/p>\n<p>Ce rendez-vous incontournable pour les jeunes lecteurs, leurs familles et les passionn\u00e9s de litt\u00e9rature jeunesse promet une journ\u00e9e riche en d\u00e9couvertes : rencontres avec des auteurs et illustrateurs, ateliers cr\u00e9atifs, s\u00e9ances de d\u00e9dicaces, et de nombreuses animations autour du livre.<\/p>\n<p class=\"signature\" itemscope=\"\" itemprop=\"Author\" itemtype=\"http:\/\/schema.org\/Person\">\n                mj\n            <\/p>\n","protected":false},"excerpt":{"rendered":"Le Salon du livre jeunesse revient cette ann\u00e9e pour sa 25e \u00e9dition sous le th\u00e8me habituel joyeux et&hellip;\n","protected":false},"author":2,"featured_media":395922,"comment_status":"","ping_status":"","sticky":false,"template":"","format":"standard","meta":{"footnotes":""},"categories":[2816],"tags":[1111,11,1777,674,1011,27,23720,12,2680,25,2312],"class_list":{"0":"post-527973","1":"post","2":"type-post","3":"status-publish","4":"format-standard","5":"has-post-thumbnail","7":"category-toulouse","8":"tag-actu","9":"tag-actualites","10":"tag-eu","11":"tag-europe","12":"tag-fr","13":"tag-france","14":"tag-internet-seulement","15":"tag-news","16":"tag-occitanie","17":"tag-republique-francaise","18":"tag-toulouse"},"share_on_mastodon":{"url":"https:\/\/pubeurope.com\/@fr\/115533192386123942","error":""},"_links":{"self":[{"href":"https:\/\/www.europesays.com\/fr\/wp-json\/wp\/v2\/posts\/527973","targetHints":{"allow":["GET"]}}],"collection":[{"href":"https:\/\/www.europesays.com\/fr\/wp-json\/wp\/v2\/posts"}],"about":[{"href":"https:\/\/www.europesays.com\/fr\/wp-json\/wp\/v2\/types\/post"}],"author":[{"embeddable":true,"href":"https:\/\/www.europesays.com\/fr\/wp-json\/wp\/v2\/users\/2"}],"replies":[{"embeddable":true,"href":"https:\/\/www.europesays.com\/fr\/wp-json\/wp\/v2\/comments?post=527973"}],"version-history":[{"count":0,"href":"https:\/\/www.europesays.com\/fr\/wp-json\/wp\/v2\/posts\/527973\/revisions"}],"wp:featuredmedia":[{"embeddable":true,"href":"https:\/\/www.europesays.com\/fr\/wp-json\/wp\/v2\/media\/395922"}],"wp:attachment":[{"href":"https:\/\/www.europesays.com\/fr\/wp-json\/wp\/v2\/media?parent=527973"}],"wp:term":[{"taxonomy":"category","embeddable":true,"href":"https:\/\/www.europesays.com\/fr\/wp-json\/wp\/v2\/categories?post=527973"},{"taxonomy":"post_tag","embeddable":true,"href":"https:\/\/www.europesays.com\/fr\/wp-json\/wp\/v2\/tags?post=527973"}],"curies":[{"name":"wp","href":"https:\/\/api.w.org\/{rel}","templated":true}]}}