{"id":527981,"date":"2025-11-11T21:34:17","date_gmt":"2025-11-11T21:34:17","guid":{"rendered":"https:\/\/www.europesays.com\/fr\/527981\/"},"modified":"2025-11-11T21:34:17","modified_gmt":"2025-11-11T21:34:17","slug":"lyon-parmi-les-collectivites-les-plus-engagees-dans-la-transition","status":"publish","type":"post","link":"https:\/\/www.europesays.com\/fr\/527981\/","title":{"rendered":"Lyon parmi les collectivit\u00e9s les plus engag\u00e9es dans la transition"},"content":{"rendered":"<p>La M\u00e9tropole de Lyon et la Ville de Lyon obtiennent le niveau \u00ab Gold \u00bb de l\u2019European Energy Award. Le Grand Lyon est le territoire le plus peupl\u00e9 d\u2019Europe \u00e0 \u00eatre labellis\u00e9 \u00abGold\u00bb<\/p>\n<p>L\u2019\u2019<strong>European Energy Award<\/strong> est la plus haute distinction europ\u00e9enne qui reconna\u00eet les <strong>collectivit\u00e9s les plus engag\u00e9es dans la transition \u00e9nerg\u00e9tique et climatique<\/strong>.<\/p>\n<p>Cette <strong>reconnaissance europ\u00e9enne<\/strong> intervient quelques mois apr\u00e8s l\u2019attribution, en juillet dernier, de la 5\u1d49 \u00e9toile du label national Climat-Air-\u00c9nergie (CAE) d\u00e9livr\u00e9 par la commission nationale du label, dans le cadre du programme <strong>Territoire Engag\u00e9 Transition \u00c9cologique<\/strong> de l\u2019<strong>ADEME<\/strong>.<\/p>\n<p>Ecoutez aussi<\/p>\n<p><a href=\"https:\/\/www.lyondemain.fr\/label-climat-air-energie\/\" target=\"_blank\" rel=\"noreferrer noopener\">Label Climat Air Energie : Ville et M\u00e9tropole d\u00e9crochent 5 \u00e9toiles<\/a><\/p>\n<p>Une \u00e9valuation de la qualit\u00e9 des politiques locales en mati\u00e8re de climat, d\u2019air et d\u2019\u00e9nergie<\/p>\n<p>Le <strong>label Climat-Air-\u00c9nergie<\/strong> \u00e9value, au niveau national, la <strong>qualit\u00e9 des politiques locales en mati\u00e8re de climat, d\u2019air et d\u2019\u00e9nergie<\/strong>. L\u2019<strong>European Energy Award<\/strong> en prolonge la d\u00e9marche \u00e0 l\u2019\u00e9chelle europ\u00e9enne, en distinguant les <strong>collectivit\u00e9s les plus exemplaires<\/strong>.<\/p>\n<p>\u00ab\u00a0Cette <strong>double labellisation (nationale et d\u00e9sormais europ\u00e9enne)<\/strong> salue l\u2019ambition et les <strong>r\u00e9sultats obtenus dans la mise en \u0153uvre des politiques climat, air et \u00e9nergie<\/strong> men\u00e9es conjointement par la <strong>M\u00e9tropole de Lyon<\/strong> et la <strong>Ville de Lyon<\/strong>. Elle traduit l\u2019<strong>engagement commun des deux collectivit\u00e9s<\/strong> \u00e0 r\u00e9duire les <strong>consommations d\u2019\u00e9nergie<\/strong>, les <strong>\u00e9missions de gaz \u00e0 effet de serre<\/strong>. Et \u00e0 acc\u00e9l\u00e9rer le <strong>d\u00e9veloppement des \u00e9nergies renouvelables et des mobilit\u00e9s durables<\/strong>\u00a0\u00bb commentent les deux collectivit\u00e9s.<\/p>\n<p>Ecoutez aussi :<\/p>\n<p><a href=\"https:\/\/www.lyondemain.fr\/ascend-europe-transition-ecologique\/\" target=\"_blank\" rel=\"noreferrer noopener\">Ascend : coop\u00e9ration europ\u00e9enne pour la transition<\/a><\/p>\n<p>Territoire le plus peupl\u00e9 d\u2019Europe \u00e0 \u00eatre labellis\u00e9 Gold par l\u2019European Energy Award<\/p>\n<p>La <strong>M\u00e9tropole de Lyon<\/strong>, avec plus de 1,4 millions d\u2019habitants, est le territoire le plus peupl\u00e9 d\u2019Europe \u00e0 \u00eatre labellis\u00e9<strong> Gold<\/strong>. La <strong>Ville de Lyon<\/strong> est, quant \u00e0 elle, la <strong>plus peupl\u00e9e des communes fran\u00e7aises labellis\u00e9es Gold<\/strong>. Et la <strong>2\u1d49 \u00e0 l\u2019\u00e9chelle europ\u00e9enne, derri\u00e8re Leipzig<\/strong>\u2026<\/p>\n<p>En France, <strong>93 collectivit\u00e9s<\/strong> ont obtenu un labal dans le cadre du <strong>European Energy Award<\/strong>. Dont <strong>19 au niveau Gold<\/strong>.<\/p>\n<p>La <strong>remise de ces distinctions<\/strong> aura lieu le 6 novembre \u00e0 <strong>Saas-Fee en Suisse, pour le label Gold de l\u2019European Energy Award (EEA)<\/strong>. Le 18 novembre <strong>\u00e0 Paris, au Salon des Maires et des collectivit\u00e9s locales, pour la remise officielle du label Climat-Air-\u00c9nergie 5 \u00e9toiles<\/strong>, d\u00e9cern\u00e9 par l\u2019ADEME.<\/p>\n<p>Pour consulter les r\u00e9sultats d\u00e9taill\u00e9s, c\u2019est <a href=\"https:\/\/www.european-energy-award.org\/eea-localgovernments\/eea-gold-municipalities\/\" target=\"_blank\" rel=\"noreferrer noopener\">ici<\/a>  <\/p>\n<p>Ecoutez aussi <\/p>\n<p><a href=\"https:\/\/www.lyondemain.fr\/chantier-bas-carbone-enedis-part-dieu\/\" target=\"_blank\" rel=\"noreferrer noopener\">Un chantier bas-carbone exp\u00e9riment\u00e9 \u00e0 la Part-Dieu<\/a><\/p>\n<p><img fetchpriority=\"high\" decoding=\"async\" width=\"1200\" height=\"675\" src=\"https:\/\/www.europesays.com\/fr\/wp-content\/uploads\/2025\/11\/transition.jpg\" alt=\"transition\" class=\"wp-image-252404\"  \/><br \/>\nJ\u2019aime \u00e7a\u00a0:<\/p>\n<p>J\u2019aime chargement\u2026<\/p>\n<p><a class=\"sd-link-color\"\/><\/p>\n<p>\n\tArticles similaires\n<\/p>\n<p>\t\t\t\t<img decoding=\"async\" src=\"https:\/\/www.europesays.com\/fr\/wp-content\/uploads\/2025\/11\/1762896857_714_7866158698e17e8ed633c05e8f8e7fe5d9e057ad78661c4dc34e413abb6b9f19\" alt=\"G\u00e9rald Bouchon\"\/><\/p>\n<p>Pionnier des radios libres, passionn\u00e9 de radio, journaliste et dirigeant de m\u00e9dias \u00e9co-responsables..<\/p>\n","protected":false},"excerpt":{"rendered":"La M\u00e9tropole de Lyon et la Ville de Lyon obtiennent le niveau \u00ab Gold \u00bb de l\u2019European Energy&hellip;\n","protected":false},"author":2,"featured_media":527982,"comment_status":"","ping_status":"","sticky":false,"template":"","format":"standard","meta":{"footnotes":""},"categories":[1889],"tags":[1111,11,18262,2965,2430,1129,1777,674,1011,27,2428,10510,12,7535,25,4426,3291],"class_list":{"0":"post-527981","1":"post","2":"type-post","3":"status-publish","4":"format-standard","5":"has-post-thumbnail","7":"category-lyon","8":"tag-actu","9":"tag-actualites","10":"tag-ademe","11":"tag-air","12":"tag-auvergne-rhone-alpes","13":"tag-climat","14":"tag-eu","15":"tag-europe","16":"tag-fr","17":"tag-france","18":"tag-lyon","19":"tag-metropole-de-lyon","20":"tag-news","21":"tag-recompenses","22":"tag-republique-francaise","23":"tag-transition-energetique","24":"tag-ville-de-lyon"},"share_on_mastodon":{"url":"https:\/\/pubeurope.com\/@fr\/115533216839938017","error":""},"_links":{"self":[{"href":"https:\/\/www.europesays.com\/fr\/wp-json\/wp\/v2\/posts\/527981","targetHints":{"allow":["GET"]}}],"collection":[{"href":"https:\/\/www.europesays.com\/fr\/wp-json\/wp\/v2\/posts"}],"about":[{"href":"https:\/\/www.europesays.com\/fr\/wp-json\/wp\/v2\/types\/post"}],"author":[{"embeddable":true,"href":"https:\/\/www.europesays.com\/fr\/wp-json\/wp\/v2\/users\/2"}],"replies":[{"embeddable":true,"href":"https:\/\/www.europesays.com\/fr\/wp-json\/wp\/v2\/comments?post=527981"}],"version-history":[{"count":0,"href":"https:\/\/www.europesays.com\/fr\/wp-json\/wp\/v2\/posts\/527981\/revisions"}],"wp:featuredmedia":[{"embeddable":true,"href":"https:\/\/www.europesays.com\/fr\/wp-json\/wp\/v2\/media\/527982"}],"wp:attachment":[{"href":"https:\/\/www.europesays.com\/fr\/wp-json\/wp\/v2\/media?parent=527981"}],"wp:term":[{"taxonomy":"category","embeddable":true,"href":"https:\/\/www.europesays.com\/fr\/wp-json\/wp\/v2\/categories?post=527981"},{"taxonomy":"post_tag","embeddable":true,"href":"https:\/\/www.europesays.com\/fr\/wp-json\/wp\/v2\/tags?post=527981"}],"curies":[{"name":"wp","href":"https:\/\/api.w.org\/{rel}","templated":true}]}}