{"id":527989,"date":"2025-11-11T21:39:21","date_gmt":"2025-11-11T21:39:21","guid":{"rendered":"https:\/\/www.europesays.com\/fr\/527989\/"},"modified":"2025-11-11T21:39:21","modified_gmt":"2025-11-11T21:39:21","slug":"paris-senthousiasme-encore-pendant-que-wall-street-doute-11-11-2025-a-1801","status":"publish","type":"post","link":"https:\/\/www.europesays.com\/fr\/527989\/","title":{"rendered":"Paris: s&rsquo;enthousiasme encore pendant que Wall Street doute &#8211; 11\/11\/2025 \u00e0 18:01"},"content":{"rendered":"<p>                                                                Apr\u00e8s avoir gagn\u00e9 1,3% hier, la Bourse de Paris double la mise en ce 11 novembre, concluant la s\u00e9ance sur un gain de 1,25%, \u00e0 81596points, tir\u00e9e par le secteur auto (+4,1% pour Stellantis et +3,3% pour Renault), sans oublier le luxe avec +3,7% pour Herm\u00e8s, +2,4% pour LVMH ou encore +2% pour Kering.<\/p>\n<p>L&rsquo;indice parisien r\u00e9alise en 48h une bien meilleure performance que le Nasdaq (-0,6% actuellement apr\u00e8s +2,3% hier) ou le S&amp;P500 (-0,2% apr\u00e8s +1,5% hier), alors que le pr\u00e9texte du rebond du d\u00e9but de la semaine r\u00e9side dans l&rsquo;optimisme li\u00e9 \u00e0 la cessation du &lsquo;shutdown&rsquo; aux Etats-Unis : le S\u00e9nat am\u00e9ricain s&rsquo;est prononc\u00e9 dans la nuit en faveur d&rsquo;un texte de loi visant \u00e0 mettre fin au blocage partiel des administrations f\u00e9d\u00e9rales apr\u00e8s 41 jours de paralysie.\n<\/p>\n<p>Le compromis qui met fin au &lsquo;shutdown&rsquo;, conclu par les s\u00e9nateurs \u00e0 60 voix pour et 40 contre, doit maintenant \u00eatre approuv\u00e9 par la Chambre des repr\u00e9sentants, o\u00f9 les r\u00e9publicains disposent de la majorit\u00e9, avant sa promulgation d\u00e9finitive par le pr\u00e9sident Donald Trump.\n<\/p>\n<p>&lsquo;Cela veut dire que le gouvernement am\u00e9ricain pourrait rouvrir d\u00e8s mercredi, apr\u00e8s le jour de l&rsquo;Armistice, si la Chambre des repr\u00e9sentants devait soutenir le texte qui vise \u00e0 financer les services publics&rsquo;, indique Kenneth Broux, le responsable de la recherche devises et taux \u00e0 la Soci\u00e9t\u00e9 G\u00e9n\u00e9rale, bas\u00e9 \u00e0 Londres.\n<\/p>\n<p>L&rsquo;accord permet d&rsquo;am\u00e9liorer les perspectives pour la croissance \u00e9conomique am\u00e9ricaine \u00e0 un moment, celui de la fin de l&rsquo;ann\u00e9e, o\u00f9 les march\u00e9s d&rsquo;actions am\u00e9ricains prennent g\u00e9n\u00e9ralement le chemin de la hausse, ce qui constitue un \u00e9l\u00e9ment porteur.\n<\/p>\n<p>La r\u00e9ouverture des services publics pourrait par ailleurs annoncer une d\u00e9ferlante de statistiques \u00e9conomiques dans les jours \u00e0 venir apr\u00e8s quasiment six semaines de disette. D&rsquo;apr\u00e8s Kenneth Broux, l&rsquo;analyste de SG, le D\u00e9partement am\u00e9ricain du travail pourrait publier le rapport sur l&#8217;emploi pour le mois de septembre d\u00e8s ce vendredi.\n<\/p>\n<p>Reste \u00e0 savoir si la fin du blocage budg\u00e9taire aux Etats-Unis permettra aux march\u00e9s boursiers mondiaux de se remettre sur de bons rails apr\u00e8s les tumultes de la semaine derni\u00e8re.<br \/>\n<br \/>Wall Street se montre beaucoup plus h\u00e9sitante que Paris : l&rsquo;indice VIX de la volatilit\u00e9, le barom\u00e8tre de la peur \u00e0 Wall Street, stagne vers 17,5 ce mardi (soit une baisse de 22% depuis les plus hauts de vendredi).\n<\/p>\n<p>&lsquo;Ce ne sont pas les niveaux de valorisation qui poussent les march\u00e9s en territoire baissier, ce sont les r\u00e9cessions&rsquo;, rappelait ce matin Neil Wilson, strat\u00e9giste chez Saxo Banque.\n<\/p>\n<p>&lsquo;C&rsquo;est la raison pour laquelle les cons\u00e9quences du &lsquo;shutdown&rsquo; commen\u00e7aient \u00e0 inqui\u00e9ter Wall Street&rsquo;, souligne-t-il.\n<\/p>\n<p>Sur le compartiment obligataire, on observe des variations assez paradoxales : le 30 ans se tend de +1Pt vers 4,712% mais le 10 ans efface -4Pts vers 4,0690%. En Europe, le Bund \u00e0 10 ans se d\u00e9tend de -1Pt \u00e0 2,655%, l&rsquo;OAT de m\u00eame \u00e9ch\u00e9ance, -1,7Pt \u00e0 3,422%.\n<\/p>\n<p>\u00c0 Londres, le Brent rebondit vigoureusement de 2%, \u00e0 65,2 USD le baril, le WTI de +1,7% \u00e9galement \u00e0 61 USD.<br \/>\n<br \/>L&rsquo;euro red\u00e9colle de +0,3% face au billet vert, \u00e0 1,16 USD, l&rsquo;or reste stable vers 4110 USD\/Oz.\n<\/p>\n<p>Dans l&rsquo;actualit\u00e9 des soci\u00e9t\u00e9s tricolores, TotalEnergies, op\u00e9rateur avec une participation de 40%, annonce la signature d&rsquo;un contrat de partage de production pour le bloc S4 avec le minist\u00e8re des Ressources naturelles du Guyana, aux c\u00f4t\u00e9s de ses partenaires QatarEnergy (35%) et Petronas (25%).\n<\/p>\n<p>Medincell a annonc\u00e9 hier soir son inclusion dans l&rsquo;indice MSCI World Small Cap \u00e0 compter du 24 novembre 2025. Cet indice regroupe les soci\u00e9t\u00e9s \u00e0 petite capitalisation les plus liquides et performantes de 23 march\u00e9s d\u00e9velopp\u00e9s.\n<\/p>\n<p>La soci\u00e9t\u00e9 de private equity Audacia annonce un partenariat avec l&rsquo;OEuvre nationale du Bleuet de France, &lsquo;symbole national de la m\u00e9moire et de la solidarit\u00e9 envers le monde combattant&rsquo;, via son nouveau fonds d\u00e9di\u00e9 \u00e0 la d\u00e9fense et \u00e0 la souverainet\u00e9 industrielle, Straton.<\/p>\n","protected":false},"excerpt":{"rendered":"Apr\u00e8s avoir gagn\u00e9 1,3% hier, la Bourse de Paris double la mise en ce 11 novembre, concluant la&hellip;\n","protected":false},"author":2,"featured_media":9135,"comment_status":"","ping_status":"","sticky":false,"template":"","format":"standard","meta":{"footnotes":""},"categories":[1888],"tags":[400,1111,1928,11,1927,398,408,405,1777,674,1011,27,403,402,399,404,12,1926,626,1925,25,401,406,407],"class_list":{"0":"post-527989","1":"post","2":"type-post","3":"status-publish","4":"format-standard","5":"has-post-thumbnail","7":"category-paris","8":"tag-action-cac-40","9":"tag-actu","10":"tag-actu-paris","11":"tag-actualites","12":"tag-actualites-paris","13":"tag-bourse-de-paris","14":"tag-boursorama","15":"tag-cotations","16":"tag-eu","17":"tag-europe","18":"tag-fr","19":"tag-france","20":"tag-indices-devises","21":"tag-investir","22":"tag-investissement","23":"tag-marche-boursier","24":"tag-news","25":"tag-news-paris","26":"tag-paris","27":"tag-paris-news","28":"tag-republique-francaise","29":"tag-sicav","30":"tag-trackers","31":"tag-warrants"},"share_on_mastodon":{"url":"https:\/\/pubeurope.com\/@fr\/115533235133940534","error":""},"_links":{"self":[{"href":"https:\/\/www.europesays.com\/fr\/wp-json\/wp\/v2\/posts\/527989","targetHints":{"allow":["GET"]}}],"collection":[{"href":"https:\/\/www.europesays.com\/fr\/wp-json\/wp\/v2\/posts"}],"about":[{"href":"https:\/\/www.europesays.com\/fr\/wp-json\/wp\/v2\/types\/post"}],"author":[{"embeddable":true,"href":"https:\/\/www.europesays.com\/fr\/wp-json\/wp\/v2\/users\/2"}],"replies":[{"embeddable":true,"href":"https:\/\/www.europesays.com\/fr\/wp-json\/wp\/v2\/comments?post=527989"}],"version-history":[{"count":0,"href":"https:\/\/www.europesays.com\/fr\/wp-json\/wp\/v2\/posts\/527989\/revisions"}],"wp:featuredmedia":[{"embeddable":true,"href":"https:\/\/www.europesays.com\/fr\/wp-json\/wp\/v2\/media\/9135"}],"wp:attachment":[{"href":"https:\/\/www.europesays.com\/fr\/wp-json\/wp\/v2\/media?parent=527989"}],"wp:term":[{"taxonomy":"category","embeddable":true,"href":"https:\/\/www.europesays.com\/fr\/wp-json\/wp\/v2\/categories?post=527989"},{"taxonomy":"post_tag","embeddable":true,"href":"https:\/\/www.europesays.com\/fr\/wp-json\/wp\/v2\/tags?post=527989"}],"curies":[{"name":"wp","href":"https:\/\/api.w.org\/{rel}","templated":true}]}}