{"id":527998,"date":"2025-11-11T21:44:15","date_gmt":"2025-11-11T21:44:15","guid":{"rendered":"https:\/\/www.europesays.com\/fr\/527998\/"},"modified":"2025-11-11T21:44:15","modified_gmt":"2025-11-11T21:44:15","slug":"exclusif-les-amazones-du-mossad-adapte-en-serie-tv-aux-usa-la-lettre-de-laudiovisuel","status":"publish","type":"post","link":"https:\/\/www.europesays.com\/fr\/527998\/","title":{"rendered":"EXCLUSIF \u2013 \u00abLes Amazones du Mossad\u00bb adapt\u00e9 en s\u00e9rie TV aux USA \u2013 La lettre de l&rsquo;audiovisuel"},"content":{"rendered":"<p>Initialement paru en 2022, ce livre de Michel Bar-Zohar et Nissim Mish&rsquo;al sur les espionnes du Mossad va sortir en Poche et est en cours d&rsquo;adaptation pour une s\u00e9rie t\u00e9l\u00e9vis\u00e9e \u00e0 Hollywood. Michel Bar-Zohar, ex-d\u00e9put\u00e9 et ancien conseiller du ministre de la D\u00e9fense isra\u00e9lien, et Nissim Mish&rsquo;al, journaliste politique en Isra\u00ebl, ancien correspondant de la [\u2026]<\/p>\n","protected":false},"excerpt":{"rendered":"Initialement paru en 2022, ce livre de Michel Bar-Zohar et Nissim Mish&rsquo;al sur les espionnes du Mossad va&hellip;\n","protected":false},"author":2,"featured_media":527999,"comment_status":"","ping_status":"","sticky":false,"template":"","format":"standard","meta":{"footnotes":""},"categories":[1589],"tags":[11,73,1866,12,1864,1865,1863,308],"class_list":{"0":"post-527998","1":"post","2":"type-post","3":"status-publish","4":"format-standard","5":"has-post-thumbnail","7":"category-etats-unis","8":"tag-actualites","9":"tag-etats-unis","10":"tag-etats-unis-damerique","11":"tag-news","12":"tag-united-states","13":"tag-united-states-of-america","14":"tag-us","15":"tag-usa"},"share_on_mastodon":{"url":"https:\/\/pubeurope.com\/@fr\/115533254998224525","error":""},"_links":{"self":[{"href":"https:\/\/www.europesays.com\/fr\/wp-json\/wp\/v2\/posts\/527998","targetHints":{"allow":["GET"]}}],"collection":[{"href":"https:\/\/www.europesays.com\/fr\/wp-json\/wp\/v2\/posts"}],"about":[{"href":"https:\/\/www.europesays.com\/fr\/wp-json\/wp\/v2\/types\/post"}],"author":[{"embeddable":true,"href":"https:\/\/www.europesays.com\/fr\/wp-json\/wp\/v2\/users\/2"}],"replies":[{"embeddable":true,"href":"https:\/\/www.europesays.com\/fr\/wp-json\/wp\/v2\/comments?post=527998"}],"version-history":[{"count":0,"href":"https:\/\/www.europesays.com\/fr\/wp-json\/wp\/v2\/posts\/527998\/revisions"}],"wp:featuredmedia":[{"embeddable":true,"href":"https:\/\/www.europesays.com\/fr\/wp-json\/wp\/v2\/media\/527999"}],"wp:attachment":[{"href":"https:\/\/www.europesays.com\/fr\/wp-json\/wp\/v2\/media?parent=527998"}],"wp:term":[{"taxonomy":"category","embeddable":true,"href":"https:\/\/www.europesays.com\/fr\/wp-json\/wp\/v2\/categories?post=527998"},{"taxonomy":"post_tag","embeddable":true,"href":"https:\/\/www.europesays.com\/fr\/wp-json\/wp\/v2\/tags?post=527998"}],"curies":[{"name":"wp","href":"https:\/\/api.w.org\/{rel}","templated":true}]}}