{"id":528020,"date":"2025-11-11T21:56:16","date_gmt":"2025-11-11T21:56:16","guid":{"rendered":"https:\/\/www.europesays.com\/fr\/528020\/"},"modified":"2025-11-11T21:56:16","modified_gmt":"2025-11-11T21:56:16","slug":"coupe-davis-moutet-mpetshi-perricard-et-bonzi-seront-a-bologne-sports","status":"publish","type":"post","link":"https:\/\/www.europesays.com\/fr\/528020\/","title":{"rendered":"Coupe Davis : Moutet, Mpetshi Perricard et Bonzi seront \u00e0 Bologne : Sports"},"content":{"rendered":"<p class=\"date\">\n                                                            Aur\u00e9lie Sacchelli, Media365, publi\u00e9 le mardi 11 novembre 2025 \u00e0 17h50\n                                                    <\/p>\n<p>La F\u00e9d\u00e9ration fran\u00e7aise de tennis a publi\u00e9 une vid\u00e9o de la pr\u00e9paration de l&rsquo;\u00e9quipe de France de tennis pour la Coupe Davis, dans laquelle on aper\u00e7oit Corentin Moutet, Benjamin Bonzi et Giovanni Mpetshi Perricard. Ugo Humbert, bless\u00e9 au dos, est donc forfait.<\/p>\n<p>Si les passionn\u00e9s de tennis masculin ont les yeux riv\u00e9s sur Turin, o\u00f9 se d\u00e9roule cette semaine le Masters ATP, c&rsquo;est \u00e0 Bologne que se donneront rendez-vous certains des meilleurs joueurs du monde la semaine prochaine. La phase finale de la Coupe Davis se d\u00e9roulera en effet dans la ville italienne, avec les quarts de finale pr\u00e9vus de mardi \u00e0 jeudi, les demies vendredi et samedi, et la finale dimanche. <strong>Pour son premier quart de finale depuis la mise en place de la nouvelle formule en 2019, l&rsquo;\u00e9quipe de France d\u00e9fiera la Belgique mardi \u00e0 partir de 16h00.<\/strong> Le 20 octobre dernier, le capitaine des Bleus Paul-Henri Mathieu avait choisi de s\u00e9lectionner quatre hommes et d&rsquo;attendre le dernier moment pour appeler un cinqui\u00e8me joueur. Les quatre heureux \u00e9lus \u00e9taient Arthur Rinderknech (qui a fini la saison 29e mondial), Ugo Humbert (37e), Benjamin Bonzi (94e) et Pierre-Hugues Herbert (65e en double).<\/p>\n<p>Moutet et Mpetshi Perricard en renfort<\/p>\n<p>On connait depuis ce mardi qui seront finalement les Bleus qui s&rsquo;envoleront pour Bologne, gr\u00e2ce \u00e0 la vid\u00e9o publi\u00e9e par la F\u00e9d\u00e9ration fran\u00e7aise tennis d\u00e9voilant les coulisses de la pr\u00e9paration des joueurs, qui sont r\u00e9unis depuis lundi au Centre national d&rsquo;entra\u00eenement, pr\u00e8s de Roland-Garros. Et Ugo Humbert est absent. <strong>Demi-finaliste \u00e0 B\u00e2le, le Messin n&rsquo;a plus jou\u00e9 depuis en raison d&rsquo;une blessure au dos. Il est d\u00e9sormais tourn\u00e9 vers 2026.<\/strong> Corentin Moutet (35e), le rempla\u00e7ant de Humbert, Giovanni Mpetshi Perricard (59e), le cinqui\u00e8me homme, sont en revanche bien pr\u00e9sents, tout comme Benjamin Bonzi, qui s&rsquo;\u00e9tait bless\u00e9 \u00e0 la cuisse le 17 octobre \u00e0 Bruxelles et n&rsquo;a plus jou\u00e9 depuis, mais qui semble donc r\u00e9tabli. Le Gardois, s&rsquo;il est bel et bien en forme, sera align\u00e9 en double aux c\u00f4t\u00e9s de Pierre-Hugues Herbert (qui l&rsquo;a emport\u00e9 \u00e0 Metz avec Quentin Halys).<\/p>\n<p>Des Bleus pas tr\u00e8s en forme<\/p>\n<p>Et pourquoi la FFT n&rsquo;a-t-elle pas annonc\u00e9 officiellement cette nouvelle s\u00e9lection de cinq joueurs ? R\u00e9ponse du capitaine : \u00ab\u00a0<strong>J&rsquo;ai le droit \u00e0 seulement trois changements, donc s&rsquo;il y a des joueurs que j&rsquo;ai chang\u00e9 qui se blessent dans cette p\u00e9riode d&rsquo;entra\u00eenement, je n&rsquo;aurai plus le droit \u00e0 des changements<\/strong>\u00ab\u00a0.\u00a0Reste \u00e0 savoir qui Paul-Henri Mathieu alignera en simple. Arthur Rinderknech a certes disput\u00e9 la finale du Masters 1000 de Shanghai en octobre, mais n&rsquo;a gagn\u00e9 qu&rsquo;un match depuis et Corentin Moutet a \u00e9t\u00e9 \u00e9limin\u00e9 en seizi\u00e8mes de finale au Rolex Paris Masters puis d&rsquo;entr\u00e9e de jeu \u00e0 Metz. Quant \u00e0 Giovanni Mpetshi Perricard, dont le service peut faire d&rsquo;immenses d\u00e9g\u00e2ts en salle, il n&rsquo;a plus gagn\u00e9 un match depuis sa demi-finale \u00e0 Bruxelles. Esp\u00e9rons que cette semaine d&rsquo;entra\u00eenement va permettre aux Bleus de se remettre sur pied, avant d&rsquo;aller d\u00e9fier les Belges, qui pourront compter sur Zizou Bergs (43e), Raphael Collignon (74e), Alexander Blockx (101e), Sander Gille (49e en double) et Joran Vliegen (66e en double). Le vainqueur de cette rencontre affrontera l&rsquo;Italie ou l&rsquo;Autriche.<\/p>\n","protected":false},"excerpt":{"rendered":"Aur\u00e9lie Sacchelli, Media365, publi\u00e9 le mardi 11 novembre 2025 \u00e0 17h50 La F\u00e9d\u00e9ration fran\u00e7aise de tennis a publi\u00e9&hellip;\n","protected":false},"author":2,"featured_media":528021,"comment_status":"","ping_status":"","sticky":false,"template":"","format":"standard","meta":{"footnotes":""},"categories":[1415],"tags":[1011,27,60,1467],"class_list":{"0":"post-528020","1":"post","2":"type-post","3":"status-publish","4":"format-standard","5":"has-post-thumbnail","7":"category-tennis","8":"tag-fr","9":"tag-france","10":"tag-sports","11":"tag-tennis"},"share_on_mastodon":{"url":"https:\/\/pubeurope.com\/@fr\/115533301838330483","error":""},"_links":{"self":[{"href":"https:\/\/www.europesays.com\/fr\/wp-json\/wp\/v2\/posts\/528020","targetHints":{"allow":["GET"]}}],"collection":[{"href":"https:\/\/www.europesays.com\/fr\/wp-json\/wp\/v2\/posts"}],"about":[{"href":"https:\/\/www.europesays.com\/fr\/wp-json\/wp\/v2\/types\/post"}],"author":[{"embeddable":true,"href":"https:\/\/www.europesays.com\/fr\/wp-json\/wp\/v2\/users\/2"}],"replies":[{"embeddable":true,"href":"https:\/\/www.europesays.com\/fr\/wp-json\/wp\/v2\/comments?post=528020"}],"version-history":[{"count":0,"href":"https:\/\/www.europesays.com\/fr\/wp-json\/wp\/v2\/posts\/528020\/revisions"}],"wp:featuredmedia":[{"embeddable":true,"href":"https:\/\/www.europesays.com\/fr\/wp-json\/wp\/v2\/media\/528021"}],"wp:attachment":[{"href":"https:\/\/www.europesays.com\/fr\/wp-json\/wp\/v2\/media?parent=528020"}],"wp:term":[{"taxonomy":"category","embeddable":true,"href":"https:\/\/www.europesays.com\/fr\/wp-json\/wp\/v2\/categories?post=528020"},{"taxonomy":"post_tag","embeddable":true,"href":"https:\/\/www.europesays.com\/fr\/wp-json\/wp\/v2\/tags?post=528020"}],"curies":[{"name":"wp","href":"https:\/\/api.w.org\/{rel}","templated":true}]}}