{"id":528025,"date":"2025-11-11T22:03:14","date_gmt":"2025-11-11T22:03:14","guid":{"rendered":"https:\/\/www.europesays.com\/fr\/528025\/"},"modified":"2025-11-11T22:03:14","modified_gmt":"2025-11-11T22:03:14","slug":"un-petit-jeune-avec-moi-pour-les-sous-enora-malagre-parle-de-son-couple-et-ca-decoiffe","status":"publish","type":"post","link":"https:\/\/www.europesays.com\/fr\/528025\/","title":{"rendered":"\u00ab\u00a0Un petit jeune avec moi pour les sous&#8230;\u00a0\u00bb : Enora Malagr\u00e9 parle de son couple et \u00e7a d\u00e9coiffe"},"content":{"rendered":"<p class=\"p1\">Enora Malagr\u00e9 est <strong>de retour sur<br \/>\nsc\u00e8ne<\/strong>. Un an apr\u00e8s Vive le vent, la com\u00e9dienne<br \/>\nest \u00e0 l\u2019affiche de la pi\u00e8ce La soir\u00e9e avait si bien<br \/>\ncommenc\u00e9 au th\u00e9\u00e2tre de Passy. Pour l\u2019occasion, elle est venue<br \/>\nfaire sa promotion sur le plateau du Buzz TV du Figaro, le<br \/>\nmercredi 5 novembre.<\/p>\n<p class=\"p1\">Durant l\u2019\u00e9mission, Enora Malagr\u00e9 a \u00e9t\u00e9 interrog\u00e9e sur<br \/>\n<strong>l\u2019impact de sa notori\u00e9t\u00e9 sur ses histoires<br \/>\nd\u2019amour<\/strong>. \u201cEst-ce que c\u2019est plus facile d\u2019\u00eatre en<br \/>\ncouple quand on est connue comme vous ?\u201d, lui a demand\u00e9 Damien<br \/>\nCanivez. \u201cJe ne suis pas Madonna non plus ! Mais non,<br \/>\nfatalement\u201d, a alors r\u00e9pondu <a href=\"https:\/\/www.closermag.fr\/tv_tele_realite\/la-gourde-la-sexy-lhysterique-les-tres-mauvais-souvenirs-denora-malagre-sur-ses-annees-avec-cyril-hanouna-3568685\" target=\"_blank\" rel=\"noopener\"><br \/>\nl\u00a0\u00bbancienne chroniqueuse de Cyril Hanouna<\/a>.<\/p>\n<p>Enora Malagr\u00e9 \u00e9voque l\u2019une de ses relations<\/p>\n<p class=\"p1\">Pour Enora Malagr\u00e9, la notori\u00e9t\u00e9 a parfois eu<br \/>\n<strong>un impact n\u00e9gatif<\/strong> dans ses relations. \u201cC\u2019est<br \/>\nplus facile aujourd\u2019hui, parce que les projecteurs sont un peu<br \/>\nmoins braqu\u00e9s, encore que, un peu\u201d, a-t-elle d\u2019abord confi\u00e9.<br \/>\nElle s\u2019est cependant souvenue : \u201cJ\u2019avais eu, fut un temps, un<br \/>\npetit jeune qui \u00e9tait avec moi pour les sous\u201d.<\/p>\n<p class=\"p1\">Celle qui a <a href=\"https:\/\/www.telestar.fr\/people\/tout-est-parti-enora-malagre-panier-perce-elle-evoque-ses-soucis-financiers-sans-tabou-1744649\" target=\"_blank\" rel=\"noopener\"><br \/>\nrencontr\u00e9 des probl\u00e8mes d\u2019argent<\/a> a expliqu\u00e9 que <strong>cette<br \/>\nrelation avait \u00e9t\u00e9 tr\u00e8s br\u00e8ve<\/strong>. \u201cQuand il a vu qu\u2019il<br \/>\nn\u2019y en avait pas, que j\u2019avais tout d\u00e9pens\u00e9, il est parti\u201d,<br \/>\ns\u2019est-elle amus\u00e9e. Et d\u2019ajouter avec humour : \u201cFinalement, on<br \/>\nne l\u2019a plus revu\u201d. Une preuve que cette personne ne<br \/>\ns\u2019int\u00e9ressait \u00e0 elle que pour <strong>sa situation<br \/>\nfinanci\u00e8re<\/strong>.<\/p>\n<p>La com\u00e9dienne partage sa vie avec<br \/>\nHugo Vitrani<\/p>\n<p class=\"p1\">Le quotidien d\u2019Enora Malagr\u00e9 \u00e9tant particulier, les<br \/>\nhommes qui ont partag\u00e9 sa vie ont d\u00fb <strong>s\u2019adapter<\/strong>.<br \/>\nElle a ainsi indiqu\u00e9 \u00e0 ce propos : \u201cC\u2019est forc\u00e9ment une vie<br \/>\nextraordinaire. Donc, il faut quelqu\u2019un qui puisse comprendre \u00e7a.<br \/>\nMais \u00e7a se trouve assez facilement. Je crois qu\u2019aujourd\u2019hui, on a<br \/>\ntous des vies tr\u00e8s multiples\u201d.<\/p>\n<p class=\"p1\">Finalement, la femme de 45 ans a ajout\u00e9 : \u201cEn<br \/>\ntout cas, moi j\u2019ai trouv\u00e9 quelqu\u2019un qui accepte\u201d. Depuis<br \/>\nplusieurs ann\u00e9es, elle partage effectivement sa vie avec<br \/>\n<strong>Hugo Vitrani<\/strong>. L\u2019homme qui travaille comme<br \/>\n<strong>conservateur g\u00e9n\u00e9ral au Palais de Tokyo<\/strong>, \u00e0 Paris,<br \/>\nlui a m\u00eame <a href=\"https:\/\/www.closermag.fr\/people\/enora-malagre-fiancee-elle-a-dit-oui-a-son-cheri-hugo-vitrani-1724040\" target=\"_blank\" rel=\"noopener\"><br \/>\nfait sa demande en mariage<\/a> en 2023. Une belle relation qu\u2019elle<br \/>\ntient cependant \u00e0 pr\u00e9server de la m\u00e9diatisation.<\/p>\n","protected":false},"excerpt":{"rendered":"Enora Malagr\u00e9 est de retour sur sc\u00e8ne. Un an apr\u00e8s Vive le vent, la com\u00e9dienne est \u00e0 l\u2019affiche&hellip;\n","protected":false},"author":2,"featured_media":528026,"comment_status":"","ping_status":"","sticky":false,"template":"","format":"standard","meta":{"footnotes":""},"categories":[1359],"tags":[58,13216,59,1011,27,973],"class_list":{"0":"post-528025","1":"post","2":"type-post","3":"status-publish","4":"format-standard","5":"has-post-thumbnail","7":"category-people","8":"tag-divertissement","9":"tag-enora-malagre","10":"tag-entertainment","11":"tag-fr","12":"tag-france","13":"tag-people"},"share_on_mastodon":{"url":"https:\/\/pubeurope.com\/@fr\/115533329457254403","error":""},"_links":{"self":[{"href":"https:\/\/www.europesays.com\/fr\/wp-json\/wp\/v2\/posts\/528025","targetHints":{"allow":["GET"]}}],"collection":[{"href":"https:\/\/www.europesays.com\/fr\/wp-json\/wp\/v2\/posts"}],"about":[{"href":"https:\/\/www.europesays.com\/fr\/wp-json\/wp\/v2\/types\/post"}],"author":[{"embeddable":true,"href":"https:\/\/www.europesays.com\/fr\/wp-json\/wp\/v2\/users\/2"}],"replies":[{"embeddable":true,"href":"https:\/\/www.europesays.com\/fr\/wp-json\/wp\/v2\/comments?post=528025"}],"version-history":[{"count":0,"href":"https:\/\/www.europesays.com\/fr\/wp-json\/wp\/v2\/posts\/528025\/revisions"}],"wp:featuredmedia":[{"embeddable":true,"href":"https:\/\/www.europesays.com\/fr\/wp-json\/wp\/v2\/media\/528026"}],"wp:attachment":[{"href":"https:\/\/www.europesays.com\/fr\/wp-json\/wp\/v2\/media?parent=528025"}],"wp:term":[{"taxonomy":"category","embeddable":true,"href":"https:\/\/www.europesays.com\/fr\/wp-json\/wp\/v2\/categories?post=528025"},{"taxonomy":"post_tag","embeddable":true,"href":"https:\/\/www.europesays.com\/fr\/wp-json\/wp\/v2\/tags?post=528025"}],"curies":[{"name":"wp","href":"https:\/\/api.w.org\/{rel}","templated":true}]}}