{"id":528027,"date":"2025-11-11T22:04:13","date_gmt":"2025-11-11T22:04:13","guid":{"rendered":"https:\/\/www.europesays.com\/fr\/528027\/"},"modified":"2025-11-11T22:04:13","modified_gmt":"2025-11-11T22:04:13","slug":"les-cadres-gault-continuent-de-rayonner-dans-le-monde","status":"publish","type":"post","link":"https:\/\/www.europesays.com\/fr\/528027\/","title":{"rendered":"les Cadres Gault continuent de rayonner dans le monde"},"content":{"rendered":"<p>L\u2019histoire des Cadres Gault, bien que la soci\u00e9t\u00e9 soit implant\u00e9e au sein de la commune d\u2019\u00c9cuisses depuis 1954, est n\u00e9e en 1880 \u00e0 Paris, \u00e0 4 heures et 370 kilom\u00e8tres de la route du Canal. Fond\u00e9e par \u00c9mile Gault dans la capitale, la petite entreprise s\u2019est d\u2019abord install\u00e9e rue Bichat puis rue Bonaparte avant de d\u00e9m\u00e9nager dans le d\u00e9partement. \u00ab\u00a0Le fondateur poss\u00e9dait une maison de famille dans le coin, et il y avait plus de place ici\u00a0\u00bb, rembobine Fr\u00e9d\u00e9ric Richard, \u00e0 la t\u00eate des Cadres Gault depuis 2011.<\/p>\n<p>Des gestes ancestraux, vieux de plus d\u2019un si\u00e8cle<\/p>\n<p>Aussi, depuis plus de 70 ans, l\u2019entreprise continue de r\u00e9aliser des cadres sur mesure dans son usine \u00e9cuissoise, <a href=\"https:\/\/www.lejsl.com\/edition-le-creusot\/2015\/01\/28\/l-art-d-etre-chic-et-choc\" target=\"_blank\" rel=\"nofollow noopener\">perp\u00e9tuant un savoir-faire vieux de plus d\u2019un si\u00e8cle<\/a> , durant lequel les gestes n\u2019ont gu\u00e8re chang\u00e9. \u00ab\u00a0Nous sommes capables de faire tous types de cadres, mais aussi de r\u00e9pondre aux demandes sp\u00e9cifiques\u00a0: incrustations d\u2019inox, d\u2019\u00e9cailles de tortue,\u00a0etc.\u00a0\u00bb, sourit S\u00e9bastien Pallastrelli, menuisier-\u00e9b\u00e9niste au sein des Cadres Gault&#8230;<\/p>\n","protected":false},"excerpt":{"rendered":"L\u2019histoire des Cadres Gault, bien que la soci\u00e9t\u00e9 soit implant\u00e9e au sein de la commune d\u2019\u00c9cuisses depuis 1954,&hellip;\n","protected":false},"author":2,"featured_media":528028,"comment_status":"","ping_status":"","sticky":false,"template":"","format":"standard","meta":{"footnotes":""},"categories":[1358],"tags":[1477,1348,1384,1385,1386,58,33,64727,22717,59,107,1011,27,26634,6003],"class_list":{"0":"post-528027","1":"post","2":"type-post","3":"status-publish","4":"format-standard","5":"has-post-thumbnail","7":"category-arts-et-design","8":"tag-artisanat","9":"tag-arts","10":"tag-arts-and-design","11":"tag-arts-et-design","12":"tag-design","13":"tag-divertissement","14":"tag-economie","15":"tag-ecuisses","16":"tag-edition-le-creusot","17":"tag-entertainment","18":"tag-fil-info","19":"tag-fr","20":"tag-france","21":"tag-le-creusot-bassin","22":"tag-saone-et-loire"},"share_on_mastodon":{"url":"https:\/\/pubeurope.com\/@fr\/115533333490113513","error":""},"_links":{"self":[{"href":"https:\/\/www.europesays.com\/fr\/wp-json\/wp\/v2\/posts\/528027","targetHints":{"allow":["GET"]}}],"collection":[{"href":"https:\/\/www.europesays.com\/fr\/wp-json\/wp\/v2\/posts"}],"about":[{"href":"https:\/\/www.europesays.com\/fr\/wp-json\/wp\/v2\/types\/post"}],"author":[{"embeddable":true,"href":"https:\/\/www.europesays.com\/fr\/wp-json\/wp\/v2\/users\/2"}],"replies":[{"embeddable":true,"href":"https:\/\/www.europesays.com\/fr\/wp-json\/wp\/v2\/comments?post=528027"}],"version-history":[{"count":0,"href":"https:\/\/www.europesays.com\/fr\/wp-json\/wp\/v2\/posts\/528027\/revisions"}],"wp:featuredmedia":[{"embeddable":true,"href":"https:\/\/www.europesays.com\/fr\/wp-json\/wp\/v2\/media\/528028"}],"wp:attachment":[{"href":"https:\/\/www.europesays.com\/fr\/wp-json\/wp\/v2\/media?parent=528027"}],"wp:term":[{"taxonomy":"category","embeddable":true,"href":"https:\/\/www.europesays.com\/fr\/wp-json\/wp\/v2\/categories?post=528027"},{"taxonomy":"post_tag","embeddable":true,"href":"https:\/\/www.europesays.com\/fr\/wp-json\/wp\/v2\/tags?post=528027"}],"curies":[{"name":"wp","href":"https:\/\/api.w.org\/{rel}","templated":true}]}}