{"id":528033,"date":"2025-11-11T22:11:17","date_gmt":"2025-11-11T22:11:17","guid":{"rendered":"https:\/\/www.europesays.com\/fr\/528033\/"},"modified":"2025-11-11T22:11:17","modified_gmt":"2025-11-11T22:11:17","slug":"pixar-devoile-la-premiere-bande-annonce-teaser-de-toy-story-5","status":"publish","type":"post","link":"https:\/\/www.europesays.com\/fr\/528033\/","title":{"rendered":"Pixar d\u00e9voile la premi\u00e8re bande-annonce teaser de Toy Story 5"},"content":{"rendered":"<p style=\"text-align: justify;\">La maison <strong>Pixar<\/strong> <strong>Animation Studios<\/strong> a franchi une \u00e9tape majeure aujourd\u2019hui en diffusant la premi\u00e8re bande-annonce teaser de <strong>Toy Story 5<\/strong>, confirmant ainsi l\u2019attente des fans depuis l\u2019<a href=\"https:\/\/www.disneyphile.fr\/toy-story-5-est-annonce-officiellement\/\" target=\"_blank\" rel=\"noopener\">annonce du projet en f\u00e9vrier 2023<\/a>. Ce court extrait offre un aper\u00e7u fugace mais poignant d\u2019un cinqui\u00e8me chapitre qui promet de revisiter les th\u00e8mes intemporels de l\u2019amiti\u00e9 et de l\u2019abandon chez les jouets. R\u00e9alis\u00e9 par <a href=\"https:\/\/www.disneyphile.fr\/andrew-stanton-realisera-toy-story-5\/\" target=\"_blank\" rel=\"noopener\"><strong>Andrew Stanton<\/strong><\/a>, connu pour <strong>Le Monde de Nemo<\/strong> et <strong>WALL\u2022E<\/strong>, le film est toujours pr\u00e9vu pour une sortie en salles le 17 juin 2026. Ce teaser, sobre et \u00e9vocateur, \u00e9vite les r\u00e9v\u00e9lations majeures pour se concentrer sur l\u2019essence \u00e9motionnelle de la saga, ravivant la nostalgie tout en teasant de nouvelles aventures pour Woody, Buzz et leur bande.<\/p>\n<p>Le retour de Woody dans un monde en \u00e9volution<\/p>\n<p style=\"text-align: justify;\">En optant pour une bande-annonce minimaliste, <strong>Pixar<\/strong> respecte une tradition bien \u00e9tablie dans la franchise <strong>Toy Story<\/strong>, o\u00f9 les teasers servent avant tout \u00e0 raviver l\u2019attachement \u00e9motionnel plut\u00f4t qu\u2019\u00e0 bombarder de spoilers. Contrairement \u00e0 la bande-annonce explosive de <strong>Toy Story 4<\/strong>\u00a0en 2018, qui introduisait<a href=\"https:\/\/www.disneyphile.fr\/fourchette-sera-de-retour-dans-toy-story-5-annonce-tony-hale\/\" target=\"_blank\" rel=\"noopener\"> Fourchette<\/a> et une route ouverte vers l\u2019inconnu, celle-ci garde une certaine part de myst\u00e8re.<\/p>\n<p>Voici sans plus attendre cette bande-annonce.<\/p>\n<\/p>\n<p style=\"text-align: justify;\">Cette bande-annonce montre nos jouets favoris accueillir avec f\u00e9brilit\u00e9 le nouveau jouet de Bonnie sauf qu\u2019il s\u2019agit d\u2019un jeu \u00e9lectronique nomm\u00e9 LilyPad interpr\u00e9t\u00e9 en version originale par <strong>Greta Lee\u00a0<\/strong>(<strong>Tron : Ares<\/strong>, The Morning Show)<\/p>\n<p>H\u00e9ritage et innovations : ce que Toy Story 5 pourrait r\u00e9inventer<\/p>\n<p style=\"text-align: justify;\">La franchise <strong>Toy Story<\/strong>, pionni\u00e8re de l\u2019animation en CGI, a accumul\u00e9 plus de 2 milliards de dollars au box-office mondial et une l\u00e9gion de r\u00e9compenses, dont trois Oscars pour les meilleurs films d\u2019animation. Apr\u00e8s <strong>Toy Story 4<\/strong>, qui avait clos l\u2019arc de Woody en le lib\u00e9rant de son r\u00f4le protecteur, ce cinqui\u00e8me \u00e9pisode marque un pari audacieux : ramener les personnages dans <a href=\"https:\/\/www.disneyphile.fr\/decouvrez-la-premiere-image-de-toy-story-5\/\" target=\"_blank\" rel=\"noopener\">un univers potentiellement plus sombre<\/a>, <a href=\"https:\/\/www.disneyphile.fr\/pixar-presente-la-grande-mechante-de-toy-story-5-lilypad\/\" target=\"_blank\" rel=\"noopener\">o\u00f9 les jouets font face \u00e0 l\u2019obsolescence technologique<\/a> \u2013 smartphones et drones mena\u00e7ant leur monde miniature.<\/p>\n<p style=\"text-align: justify;\">C\u00f4t\u00e9 technique, la bande-annonce met en avant les avanc\u00e9es en rendu <strong>Pixar<\/strong> : des reflets subtils sur les surfaces plastiques, une profondeur de champ accrue pour les environnements vastes, et une expressivit\u00e9 faciale qui humanise encore plus les jouets. Bien que le casting complet reste sous embargo, on sait que de nouveaux personnages seront de la partie comme celui de <a href=\"https:\/\/www.disneyphile.fr\/conan-obrien-rejoint-le-casting-de-toy-story-5-de-pixar\/\" target=\"_blank\" rel=\"noopener\"><strong>Conan O\u2019Brien<\/strong><\/a>, <a href=\"https:\/\/www.disneyphile.fr\/destination-d23-les-visiteurs-decouvrent-en-avant-premiere-un-nouveau-personnage-de-toy-story-5\/\" target=\"_blank\" rel=\"noopener\">Smarty Pants<\/a>, ou la tablette <a href=\"https:\/\/www.disneyphile.fr\/pixar-presente-la-grande-mechante-de-toy-story-5-lilypad\/\" target=\"_blank\" rel=\"noopener\">Lilypad camp\u00e9e en version originale par <strong>Greta Lee<\/strong><\/a>. <a href=\"https:\/\/www.disneyphile.fr\/tom-hanks-a-demarre-le-doublage-de-toy-story-5\/\" target=\"_blank\" rel=\"noopener\"><strong>Tom Hanks<\/strong><\/a>, <a href=\"https:\/\/www.disneyphile.fr\/tim-allen-a-commence-le-doublage-de-toy-story-5\/\" target=\"_blank\" rel=\"noopener\"><strong>Tim Allen<\/strong><\/a> et <a href=\"https:\/\/www.disneyphile.fr\/jessie-aura-une-place-centrale-dans-toy-story-5\/\" target=\"_blank\" rel=\"noopener\"><strong>Joan Cusack<\/strong> <\/a>reprennent tous les trois du service, respectivement dans les r\u00f4les de Woody, Buzz et Jessie. Le personnage de Commando Carl est cette fois-ci <a href=\"https:\/\/www.disneyphile.fr\/toy-story-ressortira-en-salles-pour-son-trentieme-anniversaire\/\" target=\"_blank\" rel=\"noopener\">incarn\u00e9 par <strong>Ernie Hudson<\/strong><\/a>, suite \u00e0 la disparition de <a href=\"https:\/\/www.disneyphile.fr\/carl-weathers-recoit-a-titre-posthume-une-etoile-sur-le-hollywood-walk-of-fame\/\" target=\"_blank\" rel=\"noopener\"><strong>Carl Weathers<\/strong><\/a> en 2024. Enfin, <strong>Anna Faris<\/strong> fait \u00e9galement partie de la distribution vocale originale, pour un r\u00f4le non divulgu\u00e9.<\/p>\n<p>Vers l\u2019infini et au-del\u00e0 : l\u2019attente d\u2019un \u00e9t\u00e9 2026 charg\u00e9<\/p>\n<p style=\"text-align: justify;\">Ce premier teaser arrive \u00e0 point nomm\u00e9, alors que <strong>Pixar<\/strong> pr\u00e9pare un agenda ambitieux pour 2026, incluant <a href=\"https:\/\/www.disneyphile.fr\/pixar-jumpers-destination-d23\/\" target=\"_blank\" rel=\"noopener\"><strong>Jumpers<\/strong><\/a>. Elle relance l\u2019int\u00e9r\u00eat pour le studio \u00e0 la lampe \u00e0 un moment o\u00f9 ce dernier a beaucoup de mal \u00e0 imposer de nouveaux films originaux, en t\u00e9moigne l\u2019\u00e9chec r\u00e9cent d\u2019<strong>Elio<\/strong>. Pour les observateurs, ce retour aux sources pourrait red\u00e9finir la franchise, en explorant comment les jouets \u2013 et par extension, nous-m\u00eames \u2013 s\u2019adaptent \u00e0 un monde en mutation rapide.<\/p>\n<p style=\"text-align: justify;\">Disponible d\u00e8s maintenant sur les plateformes officielles, cette bande-annonce n\u2019est que le d\u00e9but d\u2019une campagne qui culminera sans doute avec une premi\u00e8re bande-annonce compl\u00e8te d\u2019ici quelques mois. En attendant, elle rappelle pourquoi <strong>Toy Story<\/strong> perdure \u00e0 travers les g\u00e9n\u00e9rations : parce qu\u2019au fond, c\u2019est l\u2019histoire de tous les c\u0153urs qui refusent de grandir trop vite.<\/p>\n<p><a href=\"https:\/\/www.disneyphile.fr\/wp-content\/uploads\/2025\/09\/toy-story5-teaser-poster.webp\" target=\"_blank\" rel=\"noopener\"><img data-lazyloaded=\"1\" data-od-xpath=\"\/HTML\/BODY\/DIV[@id='page']\/*[4][self::DIV]\/*[2][self::DIV]\/*[1][self::DIV]\/*[1][self::MAIN]\/*[1][self::DIV]\/*[1][self::DIV]\/*[1][self::DIV]\/*[1][self::DIV]\/*[2][self::DIV]\/*[2][self::ARTICLE]\/*[2][self::DIV]\/*[13][self::FIGURE]\/*[1][self::A]\/*[1][self::IMG]\" loading=\"lazy\" decoding=\"async\" class=\" wp-image-159478\" src=\"https:\/\/www.disneyphile.fr\/wp-content\/uploads\/2025\/09\/xtoy-story5-teaser-poster-202x300.webp.pagespeed.ic.HPYnUcfHKH.webp\" alt=\"toy story 5 teaser poster\" width=\"401\" height=\"596\"  data-\/><\/a>Courtoisie de Pixar<\/p>\n<p>\u00a9 Disneyphile 2025 \/ Tous droits r\u00e9serv\u00e9s \/ Reproduction interdite<\/p>\n","protected":false},"excerpt":{"rendered":"La maison Pixar Animation Studios a franchi une \u00e9tape majeure aujourd\u2019hui en diffusant la premi\u00e8re bande-annonce teaser de&hellip;\n","protected":false},"author":2,"featured_media":528034,"comment_status":"","ping_status":"","sticky":false,"template":"","format":"standard","meta":{"footnotes":""},"categories":[1354],"tags":[58,59,1346,1011,27,1360,49392],"class_list":{"0":"post-528033","1":"post","2":"type-post","3":"status-publish","4":"format-standard","5":"has-post-thumbnail","7":"category-films","8":"tag-divertissement","9":"tag-entertainment","10":"tag-films","11":"tag-fr","12":"tag-france","13":"tag-movies","14":"tag-toy-story"},"share_on_mastodon":{"url":"https:\/\/pubeurope.com\/@fr\/115533361610916830","error":""},"_links":{"self":[{"href":"https:\/\/www.europesays.com\/fr\/wp-json\/wp\/v2\/posts\/528033","targetHints":{"allow":["GET"]}}],"collection":[{"href":"https:\/\/www.europesays.com\/fr\/wp-json\/wp\/v2\/posts"}],"about":[{"href":"https:\/\/www.europesays.com\/fr\/wp-json\/wp\/v2\/types\/post"}],"author":[{"embeddable":true,"href":"https:\/\/www.europesays.com\/fr\/wp-json\/wp\/v2\/users\/2"}],"replies":[{"embeddable":true,"href":"https:\/\/www.europesays.com\/fr\/wp-json\/wp\/v2\/comments?post=528033"}],"version-history":[{"count":0,"href":"https:\/\/www.europesays.com\/fr\/wp-json\/wp\/v2\/posts\/528033\/revisions"}],"wp:featuredmedia":[{"embeddable":true,"href":"https:\/\/www.europesays.com\/fr\/wp-json\/wp\/v2\/media\/528034"}],"wp:attachment":[{"href":"https:\/\/www.europesays.com\/fr\/wp-json\/wp\/v2\/media?parent=528033"}],"wp:term":[{"taxonomy":"category","embeddable":true,"href":"https:\/\/www.europesays.com\/fr\/wp-json\/wp\/v2\/categories?post=528033"},{"taxonomy":"post_tag","embeddable":true,"href":"https:\/\/www.europesays.com\/fr\/wp-json\/wp\/v2\/tags?post=528033"}],"curies":[{"name":"wp","href":"https:\/\/api.w.org\/{rel}","templated":true}]}}