{"id":528037,"date":"2025-11-11T22:13:12","date_gmt":"2025-11-11T22:13:12","guid":{"rendered":"https:\/\/www.europesays.com\/fr\/528037\/"},"modified":"2025-11-11T22:13:12","modified_gmt":"2025-11-11T22:13:12","slug":"en-lisant-la-presse-jai-eu-limpression-que-cetait-un-naufrage-sagace-jelonch","status":"publish","type":"post","link":"https:\/\/www.europesays.com\/fr\/528037\/","title":{"rendered":"\u00abEn lisant la presse, j\u2019ai eu l\u2019impression que c\u2019\u00e9tait un naufrage\u00bb, s\u2019agace Jelonch"},"content":{"rendered":"<p>\n    Le troisi\u00e8me-ligne toulousain a trouv\u00e9 les critiques excessives apr\u00e8s la d\u00e9faite, 17 \u00e0 32, contre les champions du monde sud-africains. Il pr\u00e9f\u00e8re retenir les 70 minutes qu\u2019il juge positives.<\/p>\n<p class=\"fig-paragraph\"><strong>Avec le recul, comment analysez-vous la d\u00e9faite face \u00e0 l\u2019Afrique du Sud\u00a0?<\/strong><\/p>\n<p class=\"fig-paragraph\"><strong>Anthony Jelonch\u00a0:\u00a0<\/strong><a href=\"http:\/\/www.lefigaro.fr\/sports\/rugby\/xv-de-france\/les-notes-des-bleus-apres-l-afrique-du-sud-penaud-dans-l-histoire-des-piliers-et-des-centres-en-souffrance-20251108\" data-fig-type=\"NewsFlash\" data-gtm-custom-categorie=\"navigation\" data-gtm-custom-action=\"crossclick\" data-gtm-custom-label=\"Contextuel\" data-gtm-event=\"customEventSPE\" data-fig-domain=\"LEFIGARO\" target=\"_blank\" rel=\"noopener\">On a revu le match<\/a>. Et si on est tr\u00e8s d\u00e9\u00e7u du r\u00e9sultat, on a vu qu\u2019on \u00e9tait dans la partie jusqu\u2019\u00e0 la 65e. On a une occasion \u00e0 la 70e, mais la p\u00e9nalit\u00e9 est siffl\u00e9e contre nous. \u00c0 partir de l\u00e0, c\u2019est vrai, les dix derni\u00e8res minutes sont \u00e0 sens unique en faveur des Sud-Africains, dans tous les secteurs. Ce qui nous fait du mal, c\u2019est de ne pas marquer de points alors qu\u2019on breake trois fois. Mais on a su r\u00e9pondre au gros d\u00e9fi physique pendant 70 minutes. Il ne faut pas retenir que la d\u00e9faite mais ces 70 minutes \u00e9galement\u2026<\/p>\n<p>                                    <a class=\"fig-a11y-skip a11y-hidden\" href=\"#fig-a11y-skip-main-inarticle\"><br \/>\n        Passer la publicit\u00e9<br \/>\n    <\/a><\/p>\n<p class=\"fig-paragraph\"><strong>Les m\u00e9dias ont \u00e9t\u00e9 trop critiques\u00a0?<\/strong><\/p>\n<p class=\"fig-paragraph\">Un peu oui. En lisant la presse, j\u2019ai eu\u00a0<a href=\"http:\/\/www.lefigaro.fr\/sports\/rugby\/xv-de-france\/cauchemar-pour-le-xv-de-france-encore-battu-par-l-afrique-du-sud-20251108\" data-fig-type=\"NewsFlash\" data-gtm-custom-categorie=\"navigation\" data-gtm-custom-action=\"crossclick\" data-gtm-custom-label=\"Contextuel\" data-gtm-event=\"customEventSPE\" data-fig-domain=\"LEFIGARO\" target=\"_blank\" rel=\"noopener\">l\u2019impression que c\u2019\u00e9tait un naufrage<\/a>, qu\u2019on a \u00e9t\u00e9 catastrophique, qu\u2019on a pris 50 points\u2026 Je le redis, si nous passons devant au score \u00e0 la 70e, apr\u00e8s ce n\u2019est pas la m\u00eame fin de match. Les Sud-Africains ont vraiment eu une emprise totale sur les dix derni\u00e8res minutes. On ne voyait plus qu\u2019une \u00e9quipe sur le terrain. Mais ce n\u2019\u00e9tait pas le cas avant\u2026<\/p>\n<p>\u00ab Gr\u00e9gory Alldritt est toujours motiv\u00e9. Je suis persuad\u00e9 qu\u2019il fera un gros match samedi\u2026\u00a0\u00bb<\/p>\n<p class=\"fig-paragraph\"><strong>Avez-vous l\u2019impression que les Sud-Africains sont encore meilleurs\u00a0?<\/strong><\/p>\n<p class=\"fig-paragraph\">Le match que j\u2019ai jou\u00e9 contre eux en 2022 \u00e0 Marseille a \u00e9t\u00e9 plus dur que celui de ce samedi. Il y avait eu beaucoup de commotions, \u00e7a avait tap\u00e9 tr\u00e8s fort. Donc sur la dimension physique, non. Mais ils sont plus forts qu\u2019avant sur la ma\u00eetrise.<\/p>\n<p class=\"fig-body-link\">\n            \u00c0 lire aussi<br \/>\n        <a class=\"fig-body-link__link\" href=\"http:\/\/www.lefigaro.fr\/sports\/rugby\/xv-de-france\/xv-de-france-alldritt-et-lucu-de-retour-depoortere-et-barassi-au-centre-la-composition-probable-face-aux-fidji-20251111\" data-fig-type=\"NewsFlash\" data-gtm-custom-categorie=\"navigation\" data-gtm-custom-action=\"crossclick\" data-gtm-custom-label=\"Contextuel\" data-gtm-event=\"customEventSPE\" data-fig-domain=\"LEFIGARO\" target=\"_blank\" rel=\"noopener\"><\/p>\n<p>        XV de France\u00a0: Alldritt et Lucu de retour, Depoortere et Barassi au centre, la composition probable face aux Fidji<br \/>\n    <\/a>\n<\/p>\n<p class=\"fig-paragraph\"><strong>Le moral est-il touch\u00e9\u00a0?<\/strong><\/p>\n<p>                                    <a class=\"fig-a11y-skip a11y-hidden\" href=\"#fig-a11y-skip-main-inarticle_mtf\"><br \/>\n        Passer la publicit\u00e9<br \/>\n    <\/a><\/p>\n<p class=\"fig-paragraph\">On a la chance de pouvoir rebondir une semaine apr\u00e8s. On va apprendre de cette d\u00e9faite, c\u2019est comme \u00e7a&#8230; Et on a encore un grand rendez-vous face aux Fidji.<\/p>\n<p class=\"fig-paragraph\"><strong>Vous \u00eates en chambre avec Gr\u00e9gory Alldritt \u00e0 Marcoussis. Comment a-t-il v\u00e9cu de ne pas \u00eatre sur la feuille de match\u00a0?<\/strong><\/p>\n<p class=\"fig-paragraph\"><a href=\"http:\/\/www.lefigaro.fr\/sports\/rugby\/xv-de-france\/xv-de-france-alldritt-n-a-jamais-boude-assure-un-adjoint-de-fabien-galthie-20251111\" data-fig-type=\"NewsFlash\" data-gtm-custom-categorie=\"navigation\" data-gtm-custom-action=\"crossclick\" data-gtm-custom-label=\"Contextuel\" data-gtm-event=\"customEventSPE\" data-fig-domain=\"LEFIGARO\" target=\"_blank\" rel=\"noopener\">Il a toujours \u00e9t\u00e9 positif pour le groupe.\u00a0<\/a>Il a entendu les choix des entra\u00eeneurs. Il est toujours motiv\u00e9 et je suis persuad\u00e9 que, si samedi il est sur le pr\u00e9, ce qui serait logique, il fera un gros match\u2026<\/p>\n<p class=\"fig-paragraph\">Propos recueillis en conf\u00e9rence de presse<\/p>\n","protected":false},"excerpt":{"rendered":"Le troisi\u00e8me-ligne toulousain a trouv\u00e9 les critiques excessives apr\u00e8s la d\u00e9faite, 17 \u00e0 32, contre les champions du&hellip;\n","protected":false},"author":2,"featured_media":528038,"comment_status":"","ping_status":"","sticky":false,"template":"","format":"standard","meta":{"footnotes":""},"categories":[9],"tags":[50859,1011,27,15153,60],"class_list":{"0":"post-528037","1":"post","2":"type-post","3":"status-publish","4":"format-standard","5":"has-post-thumbnail","7":"category-sports","8":"tag-anthony-jelonch","9":"tag-fr","10":"tag-france","11":"tag-gregory-alldritt","12":"tag-sports"},"share_on_mastodon":{"url":"https:\/\/pubeurope.com\/@fr\/115533368807992295","error":""},"_links":{"self":[{"href":"https:\/\/www.europesays.com\/fr\/wp-json\/wp\/v2\/posts\/528037","targetHints":{"allow":["GET"]}}],"collection":[{"href":"https:\/\/www.europesays.com\/fr\/wp-json\/wp\/v2\/posts"}],"about":[{"href":"https:\/\/www.europesays.com\/fr\/wp-json\/wp\/v2\/types\/post"}],"author":[{"embeddable":true,"href":"https:\/\/www.europesays.com\/fr\/wp-json\/wp\/v2\/users\/2"}],"replies":[{"embeddable":true,"href":"https:\/\/www.europesays.com\/fr\/wp-json\/wp\/v2\/comments?post=528037"}],"version-history":[{"count":0,"href":"https:\/\/www.europesays.com\/fr\/wp-json\/wp\/v2\/posts\/528037\/revisions"}],"wp:featuredmedia":[{"embeddable":true,"href":"https:\/\/www.europesays.com\/fr\/wp-json\/wp\/v2\/media\/528038"}],"wp:attachment":[{"href":"https:\/\/www.europesays.com\/fr\/wp-json\/wp\/v2\/media?parent=528037"}],"wp:term":[{"taxonomy":"category","embeddable":true,"href":"https:\/\/www.europesays.com\/fr\/wp-json\/wp\/v2\/categories?post=528037"},{"taxonomy":"post_tag","embeddable":true,"href":"https:\/\/www.europesays.com\/fr\/wp-json\/wp\/v2\/tags?post=528037"}],"curies":[{"name":"wp","href":"https:\/\/api.w.org\/{rel}","templated":true}]}}