{"id":528045,"date":"2025-11-11T22:17:16","date_gmt":"2025-11-11T22:17:16","guid":{"rendered":"https:\/\/www.europesays.com\/fr\/528045\/"},"modified":"2025-11-11T22:17:16","modified_gmt":"2025-11-11T22:17:16","slug":"a-la-cop30-le-gouverneur-de-californie-sen-prend-a-trump-actualites","status":"publish","type":"post","link":"https:\/\/www.europesays.com\/fr\/528045\/","title":{"rendered":"A la COP30, le gouverneur de Californie s&rsquo;en prend \u00e0 Trump : Actualit\u00e9s"},"content":{"rendered":"<p class=\"lead \">En l&rsquo;absence de Donald Trump \u00e0 la COP30 au Br\u00e9sil, c&rsquo;est son principal opposant, le gouverneur d\u00e9mocrate de Californie Gavin Newsom, qui attire la lumi\u00e8re mardi, en profitant pour d\u00e9cocher des fl\u00e8ches contre le pr\u00e9sident climatosceptique.<\/p>\n<p class=\"lead \">\u00ab\u00a0Donald Trump redouble d&rsquo;imb\u00e9cillit\u00e9\u00a0\u00bb, a lanc\u00e9 Gavin Newsom \u00e0 Belem, ville d&rsquo;Amazonie br\u00e9silienne qui accueille la conf\u00e9rence de l&rsquo;ONU sur le climat. En cause: la d\u00e9cision du pr\u00e9sident de quitter l&rsquo;accord de Paris sur le climat prise \u00e0 son retour \u00e0 la Maison Blanche en janvier.<\/p>\n<p class=\"lead \">Selon le gouverneur, virulent opposant \u00e0 Trump consid\u00e9r\u00e9 comme l&rsquo;un des candidats les plus s\u00e9rieux \u00e0 la pr\u00e9sidentielle de 2028, un pr\u00e9sident d\u00e9mocrate r\u00e9int\u00e9grerait les \u00c9tats-Unis dans l&rsquo;accord de Paris \u00ab\u00a0sans h\u00e9sitation\u00a0\u00bb, a-t-il affirm\u00e9, interrog\u00e9 par l&rsquo;AFP lors d&rsquo;une visite dans la ville.<\/p>\n<p class=\"lead \">\u00ab\u00a0C&rsquo;est un engagement moral, c&rsquo;est un imp\u00e9ratif \u00e9conomique, ce sont les deux \u00e0 la fois\u00a0\u00bb, a poursuivi le gouverneur au cours d&rsquo;une visite dans un centre d\u00e9di\u00e9 \u00e0 la bio\u00e9conomie. En compagnie du gouverneur de l&rsquo;\u00c9tat du Para, dont Belem est la capitale, il a go\u00fbt\u00e9 aux sp\u00e9cialit\u00e9s culinaires amazoniennes, jus d&rsquo;a\u00e7ai et cupua\u00e7u, un fruit local.<\/p>\n<p class=\"lead \">&#8211; \u00ab\u00a0Trump est temporaire\u00a0\u00bb &#8211;<\/p>\n<p class=\"lead \">\u00ab\u00a0Trump est temporaire\u00a0\u00bb, a encore lanc\u00e9 mardi M. Newsom.<\/p>\n<p class=\"lead \">Pour la premi\u00e8re fois en 30 ans de COP, les \u00c9tats-Unis n&rsquo;ont pas envoy\u00e9 de d\u00e9l\u00e9gation. Mais plusieurs participants sont satisfaits de l&rsquo;absence de repr\u00e9sentants du gouvernement f\u00e9d\u00e9ral qui auraient pu torpiller les efforts, comme durant les n\u00e9gociations sur la d\u00e9carbonation des bateaux en octobre \u00e0 l&rsquo;Organisation maritime internationale (OMI).<\/p>\n<p class=\"lead \">Plusieurs responsables locaux et r\u00e9gionaux am\u00e9ricains viennent toutefois \u00e0 Belem, dont le gouverneur de Californie et son homologue d\u00e9mocrate du Nouveau-Mexique, Michelle Lujan Grisham.<\/p>\n<p class=\"lead \">\u00ab\u00a0Nous sommes un partenaire stable et digne de confiance\u00a0\u00bb, a martel\u00e9 M. Newsom.<\/p>\n<p class=\"lead \">La Californie, qui serait la quatri\u00e8me puissance \u00e9conomique mondiale si elle \u00e9tait un pays ind\u00e9pendant, est en pointe sur la transition \u00e9cologique: une \u00e9conomie de 4.100 milliards de dollars aliment\u00e9e aux deux tiers par des \u00e9nergies propres.<\/p>\n<p class=\"lead \">\u00ab\u00a0La position de Trump est excessive\u00a0\u00bb, a dit \u00e0 l&rsquo;AFP Abe Assamoi, repr\u00e9sentant de la C\u00f4te d&rsquo;Ivoire \u00e0 la COP, \u00ab\u00a0parce qu&rsquo;on sait que les changements climatiques sont une r\u00e9alit\u00e9\u00a0\u00bb.<\/p>\n<p class=\"lead \">Le pr\u00e9sident am\u00e9ricain, qui met au centre de son deuxi\u00e8me mandat l&rsquo;exploitation p\u00e9troli\u00e8re d\u00e9complex\u00e9e, a annonc\u00e9 le retrait des \u00c9tats-Unis de l&rsquo;accord de Paris d\u00e8s son retour au pouvoir, comme il l&rsquo;avait fait lors de son premier mandat. Le retrait sera effectif en janvier 2026.<\/p>\n<p class=\"lead \">Donald Trump a qualifi\u00e9 le changement climatique de \u00ab\u00a0plus grande arnaque jamais men\u00e9e\u00a0\u00bb \u00e0 la tribune de l&rsquo;Assembl\u00e9e g\u00e9n\u00e9rale de l&rsquo;ONU en septembre.<\/p>\n<p class=\"lead \">\u00ab\u00a0L&rsquo;absence des \u00c9tats-Unis ne compromet pas la COP\u00a0\u00bb, a soulign\u00e9 le Premier ministre portugais Luis Montenegro, interrog\u00e9 en marge du sommet des dirigeants qui a pr\u00e9c\u00e9d\u00e9 la COP la semaine derni\u00e8re. Il souligne malgr\u00e9 tout que le pays, deuxi\u00e8me pollueur mondial, est \u00ab\u00a0indispensable\u00a0\u00bb pour avancer durablement.<\/p>\n<p class=\"lead \">En l&rsquo;absence de volont\u00e9 au niveau f\u00e9d\u00e9ral, les \u00c9tats am\u00e9ricains peuvent continuer \u00e0 progresser sur l&rsquo;accord de Paris, de l&rsquo;avis de Champa Patel, directrice ex\u00e9cutive au Climate Group, une organisation internationale qui travaille avec les gouvernements r\u00e9gionaux en mati\u00e8re climatique, interrog\u00e9e par l&rsquo;AFP.<\/p>\n<p class=\"lead \">Avec une limite s\u00e9v\u00e8re: ces r\u00e9gions n&rsquo;ont pas de si\u00e8ge r\u00e9serv\u00e9 lors des n\u00e9gociations entre pays.<\/p>\n<p class=\"lead \">&#8211; \u00c9tats et villes am\u00e9ricaines &#8211;<\/p>\n<p class=\"lead \">Une analyse r\u00e9cente du Centre pour la Durabilit\u00e9 mondiale de l&rsquo;Universit\u00e9 de Maryland a conclu que si des \u00c9tats et des villes se mobilisaient &#8211; et si un pr\u00e9sident proclimat \u00e9tait \u00e9lu en 2028 &#8211; les \u00e9missions am\u00e9ricaines pourraient diminuer d&rsquo;un peu plus de 50% d&rsquo;ici 2035 par rapport au pic de 2005. Joe Biden s&rsquo;\u00e9tait engag\u00e9 \u00e0 atteindre 61-66%.<\/p>\n<p class=\"lead \">\u00ab\u00a0Le pr\u00e9sident ne peut pas appuyer sur un interrupteur et tout arr\u00eater\u00a0\u00bb, explique \u00e0 l&rsquo;AFP Nate Hultman, le chercheur qui a pilot\u00e9 le rapport.<\/p>\n<p class=\"lead \">Il souligne l&rsquo;autorit\u00e9 dont disposent les Etats am\u00e9ricains en mati\u00e8re de politique \u00e9nerg\u00e9tique et des b\u00e2timents, et le contr\u00f4le des villes sur la gestion de d\u00e9chets, les r\u00e9ductions d&rsquo;\u00e9missions de m\u00e9thane ou encore le transport public.<\/p>\n<p class=\"lead \">La gouverneure du Nouveau-Mexique dirige de son c\u00f4t\u00e9 un \u00c9tat qui est un producteur majeur de combustibles fossiles mais a pouss\u00e9 pour d\u00e9velopper les renouvelables et r\u00e9duire les \u00e9missions de m\u00e9thane du secteur p\u00e9trolier et gazier.<\/p>\n<p class=\"small font-weight-bold text-gray3 \"> publi\u00e9 le 11 novembre \u00e0 20h40, AFP<\/p>\n<p>                             Partager<\/p>\n","protected":false},"excerpt":{"rendered":"En l&rsquo;absence de Donald Trump \u00e0 la COP30 au Br\u00e9sil, c&rsquo;est son principal opposant, le gouverneur d\u00e9mocrate de&hellip;\n","protected":false},"author":2,"featured_media":528046,"comment_status":"","ping_status":"","sticky":false,"template":"","format":"standard","meta":{"footnotes":""},"categories":[5],"tags":[11,17787,1129,53082,312,1011,27,14,12,3521,2764,308,28],"class_list":{"0":"post-528045","1":"post","2":"type-post","3":"status-publish","4":"format-standard","5":"has-post-thumbnail","7":"category-international","8":"tag-actualites","9":"tag-brsil","10":"tag-climat","11":"tag-cop30","12":"tag-diplomatie","13":"tag-fr","14":"tag-france","15":"tag-international","16":"tag-news","17":"tag-onu","18":"tag-sommet","19":"tag-usa","20":"tag-world"},"share_on_mastodon":{"url":"https:\/\/pubeurope.com\/@fr\/115533384476578622","error":""},"_links":{"self":[{"href":"https:\/\/www.europesays.com\/fr\/wp-json\/wp\/v2\/posts\/528045","targetHints":{"allow":["GET"]}}],"collection":[{"href":"https:\/\/www.europesays.com\/fr\/wp-json\/wp\/v2\/posts"}],"about":[{"href":"https:\/\/www.europesays.com\/fr\/wp-json\/wp\/v2\/types\/post"}],"author":[{"embeddable":true,"href":"https:\/\/www.europesays.com\/fr\/wp-json\/wp\/v2\/users\/2"}],"replies":[{"embeddable":true,"href":"https:\/\/www.europesays.com\/fr\/wp-json\/wp\/v2\/comments?post=528045"}],"version-history":[{"count":0,"href":"https:\/\/www.europesays.com\/fr\/wp-json\/wp\/v2\/posts\/528045\/revisions"}],"wp:featuredmedia":[{"embeddable":true,"href":"https:\/\/www.europesays.com\/fr\/wp-json\/wp\/v2\/media\/528046"}],"wp:attachment":[{"href":"https:\/\/www.europesays.com\/fr\/wp-json\/wp\/v2\/media?parent=528045"}],"wp:term":[{"taxonomy":"category","embeddable":true,"href":"https:\/\/www.europesays.com\/fr\/wp-json\/wp\/v2\/categories?post=528045"},{"taxonomy":"post_tag","embeddable":true,"href":"https:\/\/www.europesays.com\/fr\/wp-json\/wp\/v2\/tags?post=528045"}],"curies":[{"name":"wp","href":"https:\/\/api.w.org\/{rel}","templated":true}]}}