{"id":528057,"date":"2025-11-11T22:26:12","date_gmt":"2025-11-11T22:26:12","guid":{"rendered":"https:\/\/www.europesays.com\/fr\/528057\/"},"modified":"2025-11-11T22:26:12","modified_gmt":"2025-11-11T22:26:12","slug":"republique-dominicaine-un-black-out-est-en-cours-annonce-la-compagnie","status":"publish","type":"post","link":"https:\/\/www.europesays.com\/fr\/528057\/","title":{"rendered":"R\u00e9publique dominicaine\u00a0: un \u00ab\u00a0Black-out\u00a0\u00bb est en cours, annonce la Compagnie"},"content":{"rendered":"<p>La <a href=\"https:\/\/rennes.maville.com\/actu\/actudet_-recit.-ouragan-melissa-en-trois-jours-les-habitants-des-caraibes-ont-tout-perdu-_54135-7044713_actu.Htm\" target=\"_self\" rel=\"noopener\">R\u00e9publique dominicaine<\/a> est victime d\u2019un<a href=\"https:\/\/rennes.maville.com\/actu\/actudet_--black-out-electrique-retour-sur-six-pannes-geantes-qui-ont-mis-des-pays-entiers-a-l-arret-_54135-6785915_actu.Htm\" target=\"_self\" rel=\"noopener\"> \u00ab\u00a0Black-out\u00a0\u00bb<\/a> \u00e9lectrique ce mardi 11\u00a0novembre 2025, a indiqu\u00e9 la Compagnie nationale d\u2019\u00e9lectricit\u00e9 cit\u00e9e par l\u2019Agence France-Presse (AFP). La circulation du m\u00e9tro de la capitale a \u00e9t\u00e9 interrompue.<\/p>\n<p>\u00ab\u00a0Une avarie survenue dans le syst\u00e8me de transmission\u00a0\u00bb<\/p>\n<p><strong>\u00ab\u00a0L\u2019Entreprise de Transmission d\u2019\u00c9lectricit\u00e9 (ETED) informe que le service d\u2019\u00e9nergie \u00e9lectrique conna\u00eet actuellement une panne g\u00e9n\u00e9rale due \u00e0 une avarie survenue dans le syst\u00e8me de transmission\u00a0\u00bb,<\/strong> a annonc\u00e9 dans un communiqu\u00e9 l\u2019entreprise qui pr\u00e9cise <strong>\u00ab\u00a0travailler\u00a0\u00bb<\/strong> pour r\u00e9tablir le courant<strong> \u00ab\u00a0le plus rapidement possible\u00a0\u00bb.<\/strong><\/p>\n<p><strong>\u00ab\u00a0\u00c0 13\u00a0h\u00a025 (heure locale), les sous-stations \u00e9lectriques Para\u00edso et Isabela, qui alimentent les Lignes 1 et 2\u00a0du M\u00e9tro de Saint-Domingue, ainsi que la Ligne 1\u00a0du T\u00e9l\u00e9ph\u00e9rique de Saint-Domingue, sont tomb\u00e9es hors service en raison de la d\u00e9connexion du Syst\u00e8me \u00c9lectrique National Interconnect\u00e9 (SENI), provoquant la suspension imm\u00e9diate du service dans ces deux syst\u00e8mes de transport\u00a0\u00bb,<\/strong> a annonc\u00e9 l\u2019Office pour le R\u00e9am\u00e9nagement des Transports (OPRET) dans un communiqu\u00e9, soulignant que les passagers ont pu \u00eatre \u00e9vacu\u00e9s.<\/p>\n<p>La R\u00e9publique dominicaine est un pays de plus de 11\u00a0millions d\u2019habitants qui a accueilli quelque 8\u00a0millions de touristes en 2022, attir\u00e9s par ses plages et l\u2019architecture coloniale de Saint-Domingue.<\/p>\n<p>\u00a0<\/p>\n","protected":false},"excerpt":{"rendered":"La R\u00e9publique dominicaine est victime d\u2019un \u00ab\u00a0Black-out\u00a0\u00bb \u00e9lectrique ce mardi 11\u00a0novembre 2025, a indiqu\u00e9 la Compagnie nationale d\u2019\u00e9lectricit\u00e9&hellip;\n","protected":false},"author":2,"featured_media":528058,"comment_status":"","ping_status":"","sticky":false,"template":"","format":"standard","meta":{"footnotes":""},"categories":[9619],"tags":[1111,11,2562,39139,23486,703,64728,579,1777,674,1011,27,4361,12,882,15599,25,2310],"class_list":{"0":"post-528057","1":"post","2":"type-post","3":"status-publish","4":"format-standard","5":"has-post-thumbnail","7":"category-toulon","8":"tag-actu","9":"tag-actualites","10":"tag-annonce","11":"tag-black-out","12":"tag-compagnie","13":"tag-cours","14":"tag-dominicaine","15":"tag-electricite","16":"tag-eu","17":"tag-europe","18":"tag-fr","19":"tag-france","20":"tag-nationale","21":"tag-news","22":"tag-provence-alpes-cote-dazur","23":"tag-republique","24":"tag-republique-francaise","25":"tag-toulon"},"share_on_mastodon":{"url":"https:\/\/pubeurope.com\/@fr\/115533419933706793","error":""},"_links":{"self":[{"href":"https:\/\/www.europesays.com\/fr\/wp-json\/wp\/v2\/posts\/528057","targetHints":{"allow":["GET"]}}],"collection":[{"href":"https:\/\/www.europesays.com\/fr\/wp-json\/wp\/v2\/posts"}],"about":[{"href":"https:\/\/www.europesays.com\/fr\/wp-json\/wp\/v2\/types\/post"}],"author":[{"embeddable":true,"href":"https:\/\/www.europesays.com\/fr\/wp-json\/wp\/v2\/users\/2"}],"replies":[{"embeddable":true,"href":"https:\/\/www.europesays.com\/fr\/wp-json\/wp\/v2\/comments?post=528057"}],"version-history":[{"count":0,"href":"https:\/\/www.europesays.com\/fr\/wp-json\/wp\/v2\/posts\/528057\/revisions"}],"wp:featuredmedia":[{"embeddable":true,"href":"https:\/\/www.europesays.com\/fr\/wp-json\/wp\/v2\/media\/528058"}],"wp:attachment":[{"href":"https:\/\/www.europesays.com\/fr\/wp-json\/wp\/v2\/media?parent=528057"}],"wp:term":[{"taxonomy":"category","embeddable":true,"href":"https:\/\/www.europesays.com\/fr\/wp-json\/wp\/v2\/categories?post=528057"},{"taxonomy":"post_tag","embeddable":true,"href":"https:\/\/www.europesays.com\/fr\/wp-json\/wp\/v2\/tags?post=528057"}],"curies":[{"name":"wp","href":"https:\/\/api.w.org\/{rel}","templated":true}]}}