{"id":528063,"date":"2025-11-11T22:30:34","date_gmt":"2025-11-11T22:30:34","guid":{"rendered":"https:\/\/www.europesays.com\/fr\/528063\/"},"modified":"2025-11-11T22:30:34","modified_gmt":"2025-11-11T22:30:34","slug":"un-acte-dune-violence-inouie-un-detenu-blesse-au-cou-un-agent-penitentiaire-a-la-maison-darret-de-rouen","status":"publish","type":"post","link":"https:\/\/www.europesays.com\/fr\/528063\/","title":{"rendered":"\u00ab\u00a0Un acte d&rsquo;une violence inou\u00efe.\u00a0\u00bb Un d\u00e9tenu blesse au cou un agent p\u00e9nitentiaire \u00e0 la maison d\u2019arr\u00eat de Rouen"},"content":{"rendered":"<p class=\"article__intro\">Plac\u00e9 dans un quartier d&rsquo;isolement, un d\u00e9tenu a agress\u00e9 un surveillant, le blessant au cou, avant de mettre le feu \u00e0 sa cellule ce mardi 11 novembre 2025 \u00e0 la maison d&rsquo;arr\u00eat de Rouen. D\u00e9tails.<\/p>\n<p>\n      La Quotidienne Soci\u00e9t\u00e9\n    <\/p>\n<p>\n      De la vie quotidienne aux grands enjeux, recevez tous les jours les sujets qui font la soci\u00e9t\u00e9 locale, comme la justice, l\u2019\u00e9ducation, la sant\u00e9 et la famille.\n    <\/p>\n<p>    France T\u00e9l\u00e9visions utilise votre adresse e-mail afin de vous envoyer la newsletter \u00ab\u00a0La Quotidienne Soci\u00e9t\u00e9\u00a0\u00bb. Vous pouvez vous d\u00e9sinscrire \u00e0 tout moment via le lien en bas de cette newsletter. <a target=\"_blank\" href=\"https:\/\/www.francetelevisions.fr\/groupe\/confidentialite\/politique-de-confidentialite\/politique-de-confidentialite-de-france-televisions-6503\" rel=\"nofollow noopener\">Notre politique de confidentialit\u00e9<\/a><\/p>\n<p>\u00ab\u00a0Alors que le brigadier-chef se rendait \u00e0 la cellule pour r\u00e9pondre aux appels r\u00e9p\u00e9t\u00e9s d\u2019un d\u00e9tenu, celui-ci a frapp\u00e9 dans la trappe et, \u00e0 son ouverture, a projet\u00e9 son bras droit en avant en brandissant une lame artisanale, tentant de toucher l\u2019agent p\u00e9nitentiaire \u00e0 la gorge\u00a0\u00bb, r\u00e9v\u00e8le Jean-Michel Berriet, secr\u00e9taire local UFAP-UNSA Justice, confirmant une information de <a href=\"https:\/\/www.paris-normandie.fr\/id673421\/article\/2025-11-11\/blesse-par-un-detenu-un-surveillant-de-la-prison-de-rouen-transporte-aux\" target=\"_blank\" rel=\"noopener noreferrer nofollow\" data-tooltip-url=\"https:\/\/www.paris-normandie.fr\/id673421\/article\/2025-11-11\/blesse-par-un-detenu-un-surveillant-de-la-prison-de-rouen-transporte-aux\">Paris-Normandie<\/a>.<\/p>\n<p>Toujours selon le repr\u00e9sentant syndical, le brigadier-chef a \u00e9vit\u00e9 une blessure plus grave qui aurait pu lui co\u00fbter la vie gr\u00e2ce \u00e0 un r\u00e9flexe d\u2019esquive.<\/p>\n<p>Le d\u00e9tenu a tent\u00e9 \u00e0 plusieurs reprises de porter de nouveaux coups avant que l\u2019agent ne parvienne \u00e0 refermer la trappe avec l\u2019aide d\u2019un coll\u00e8gue du quartier disciplinaire. <\/p>\n<p>Peu apr\u00e8s, le d\u00e9tenu a mis le feu \u00e0 sa cellule, d\u00e9clenchant l\u2019intervention rapide des agents \u00e9quip\u00e9s, ainsi que l\u2019intervention des pompiers, qui ont pris en charge le gardien bless\u00e9 pour son transport \u00e0 l\u2019h\u00f4pital.<\/p>\n<p>La direction de la maison d\u2019arr\u00eat confirme \u00e0 France 3 Normandie l\u2019agression ce mardi 11 novembre 2025, et le d\u00e9part de feu dans une cellule situ\u00e9e en quartier d\u2019isolement, survenu lors d\u2019une \u00ab\u00a0gestion de d\u00e9tention classique\u00a0\u00bb.<\/p>\n<p>Toujours selon la direction, le surveillant a re\u00e7u quelques points de sutures, ses jours ne sont pas en danger. Le d\u00e9tenu quant \u00e0 lui aurait \u00e9t\u00e9 transport\u00e9 dans l\u2019un des centres de traitement des grands br\u00fbl\u00e9s \u00e0 Paris, selon une autre source. Le parquet de Rouen a ouvert une enqu\u00eate en urgence.<\/p>\n<p>Les membres du syndicat UFAP-UNSA Justice d\u00e9noncent \u00ab\u00a0un acte d\u2019une violence inou\u00efe qui aurait pu avoir des cons\u00e9quences dramatiques\u00a0\u00bb\u00a0et apportent tout leur soutien \u00e0 leur coll\u00e8gue agress\u00e9, d\u00e9non\u00e7ant fermement ce qu\u2019ils qualifient de tentative d\u2019homicide sur personnel. Ils l&rsquo;invitent \u00e0 d\u00e9poser plainte.<\/p>\n<p>Solidaire de leur coll\u00e8gue, le syndicat rappelle une nouvelle fois que la s\u00e9curit\u00e9 des personnels doit rester une priorit\u00e9 absolue et qu\u2019il est urgent de renforcer la protection des agents intervenant sur ces postes \u00e0 risque.<\/p>\n<p>\u00ab\u00a0Nous exigeons que la direction et l\u2019administration prennent imm\u00e9diatement toutes les mesures disciplinaires et judiciaires n\u00e9cessaires, ainsi qu\u2019un transfert en urgence de ce d\u00e9tenu particuli\u00e8rement dangereux.\u00a0\u00bb<\/p>\n","protected":false},"excerpt":{"rendered":"Plac\u00e9 dans un quartier d&rsquo;isolement, un d\u00e9tenu a agress\u00e9 un surveillant, le blessant au cou, avant de mettre&hellip;\n","protected":false},"author":2,"featured_media":528064,"comment_status":"","ping_status":"","sticky":false,"template":"","format":"standard","meta":{"footnotes":""},"categories":[9587],"tags":[1111,11,1777,674,1011,27,12,5161,25,9590],"class_list":{"0":"post-528063","1":"post","2":"type-post","3":"status-publish","4":"format-standard","5":"has-post-thumbnail","7":"category-rouen","8":"tag-actu","9":"tag-actualites","10":"tag-eu","11":"tag-europe","12":"tag-fr","13":"tag-france","14":"tag-news","15":"tag-normandie","16":"tag-republique-francaise","17":"tag-rouen"},"share_on_mastodon":{"url":"https:\/\/pubeurope.com\/@fr\/115533435564989302","error":""},"_links":{"self":[{"href":"https:\/\/www.europesays.com\/fr\/wp-json\/wp\/v2\/posts\/528063","targetHints":{"allow":["GET"]}}],"collection":[{"href":"https:\/\/www.europesays.com\/fr\/wp-json\/wp\/v2\/posts"}],"about":[{"href":"https:\/\/www.europesays.com\/fr\/wp-json\/wp\/v2\/types\/post"}],"author":[{"embeddable":true,"href":"https:\/\/www.europesays.com\/fr\/wp-json\/wp\/v2\/users\/2"}],"replies":[{"embeddable":true,"href":"https:\/\/www.europesays.com\/fr\/wp-json\/wp\/v2\/comments?post=528063"}],"version-history":[{"count":0,"href":"https:\/\/www.europesays.com\/fr\/wp-json\/wp\/v2\/posts\/528063\/revisions"}],"wp:featuredmedia":[{"embeddable":true,"href":"https:\/\/www.europesays.com\/fr\/wp-json\/wp\/v2\/media\/528064"}],"wp:attachment":[{"href":"https:\/\/www.europesays.com\/fr\/wp-json\/wp\/v2\/media?parent=528063"}],"wp:term":[{"taxonomy":"category","embeddable":true,"href":"https:\/\/www.europesays.com\/fr\/wp-json\/wp\/v2\/categories?post=528063"},{"taxonomy":"post_tag","embeddable":true,"href":"https:\/\/www.europesays.com\/fr\/wp-json\/wp\/v2\/tags?post=528063"}],"curies":[{"name":"wp","href":"https:\/\/api.w.org\/{rel}","templated":true}]}}