{"id":528067,"date":"2025-11-11T22:34:12","date_gmt":"2025-11-11T22:34:12","guid":{"rendered":"https:\/\/www.europesays.com\/fr\/528067\/"},"modified":"2025-11-11T22:34:12","modified_gmt":"2025-11-11T22:34:12","slug":"cette-caserne-de-pompiers-dille-et-vilaine-participe-au-championnat-de-france-des-calendriers-maville","status":"publish","type":"post","link":"https:\/\/www.europesays.com\/fr\/528067\/","title":{"rendered":"Cette caserne de pompiers d\u2019Ille-et-Vilaine participe au championnat de France des calendriers\u2026 &#8211; Maville"},"content":{"rendered":"<ol>\n<li><a href=\"https:\/\/news.google.com\/rss\/articles\/CBMikwJBVV95cUxPNXhTMHFLXzFmMVpxeWxmOVYwR1QzNmhjWTl3TTUtZkdJMXBkRDlVZ08wclZ0M0U3Z2xGX2FJWHphd3F1ZERsWFRJejVTVnUtSnJ4ZlpiN05LTzh5MHhzdzdVWEhudzRqWXlTbHI1Q1hMTTJkLVNvVUJOajNIMm9MckNKR0V5dzl5MDRoaHpNWjlEbF9zWFFzcExmR05rUmFSQkZOVWNlMm43dHUzNDdQa2poY0ktdTV4Tlo2RU44MHduUlBtVmo1Z1FXWG9VWVNjc3d5anVlTi11WXRXMmZRZzB6cHNYaW5XWVQwTFBfZVZIdDdreGhqRlhWWUZlSFpBOHRLVjFkbGV0a3JyeEpZbmM0NA?oc=5\" target=\"_blank\" rel=\"noopener\">Cette caserne de pompiers d\u2019Ille-et-Vilaine participe au championnat de France des calendriers\u2026<\/a>&nbsp;&nbsp;Maville<\/li>\n<li><a href=\"https:\/\/news.google.com\/rss\/articles\/CBMijwJBVV95cUxNWEEyQkUweUVyaUhPS3BYR3BuZTJMZnozaUlmRXBvU3BOZGc5QnN0NmtYdXBlY0VwQ1YteVJQUzZqbDBmX0tWam5qaEhsa1VqQnI5aHdTd0ZGb1VPaTZuZUcyWkgxUnJxU2FzcjJDTTc3UFJlRnNpMnVuNHZfbGFFX1VSUjMzdGJBWUhySUlTSXZxTV93UTRkZWdXc200MVc3clk3NHRZeFZ2Q1hkeWZwMmlfUUhRRTJidnZqWG9iRDBaM2VXaEZ1UTdCc040MkpYd0lSb1pac2wydTJhUEpLRkRPX2JKLWdFcF9LNGpPX1lqMXhmcDAxaWIzREZtdmxGOTZPSzIyNlJYaWF2al9F?oc=5\" target=\"_blank\" rel=\"noopener\">Les pompiers de Redon ont commenc\u00e9 la distribution de leur calendrier : il contient des nouveaut\u00e9s<\/a>&nbsp;&nbsp;Ouest-France<\/li>\n<li><a href=\"https:\/\/news.google.com\/rss\/articles\/CBMilAFBVV95cUxOTHB6UWVzbF96R0hLOVhWV1JZUFlFY1JYU0dPandLSzd5ZUkxcVpETjFZUTFOQ2NuajhRc2hfNV9iRElsN3NkdGJHR3JmRXBXamZPVWYzenFsQnRsT1ExTjdqZThDbHptbUVTWW55VE1QZ1RhWW1JOHl5NC1pY3VkY2F1YXJxaFdfX09hSkpKbUl1SWxu?oc=5\" target=\"_blank\" rel=\"noopener\">Les Aveni\u00e8res-Veyrins-Thuellin | Corbelin. La tourn\u00e9e des calendriers a commenc\u00e9 samedi<\/a>&nbsp;&nbsp;Le Dauphin\u00e9 Lib\u00e9r\u00e9<\/li>\n<li><a href=\"https:\/\/news.google.com\/rss\/articles\/CBMiuAFBVV95cUxNbUwzeGltcUVRMmpFaVdpVERnV0JIZ2otQ0FsS05KWWtnT0NfWUNVcTRheEd4RHRMRzdxU29WTWNKZk90S3hnSlVfOXVCeVFHc3B4bUpLRW01Wnd2ZTFacVVIWnZKSzl4a1NQdFVHQTZ2a3pteEVvSkg2aHVmMnJxQUpCRVY0UWJ3VnFyS2pkU2prdU1GX2ZnSk9CaTV2UXE3ZzdpV3dkSU5TU050SlBLRW4yVmV1d0dT?oc=5\" target=\"_blank\" rel=\"noopener\">Mirambeau : le calendrier 2026 des pompiers est arriv\u00e9<\/a>&nbsp;&nbsp;Sud Ouest<\/li>\n<li><a href=\"https:\/\/news.google.com\/rss\/articles\/CBMimwJBVV95cUxNT3NGYUprcFY5bGJxb0pEbVUzRE1LVDZiUUcyT1E3NmZtQ01BQzk2UUVxM0VQb3l1UGY1YWxzUkp0YkxQdlNvR1FXOTducm9PQXNqVENzRW1hUTBSY0hpR2hiRncxRG9TVmR2TlRtdE4wV1ZQQVV5WGtjb1RDYzQxLTNUcWE2ZGhtdXpLbjJOTk9lbkRwSHJyV1B4MVRaZWZpY1h1anhaLWduX05iNEdlUkJJaURVdGR6MF9aLW1lOGJxaTQ2NGVtdGE4dE9yTzVCa2xLOFQ3bFpoQXZGaXNtVkdFUkpKZXJzWjEzUGQtWEJrdTBVVVVSN3RsaEdQemE1ZndNR2h0cHhpcVBpM0dpczNsTm5UT2p6VHJR?oc=5\" target=\"_blank\" rel=\"noopener\">Halte aux photos de chatons ou de paysages : les pompiers de Nogent-le-Rotrou cassent les codes du calendrier<\/a>&nbsp;&nbsp;Le Parisien<\/li>\n<\/ol>\n","protected":false},"excerpt":{"rendered":"Cette caserne de pompiers d\u2019Ille-et-Vilaine participe au championnat de France des calendriers\u2026&nbsp;&nbsp;Maville Les pompiers de Redon ont commenc\u00e9&hellip;\n","protected":false},"author":2,"featured_media":528068,"comment_status":"","ping_status":"","sticky":false,"template":"","format":"standard","meta":{"footnotes":""},"categories":[2821],"tags":[1111,11,829,64729,20446,3233,1777,674,1011,27,848,12,3745,1311,584,25,6689,5153,9693],"class_list":{"0":"post-528067","1":"post","2":"type-post","3":"status-publish","4":"format-standard","5":"has-post-thumbnail","7":"category-rennes","8":"tag-actu","9":"tag-actualites","10":"tag-bretagne","11":"tag-calendriers","12":"tag-caserne","13":"tag-championnat","14":"tag-eu","15":"tag-europe","16":"tag-fr","17":"tag-france","18":"tag-ille-et-vilaine","19":"tag-news","20":"tag-participe","21":"tag-pompiers","22":"tag-rennes","23":"tag-republique-francaise","24":"tag-roche","25":"tag-sapeurs-pompiers","26":"tag-yon"},"share_on_mastodon":{"url":"https:\/\/pubeurope.com\/@fr\/115533451451135345","error":""},"_links":{"self":[{"href":"https:\/\/www.europesays.com\/fr\/wp-json\/wp\/v2\/posts\/528067","targetHints":{"allow":["GET"]}}],"collection":[{"href":"https:\/\/www.europesays.com\/fr\/wp-json\/wp\/v2\/posts"}],"about":[{"href":"https:\/\/www.europesays.com\/fr\/wp-json\/wp\/v2\/types\/post"}],"author":[{"embeddable":true,"href":"https:\/\/www.europesays.com\/fr\/wp-json\/wp\/v2\/users\/2"}],"replies":[{"embeddable":true,"href":"https:\/\/www.europesays.com\/fr\/wp-json\/wp\/v2\/comments?post=528067"}],"version-history":[{"count":0,"href":"https:\/\/www.europesays.com\/fr\/wp-json\/wp\/v2\/posts\/528067\/revisions"}],"wp:featuredmedia":[{"embeddable":true,"href":"https:\/\/www.europesays.com\/fr\/wp-json\/wp\/v2\/media\/528068"}],"wp:attachment":[{"href":"https:\/\/www.europesays.com\/fr\/wp-json\/wp\/v2\/media?parent=528067"}],"wp:term":[{"taxonomy":"category","embeddable":true,"href":"https:\/\/www.europesays.com\/fr\/wp-json\/wp\/v2\/categories?post=528067"},{"taxonomy":"post_tag","embeddable":true,"href":"https:\/\/www.europesays.com\/fr\/wp-json\/wp\/v2\/tags?post=528067"}],"curies":[{"name":"wp","href":"https:\/\/api.w.org\/{rel}","templated":true}]}}