{"id":528094,"date":"2025-11-11T22:51:14","date_gmt":"2025-11-11T22:51:14","guid":{"rendered":"https:\/\/www.europesays.com\/fr\/528094\/"},"modified":"2025-11-11T22:51:14","modified_gmt":"2025-11-11T22:51:14","slug":"rhone-comment-les-hospices-civils-de-lyon-reduisent-leur-empreinte-carbone","status":"publish","type":"post","link":"https:\/\/www.europesays.com\/fr\/528094\/","title":{"rendered":"Rh\u00f4ne. Comment les Hospices civils de Lyon r\u00e9duisent leur empreinte carbone"},"content":{"rendered":"<p>H\u00f4pital \u00c9douard-Herriot, en plein centre de Lyon. Il fait partie de ces sites \u00e0 l\u2019ind\u00e9niable cachet historique. On y reconna\u00eet la griffe de l\u2019architecte Tony Garnier, auquel le maire de l\u2019\u00e9poque a fait appel, dans l\u2019entre-deux-guerres, pour cr\u00e9er \u00ab\u00a0une cit\u00e9-jardin pour les malades\u00a0\u00bb. La structure en pavillons \u00e9tait prometteuse, tout comme la superficie (156\u00a0000 m\u00e8tres carr\u00e9s) pour laisser de la place \u00e0 la v\u00e9g\u00e9tation.<\/p>\n<p>92 ans apr\u00e8s son inauguration, le \u00ab\u00a0tout voiture\u00a0\u00bb des ann\u00e9es 70 est pass\u00e9 par l\u00e0. La cit\u00e9 a pris le pas sur le jardin. Les voies entre les b\u00e2timents sont jalonn\u00e9es de stationnements, les trottoirs \u00e9troits.<\/p>\n<p>Un projet apr\u00e8s l\u2019autre<\/p>\n<p>\u00ab\u00a0Petit \u00e0 petit, nous essayons de renaturer les espaces\u00a0\u00bb, explique Julie Marconnet, charg\u00e9e de mission transition \u00e9cologique et&#8230;<\/p>\n","protected":false},"excerpt":{"rendered":"H\u00f4pital \u00c9douard-Herriot, en plein centre de Lyon. Il fait partie de ces sites \u00e0 l\u2019ind\u00e9niable cachet historique. On&hellip;\n","protected":false},"author":2,"featured_media":528095,"comment_status":"","ping_status":"","sticky":false,"template":"","format":"standard","meta":{"footnotes":""},"categories":[1889],"tags":[1111,11,2430,436,1777,674,1011,27,9588,1686,2428,12,5140,25,71],"class_list":{"0":"post-528094","1":"post","2":"type-post","3":"status-publish","4":"format-standard","5":"has-post-thumbnail","7":"category-lyon","8":"tag-actu","9":"tag-actualites","10":"tag-auvergne-rhone-alpes","11":"tag-environnement","12":"tag-eu","13":"tag-europe","14":"tag-fr","15":"tag-france","16":"tag-ici-on-agit","17":"tag-import-print","18":"tag-lyon","19":"tag-news","20":"tag-rechauffement-climatique","21":"tag-republique-francaise","22":"tag-sante"},"share_on_mastodon":{"url":"https:\/\/pubeurope.com\/@fr\/115533518149195696","error":""},"_links":{"self":[{"href":"https:\/\/www.europesays.com\/fr\/wp-json\/wp\/v2\/posts\/528094","targetHints":{"allow":["GET"]}}],"collection":[{"href":"https:\/\/www.europesays.com\/fr\/wp-json\/wp\/v2\/posts"}],"about":[{"href":"https:\/\/www.europesays.com\/fr\/wp-json\/wp\/v2\/types\/post"}],"author":[{"embeddable":true,"href":"https:\/\/www.europesays.com\/fr\/wp-json\/wp\/v2\/users\/2"}],"replies":[{"embeddable":true,"href":"https:\/\/www.europesays.com\/fr\/wp-json\/wp\/v2\/comments?post=528094"}],"version-history":[{"count":0,"href":"https:\/\/www.europesays.com\/fr\/wp-json\/wp\/v2\/posts\/528094\/revisions"}],"wp:featuredmedia":[{"embeddable":true,"href":"https:\/\/www.europesays.com\/fr\/wp-json\/wp\/v2\/media\/528095"}],"wp:attachment":[{"href":"https:\/\/www.europesays.com\/fr\/wp-json\/wp\/v2\/media?parent=528094"}],"wp:term":[{"taxonomy":"category","embeddable":true,"href":"https:\/\/www.europesays.com\/fr\/wp-json\/wp\/v2\/categories?post=528094"},{"taxonomy":"post_tag","embeddable":true,"href":"https:\/\/www.europesays.com\/fr\/wp-json\/wp\/v2\/tags?post=528094"}],"curies":[{"name":"wp","href":"https:\/\/api.w.org\/{rel}","templated":true}]}}