{"id":528105,"date":"2025-11-11T22:58:27","date_gmt":"2025-11-11T22:58:27","guid":{"rendered":"https:\/\/www.europesays.com\/fr\/528105\/"},"modified":"2025-11-11T22:58:27","modified_gmt":"2025-11-11T22:58:27","slug":"paris-basketball-panathinaikos-95-101-la-serie-noire-continue-en-euroligue-pour-les-parisiens-crucifies-par-t-j-shorts","status":"publish","type":"post","link":"https:\/\/www.europesays.com\/fr\/528105\/","title":{"rendered":"Paris Basketball-Panathina\u00efkos (95-101)\u00a0: la s\u00e9rie noire continue en Euroligue pour les Parisiens, crucifi\u00e9s par T.J. Shorts"},"content":{"rendered":"<p class=\"paragraph text_align_left lp-f-body-02\">La soir\u00e9e de f\u00eate a mal tourn\u00e9. <a href=\"https:\/\/www.leparisien.fr\/sports\/basket\/delocalisation-a-laccor-arena-et-retour-de-tj-shorts-match-de-gala-pour-le-paris-basketball-face-a-panathinaikos-11-11-2025-ZLRTFD2DUNFVVLACOHVULIAAEE.php\" target=\"_self\" rel=\"nofollow noopener\">De retour \u00e0 l\u2019Accor Arena<\/a> pour la premi\u00e8re fois de la saison, <a href=\"https:\/\/www.leparisien.fr\/sports\/basket\/proposer-des-nouveautes-pour-ne-jamais-lasser-comment-le-paris-basket-cherche-toujours-a-surprendre-son-public-09-10-2025-MJER62NIMFEIFJUSOE3JVL64GI.php\" target=\"_self\" rel=\"nofollow noopener\">le Paris Basketball<\/a> s\u2019est inclin\u00e9 face au Panathina\u00efkos ce mardi lors de la 10e journ\u00e9e d\u2019Euroligue (95-101), conc\u00e9dant sa quatri\u00e8me d\u00e9faite cons\u00e9cutive en saison r\u00e9guli\u00e8re.<\/p>\n<p class=\"paragraph text_align_left lp-f-body-02\">Importante sur l\u2019enjeu sportif, la rencontre l\u2019\u00e9tait presque autant sur le plan symbolique, puisque, <a href=\"https:\/\/www.leparisien.fr\/sports\/basket\/basket-accord-entre-le-meneur-parisien-tj-shorts-et-le-panathinaikos-12-06-2025-LE4U5QKCZZHGNJSAEFPMYSPEGI.php\" target=\"_self\" rel=\"nofollow noopener\">cinq mois apr\u00e8s son d\u00e9part vers la Gr\u00e8ce<\/a>, T.J. Shorts faisait son retour dans la capitale. Double MVP du Championnat de France, fer de lance du <a href=\"https:\/\/www.leparisien.fr\/sports\/basket\/cest-la-fin-dun-voyage-ivre-de-bonheur-le-paris-basketball-est-un-magnifique-champion-de-france-24-06-2025-G7JNRGJC6BBXVIUWF7LUQCUVDM.php\" target=\"_self\" rel=\"nofollow noopener\">premier titre national d\u00e9croch\u00e9 par le Paris Basketball<\/a> au printemps dernier, <a href=\"https:\/\/www.leparisien.fr\/sports\/basket\/il-me-surprend-tout-le-temps-tj-shorts-latout-maitre-du-paris-basketball-15-06-2025-AHD3JE4OZZGNBPABFV3HBFAMJA.php\" target=\"_self\" rel=\"nofollow noopener\">le h\u00e9ros des r\u00e9centes \u00e9pop\u00e9es parisiennes<\/a> a \u00e9t\u00e9 f\u00eat\u00e9 \u00e0 Bercy.<\/p>\n<p>T.J. Shorts honor\u00e9 et d\u00e9cisif<\/p>\n<p class=\"paragraph text_align_left lp-f-body-02\">Apr\u00e8s avoir vu ses \u00ab highlights \u00bb \u00eatre diffus\u00e9s sur les \u00e9crans g\u00e9ants, l\u2019insaisissable meneur a re\u00e7u, comme les autres anciens repass\u00e9s par Paris, une bague de champion de France \u00e0 la mode NBA.<\/p>\n<blockquote class=\"twitter-tweet\">\n<p lang=\"fr\" dir=\"ltr\">Aujourd&rsquo;hui sous les couleurs du Panathina\u00efkos, T. J. Shorts a \u00e9t\u00e9 honor\u00e9 pour son retour \u00e0 Paris avant le coup d&rsquo;envoi du match d&rsquo;Euroligue face au Paris Basketball \ud83d\udc8d <a href=\"https:\/\/t.co\/XBthDA5Zn7\" rel=\"nofollow\">pic.twitter.com\/XBthDA5Zn7<\/a><\/p>\n<p>\u2014 la chaine L&rsquo;\u00c9quipe (@lachainelequipe) <a href=\"https:\/\/twitter.com\/lachainelequipe\/status\/1988337215890403635?ref_src=twsrc%5Etfw\" rel=\"nofollow noopener\" target=\"_blank\">November 11, 2025<\/a><\/p><\/blockquote>\n<p class=\"paragraph text_align_left lp-f-body-02\">Mais sur le parquet, T.J. Shorts n\u2019a pas fait dans le sentimental avec <a href=\"https:\/\/www.leparisien.fr\/sports\/basket\/paris-basketball-monaco-pourquoi-nadir-hifi-et-tj-shorts-detiennent-les-cles-de-la-finale-24-06-2025-JSNQMB3HU5EYVLJ5W5SCJKUYAY.php\" target=\"_blank\" rel=\"nofollow noopener\">Nadir Hifi, son fr\u00e8re d\u2019armes<\/a> de la saison pass\u00e9e, et ses anciens co\u00e9quipiers. Comme un symbole, le joueur am\u00e9ricano-mac\u00e9donien a inscrit le premier panier de la partie. Toujours aussi actif, il a g\u00ean\u00e9 ses adversaires par sa mobilit\u00e9 et a livr\u00e9 un bon match (13 points, 2 rebonds, 6 passes), dans le sillage du duo form\u00e9 par Kendrick Nunn (20 points, 4 rebonds, 6 passes) et Kenneth Faried (17 points, 10 rebonds, 1 passe).<\/p>\n<p class=\"paragraph text_align_left lp-f-body-02\">Beaucoup plus performants que les Parisiens en dehors du cercle lors du premier acte, les Grecs ont fait une grosse diff\u00e9rence durant le deuxi\u00e8me quart-temps gr\u00e2ce \u00e0 leur adresse \u00e0 trois points (61 % contre 35 % \u00e0 la pause).<\/p>\n<p>Une fin de match \u00e9touffante et des espoirs douch\u00e9s<\/p>\n<p class=\"paragraph text_align_left lp-f-body-02\">De son c\u00f4t\u00e9, <a href=\"https:\/\/www.leparisien.fr\/sports\/basket\/proposer-des-nouveautes-pour-ne-jamais-lasser-comment-le-paris-basket-cherche-toujours-a-surprendre-son-public-09-10-2025-MJER62NIMFEIFJUSOE3JVL64GI.php\" target=\"_self\" rel=\"nofollow noopener\">le Paris Basketball<\/a> a souffert pour se mettre en \u00e9vidence offensivement, g\u00ean\u00e9 par l\u2019agressivit\u00e9 d\u00e9fensive des visiteurs, en t\u00eate de 9 points au moment de regagner les vestiaires (43-52).<\/p>\n<p class=\"paragraph text_align_left lp-f-body-02\">Anim\u00e9s par la volont\u00e9 d\u2019\u00e9viter une nouvelle d\u00e9sillusion europ\u00e9enne, <a href=\"https:\/\/www.leparisien.fr\/sports\/basket\/etre-le-meilleur-et-faire-kiffer-les-gens-nadir-hifi-explique-pourquoi-il-a-decide-de-rester-au-paris-basketball-27-09-2025-QH75Z27GCJAFFFZLPMICQHWLYI.php\" target=\"_self\" rel=\"nofollow noopener\">Nadir Hifi<\/a> et ses partenaires ont r\u00e9agi. Sous l\u2019impulsion de leur leader (19 points, 4 rebonds, 2 passes), les champions de France ont fait le dos rond avant de revenir \u00e0 hauteur au moment d\u2019entamer le dernier quart-temps (72-72).<\/p>\n<p class=\"paragraph text_align_left lp-f-body-02\">En pleine euphorie, \u00e0 l\u2019image des tirs prim\u00e9s \u00e0 r\u00e9p\u00e9tition inscrits par les arri\u00e8res Sebastian Herrera et Yakuba Ouattara, les locaux ont fini fort, peut-\u00eatre port\u00e9s par le souvenir du succ\u00e8s fondateur qu\u2019ils avaient d\u00e9croch\u00e9 contre leur rival grec la saison derni\u00e8re en Euroligue (84-80).<\/p>\n<p class=\"paragraph text_align_left lp-f-body-02\">L\u2019Accor Arena a longtemps cru que la rencontre allait basculer dans le sens de ses prot\u00e9g\u00e9s, mais l\u2019impressionnante adresse longue distance des Grecs a fait la diff\u00e9rence dans les moments chauds. Pire, T.J. Shorts a attendu les toutes derni\u00e8res minutes pour briller et crucifier son ancienne \u00e9quipe en inscrivant la majorit\u00e9 de ses points dans le dernier quart, dont deux lancers francs d\u00e9cisifs dans la derni\u00e8re minute.<\/p>\n<p class=\"paragraph text_align_left lp-f-body-02\">D\u00e9sormais \u00e0 six d\u00e9faites pour quatre victoires en phase r\u00e9guli\u00e8re, les Parisiens auront l\u2019occasion de se reprendre d\u00e8s jeudi, face \u00e0 Valence.<\/p>\n<p><script async src=\"https:\/\/platform.twitter.com\/widgets.js\" charset=\"utf-8\"><\/script><\/p>\n","protected":false},"excerpt":{"rendered":"La soir\u00e9e de f\u00eate a mal tourn\u00e9. De retour \u00e0 l\u2019Accor Arena pour la premi\u00e8re fois de la&hellip;\n","protected":false},"author":2,"featured_media":528106,"comment_status":"","ping_status":"","sticky":false,"template":"","format":"standard","meta":{"footnotes":""},"categories":[1888],"tags":[11,1465,1777,674,1011,27,12,626,25,60],"class_list":{"0":"post-528105","1":"post","2":"type-post","3":"status-publish","4":"format-standard","5":"has-post-thumbnail","7":"category-paris","8":"tag-actualites","9":"tag-basket","10":"tag-eu","11":"tag-europe","12":"tag-fr","13":"tag-france","14":"tag-news","15":"tag-paris","16":"tag-republique-francaise","17":"tag-sports"},"share_on_mastodon":{"url":"https:\/\/pubeurope.com\/@fr\/115533545752167568","error":""},"_links":{"self":[{"href":"https:\/\/www.europesays.com\/fr\/wp-json\/wp\/v2\/posts\/528105","targetHints":{"allow":["GET"]}}],"collection":[{"href":"https:\/\/www.europesays.com\/fr\/wp-json\/wp\/v2\/posts"}],"about":[{"href":"https:\/\/www.europesays.com\/fr\/wp-json\/wp\/v2\/types\/post"}],"author":[{"embeddable":true,"href":"https:\/\/www.europesays.com\/fr\/wp-json\/wp\/v2\/users\/2"}],"replies":[{"embeddable":true,"href":"https:\/\/www.europesays.com\/fr\/wp-json\/wp\/v2\/comments?post=528105"}],"version-history":[{"count":0,"href":"https:\/\/www.europesays.com\/fr\/wp-json\/wp\/v2\/posts\/528105\/revisions"}],"wp:featuredmedia":[{"embeddable":true,"href":"https:\/\/www.europesays.com\/fr\/wp-json\/wp\/v2\/media\/528106"}],"wp:attachment":[{"href":"https:\/\/www.europesays.com\/fr\/wp-json\/wp\/v2\/media?parent=528105"}],"wp:term":[{"taxonomy":"category","embeddable":true,"href":"https:\/\/www.europesays.com\/fr\/wp-json\/wp\/v2\/categories?post=528105"},{"taxonomy":"post_tag","embeddable":true,"href":"https:\/\/www.europesays.com\/fr\/wp-json\/wp\/v2\/tags?post=528105"}],"curies":[{"name":"wp","href":"https:\/\/api.w.org\/{rel}","templated":true}]}}