{"id":528107,"date":"2025-11-11T22:59:15","date_gmt":"2025-11-11T22:59:15","guid":{"rendered":"https:\/\/www.europesays.com\/fr\/528107\/"},"modified":"2025-11-11T22:59:15","modified_gmt":"2025-11-11T22:59:15","slug":"le-g7-veut-une-position-commune-face-a-la-russie","status":"publish","type":"post","link":"https:\/\/www.europesays.com\/fr\/528107\/","title":{"rendered":"Le G7 veut une position commune face \u00e0 la Russie"},"content":{"rendered":"<p>La Russie a d\u00e9nonc\u00e9, mardi, une \u00abprovocation\u00bb orchestr\u00e9e par l\u2019Ukraine et son alli\u00e9 britannique qui visait, selon elle, \u00e0 d\u00e9tourner un avion de chasse russe MiG-31 \u00e9quip\u00e9 d\u2019un missile hypersonique Kinjal.<\/p>\n<p><img loading=\"lazy\" decoding=\"async\" src=\"https:\/\/www.europesays.com\/fr\/wp-content\/uploads\/2025\/11\/7eec1086-8060-4fa6-b040-41402fb40507.jpg\" alt=\"Des avions de chasse russes MiG-31K survolent le centre-ville de Moscou, lors d'un d\u00e9fil\u00e9 militaire.\" title=\"Des avions de chasse russes MiG-31K survolent le centre-ville de Moscou, lors d'un d\u00e9fil\u00e9 militaire.\"  width=\"1200\" height=\"800\"\/><\/p>\n<p>Des avions de chasse russes MiG-31K survolent le centre-ville de Moscou, lors d&rsquo;un d\u00e9fil\u00e9 militaire.<\/p>\n<p>AFP<\/p>\n<p>Moscou, qui a lanc\u00e9 une offensive \u00e0 grande \u00e9chelle contre l\u2019Ukraine en f\u00e9vrier 2022, accuse r\u00e9guli\u00e8rement Kiev et ses alli\u00e9s europ\u00e9ens de s\u2019en prendre \u00e0 ses int\u00e9r\u00eats sur son sol, le plus souvent sans fournir de preuves.<\/p>\n<p>Mardi matin, le Service f\u00e9d\u00e9ral russe de s\u00e9curit\u00e9 (FSB) a dit avoir mis \u00abfin \u00e0 l\u2019op\u00e9ration des Services de renseignement du minist\u00e8re ukrainien de la D\u00e9fense et de ses tuteurs britanniques visant \u00e0 d\u00e9tourner vers l\u2019\u00e9tranger un avion de chasse MiG-31 des forces arm\u00e9es russes, porteur du missile hypersonique Kinjal\u00bb.<\/p>\n<p>Le FSB accuse ainsi les services de renseignement ukrainiens d\u2019avoir tent\u00e9 de recruter des pilotes pour cette op\u00e9ration en leur proposant trois millions de dollars.<\/p>\n<p>Selon le FSB, l\u2019avion aurait d\u00fb ensuite \u00eatre achemin\u00e9 vers la base a\u00e9rienne militaire de l\u2019OTAN de Constanta, en Roumanie, situ\u00e9e sur les bords de la mer Noire, \u00e0 400 km \u00e0 vol d\u2019oiseau de la p\u00e9ninsule de Crim\u00e9e, annex\u00e9e par Moscou en 2014. L\u00e0-bas, l\u2019appareil aurait pu \u00eatre \u00ababattu\u00bb par les syst\u00e8mes de d\u00e9fense antia\u00e9rienne, a encore expliqu\u00e9 le FSB.<\/p>\n<p>\u00abCes projets ukrainiens et britanniques d\u2019organiser une provocation d\u2019ampleur ont \u00e9t\u00e9 d\u00e9jou\u00e9s\u00bb, gr\u00e2ce \u00e0 l\u2019un des pilotes de l\u2019avion qui a pr\u00e9venu les forces de l\u2019ordre, selon la m\u00eame source.<\/p>\n","protected":false},"excerpt":{"rendered":"La Russie a d\u00e9nonc\u00e9, mardi, une \u00abprovocation\u00bb orchestr\u00e9e par l\u2019Ukraine et son alli\u00e9 britannique qui visait, selon elle,&hellip;\n","protected":false},"author":2,"featured_media":528108,"comment_status":"","ping_status":"","sticky":false,"template":"","format":"standard","meta":{"footnotes":""},"categories":[1591],"tags":[11,1887,12,1885,1886,132],"class_list":{"0":"post-528107","1":"post","2":"type-post","3":"status-publish","4":"format-standard","5":"has-post-thumbnail","7":"category-russie","8":"tag-actualites","9":"tag-federation-de-russie","10":"tag-news","11":"tag-russia","12":"tag-russian-federation","13":"tag-russie"},"share_on_mastodon":{"url":"https:\/\/pubeurope.com\/@fr\/115533550237258510","error":""},"_links":{"self":[{"href":"https:\/\/www.europesays.com\/fr\/wp-json\/wp\/v2\/posts\/528107","targetHints":{"allow":["GET"]}}],"collection":[{"href":"https:\/\/www.europesays.com\/fr\/wp-json\/wp\/v2\/posts"}],"about":[{"href":"https:\/\/www.europesays.com\/fr\/wp-json\/wp\/v2\/types\/post"}],"author":[{"embeddable":true,"href":"https:\/\/www.europesays.com\/fr\/wp-json\/wp\/v2\/users\/2"}],"replies":[{"embeddable":true,"href":"https:\/\/www.europesays.com\/fr\/wp-json\/wp\/v2\/comments?post=528107"}],"version-history":[{"count":0,"href":"https:\/\/www.europesays.com\/fr\/wp-json\/wp\/v2\/posts\/528107\/revisions"}],"wp:featuredmedia":[{"embeddable":true,"href":"https:\/\/www.europesays.com\/fr\/wp-json\/wp\/v2\/media\/528108"}],"wp:attachment":[{"href":"https:\/\/www.europesays.com\/fr\/wp-json\/wp\/v2\/media?parent=528107"}],"wp:term":[{"taxonomy":"category","embeddable":true,"href":"https:\/\/www.europesays.com\/fr\/wp-json\/wp\/v2\/categories?post=528107"},{"taxonomy":"post_tag","embeddable":true,"href":"https:\/\/www.europesays.com\/fr\/wp-json\/wp\/v2\/tags?post=528107"}],"curies":[{"name":"wp","href":"https:\/\/api.w.org\/{rel}","templated":true}]}}