{"id":528123,"date":"2025-11-11T23:07:13","date_gmt":"2025-11-11T23:07:13","guid":{"rendered":"https:\/\/www.europesays.com\/fr\/528123\/"},"modified":"2025-11-11T23:07:13","modified_gmt":"2025-11-11T23:07:13","slug":"qui-sont-les-trois-nommes-de-la-semaine-speci","status":"publish","type":"post","link":"https:\/\/www.europesays.com\/fr\/528123\/","title":{"rendered":"qui sont les trois nomm\u00e9s de la semaine sp\u00e9ci &#8230;"},"content":{"rendered":"<p>EN BREF<\/p>\n<ul class=\"bloc_resume_post_list\">\n<li>Le 11 novembre, Michael Goldman a annonc\u00e9 les trois<br \/>\nnomm\u00e9s de la Star Academy apr\u00e8s l\u00a0\u00bb\u00e9limination de Noah.<\/li>\n<li>Les \u00e9l\u00e8ves ont choisi des titres d&rsquo;anciens \u00e9l\u00e8ves pour<br \/>\nleurs \u00e9valuations, mais ont rencontr\u00e9 des difficult\u00e9s.<\/li>\n<li>Les erreurs de L\u00e9ane, Th\u00e9o L. et Ema pourraient leur<br \/>\nco\u00fbter cher lors du prochain prime.<\/li>\n<\/ul>\n<p class=\"p1\">La pression monte d\u2019un cran dans la Star Academy.<br \/>\nApr\u00e8s <a href=\"https:\/\/www.telestar.fr\/tele_realite\/star-academy-2025-quel-eleve-a-ete-elimine-ce-7-novembre-1744736\" target=\"_blank\" rel=\"noopener\"><br \/>\nl\u2019\u00e9limination de Noah<\/a> lors du dernier prime, les <strong>14<br \/>\n\u00e9l\u00e8ves encore en comp\u00e9tition<\/strong> ont d\u00e9couvert le th\u00e8me de la<br \/>\nsemaine. Celle-ci est tr\u00e8s sp\u00e9ciale puisqu\u2019il s\u2019agit de la<br \/>\n<strong>semaine sp\u00e9ciale anciens \u00e9l\u00e8ves<\/strong>.<\/p>\n<p class=\"p1\">Pour les \u00e9valuations, les \u00e9l\u00e8ves ont pu choisir un<br \/>\ntitre parmi <strong>le r\u00e9pertoire des promotions<br \/>\npr\u00e9c\u00e9dentes<\/strong>. Ils avaient ainsi le choix entre Boule au<br \/>\nventre d\u2019H\u00e9l\u00e9na, Adieu, nous deux de Pierre Garnier,<br \/>\nMa Faute de Marine, Autrement de Julien Lieb,<br \/>\nLa maison de Marguerite ou encore Fou<br \/>\nd\u2019Ulysse.<\/p>\n<p>Les \u00e9valuations n\u2019ont pas convaincu le jury<\/p>\n<p class=\"p1\">Si les chansons choisies avaient tout pour plaire aux<br \/>\nacad\u00e9miciens, <strong>le court d\u00e9lai<\/strong> pour les apprendre<br \/>\nleur a donn\u00e9 du fil \u00e0 retordre. Les \u00e9valuations se sont alors<br \/>\ntransform\u00e9es en <strong>v\u00e9ritable h\u00e9catombe<\/strong>. Visiblement<br \/>\ntr\u00e8s anxieuse \u00e0 l\u2019id\u00e9e de rejoindre le banc des nomm\u00e9s pour la<br \/>\ntroisi\u00e8me fois, <strong>Ema<\/strong> a oubli\u00e9 une grande partie de<br \/>\nses paroles.<\/p>\n<p class=\"p1\">Par la suite, d\u2019autres \u00e9l\u00e8ves ont connu les m\u00eames<br \/>\nprobl\u00e8mes. <strong>Ambre<\/strong>, ancienne immunis\u00e9e, s\u2019est<br \/>\narr\u00eat\u00e9e en pleine prestation apr\u00e8s avoir \u201caval\u00e9 de<br \/>\ntravers\u201d. <strong>Lily, Jeanne et Victor<\/strong> ont tous \u00e9t\u00e9<br \/>\nvictimes de trous de m\u00e9moire. <strong>L\u00e9ane et Th\u00e9o L.<\/strong> ont<br \/>\npour leur part encha\u00een\u00e9 les erreurs de justesse. Pour <a href=\"https:\/\/www.closermag.fr\/people\/marine-star-academy-2025-son-addiction-surprenante-pourrait-mettre-a-mal-sa-carriere-3592523\" target=\"_blank\" rel=\"noopener\">Marine<\/a>, ancienne gagnante venue<br \/>\nassister aux \u00e9valuations, la prestation de l\u2019ancien candidat de The<br \/>\nVoice a d\u2019ailleurs \u00e9t\u00e9 une petite d\u00e9ception.<\/p>\n<blockquote class=\"instagram-media\" style=\"background: #ffffff;border: 0;margin: 1px;width: 100%;padding: 0;max-width: 500px;\" data-instgrm-permalink=\"https:\/\/www.instagram.com\/p\/DQ7MGCagT90\/\" data-instgrm-version=\"14\"\/><p>\nMichael Goldman annonce les trois<br \/>\nnomm\u00e9s<\/p>\n<p class=\"p1\">Mardi 11 novembre, Michael Goldman a <strong>rejoint<br \/>\nles \u00e9l\u00e8ves<\/strong> au ch\u00e2teau de Dammarie-les-Lys. \u201cC\u2019est vrai<br \/>\nque sur la question du texte, on a \u00e9t\u00e9 un peu surpris sur cette<br \/>\ngestion-l\u00e0, d\u2019une esp\u00e8ce de panique g\u00e9n\u00e9rale et qui a fait des<br \/>\nprestations en dessous de ce que j\u2019attendais de vous\u201d, a-t-il<br \/>\nd&rsquo;abord indiqu\u00e9.<\/p>\n<p class=\"p1\">Apr\u00e8s un court suspense, le directeur de la Star<br \/>\nAcademy a finalement annonc\u00e9 que <strong>L\u00e9ane, Th\u00e9o L.<\/strong> et<br \/>\n<a href=\"https:\/\/www.telestar.fr\/tele_realite\/star-academy-deja-des-larmes-ema-eclate-en-sanglots-en-apprenant-une-mauvaise-nouvelle-1742363\" target=\"_blank\" rel=\"noopener\"><br \/>\nEma<\/a> \u00e9taient les nomm\u00e9s. Leurs erreurs commises lors des<br \/>\n\u00e9valuations leur ont donc co\u00fbt\u00e9 cher. S\u2019ils veulent rester dans la<br \/>\ncomp\u00e9tition, ils devront se montrer \u00e0 la hauteur lors du<br \/>\n<strong>prime du vendredi 14 novembre<\/strong>. En attendant, les<br \/>\nt\u00e9l\u00e9spectateurs peuvent d\u00e9j\u00e0 voter pour sauver leur \u00e9l\u00e8ve<br \/>\npr\u00e9f\u00e9r\u00e9.<\/p>\n<p><script async src=\"\/\/www.instagram.com\/embed.js\"><\/script><\/p>\n","protected":false},"excerpt":{"rendered":"EN BREF Le 11 novembre, Michael Goldman a annonc\u00e9 les trois nomm\u00e9s de la Star Academy apr\u00e8s l\u00a0\u00bb\u00e9limination&hellip;\n","protected":false},"author":2,"featured_media":528124,"comment_status":"","ping_status":"","sticky":false,"template":"","format":"standard","meta":{"footnotes":""},"categories":[2],"tags":[11,548,1011,27,12,25,5095,59699],"class_list":{"0":"post-528123","1":"post","2":"type-post","3":"status-publish","4":"format-standard","5":"has-post-thumbnail","7":"category-actualites","8":"tag-actualites","9":"tag-article-simple","10":"tag-fr","11":"tag-france","12":"tag-news","13":"tag-republique-francaise","14":"tag-star-academy","15":"tag-star-academy-2025"},"share_on_mastodon":{"url":"https:\/\/pubeurope.com\/@fr\/115533581225025531","error":""},"_links":{"self":[{"href":"https:\/\/www.europesays.com\/fr\/wp-json\/wp\/v2\/posts\/528123","targetHints":{"allow":["GET"]}}],"collection":[{"href":"https:\/\/www.europesays.com\/fr\/wp-json\/wp\/v2\/posts"}],"about":[{"href":"https:\/\/www.europesays.com\/fr\/wp-json\/wp\/v2\/types\/post"}],"author":[{"embeddable":true,"href":"https:\/\/www.europesays.com\/fr\/wp-json\/wp\/v2\/users\/2"}],"replies":[{"embeddable":true,"href":"https:\/\/www.europesays.com\/fr\/wp-json\/wp\/v2\/comments?post=528123"}],"version-history":[{"count":0,"href":"https:\/\/www.europesays.com\/fr\/wp-json\/wp\/v2\/posts\/528123\/revisions"}],"wp:featuredmedia":[{"embeddable":true,"href":"https:\/\/www.europesays.com\/fr\/wp-json\/wp\/v2\/media\/528124"}],"wp:attachment":[{"href":"https:\/\/www.europesays.com\/fr\/wp-json\/wp\/v2\/media?parent=528123"}],"wp:term":[{"taxonomy":"category","embeddable":true,"href":"https:\/\/www.europesays.com\/fr\/wp-json\/wp\/v2\/categories?post=528123"},{"taxonomy":"post_tag","embeddable":true,"href":"https:\/\/www.europesays.com\/fr\/wp-json\/wp\/v2\/tags?post=528123"}],"curies":[{"name":"wp","href":"https:\/\/api.w.org\/{rel}","templated":true}]}}