{"id":528127,"date":"2025-11-11T23:09:36","date_gmt":"2025-11-11T23:09:36","guid":{"rendered":"https:\/\/www.europesays.com\/fr\/528127\/"},"modified":"2025-11-11T23:09:36","modified_gmt":"2025-11-11T23:09:36","slug":"abu-dhabi-hsbc-championship-saddier-immediatement-en-tete-federation-francaise-de-golf-ffgolf","status":"publish","type":"post","link":"https:\/\/www.europesays.com\/fr\/528127\/","title":{"rendered":"Abu Dhabi HSBC Championship : Saddier imm\u00e9diatement en t\u00eate &#8211; F\u00e9d\u00e9ration fran\u00e7aise de golf (ffgolf)"},"content":{"rendered":"<ol>\n<li><a href=\"https:\/\/news.google.com\/rss\/articles\/CBMitAFBVV95cUxPQkxqOUgxeUVmMjduQVkydjBIQWtjcWdTLVRyYkIwQ3BVQmRHdXYxR2pXajhQaDVEVUxRVl9pNHpoUEZ0eHhxRG01elJSU0VJUHMwQWRhRDhzc1RtSVh0UVJsTHI3a0liNmdnTWw5QklJNlp2c29aNHJ3MWdQY0cxQ1pqRGZtMW1obUUyTGVRVWVjSlVNNDlEOExncnA1V2dGUnQ5dVFpdmhCcFN2M2xHY2wxeTg?oc=5\" target=\"_blank\" rel=\"nofollow noopener\">Abu Dhabi HSBC Championship : Saddier imm\u00e9diatement en t\u00eate<\/a>&nbsp;&nbsp;F\u00e9d\u00e9ration fran\u00e7aise de golf (ffgolf)<\/li>\n<li><a href=\"https:\/\/news.google.com\/rss\/articles\/CBMingFBVV95cUxNdjFvVldfR1dubDRweEtlYVExa2JkbnBjYzJUNGZlM3VUX3RDWlIzR2MxRFFlZ2FINHpkR2lxdU9VemJlRExpdDAyQnpNR1REY3l1Y3JpNnVmWlB6VGpva2JNVXZWdkwwU2xPV0V2UTA5ejJ4T3hXMWhmRmZXT2U5eGloTE5kTElLZUt2SURZdFpsZm0zVG1NYUNSTU0zZw?oc=5\" target=\"_blank\" rel=\"nofollow noopener\">Les choix de mat\u00e9riel surprenants mais gagnants d\u2019Aaron Rai<\/a>&nbsp;&nbsp;Golf Plan\u00e8te<\/li>\n<li><a href=\"https:\/\/news.google.com\/rss\/articles\/CBMivwFBVV95cUxQTENuVGNtMmkxYXpyd2lzNmFPaWRvQ0Z4Tk9BT0o0Nlo3bnV4aEh6T2VJZGpWQTJSVV9XOU10cGR0cmpTZktObFNNclcyYUV0SFNQckJpd1B5QWtYdklJTVlEMDNicXZKU29RSnlTTk9FMUhONU9oX1JLQ05DaU83MURfcl8wd3JJOFRrUzFrQWliOUJhYmVERkI5YWhBNUdUNjFYTmVKaU9WTHlfSkluNkdEUlFnd3BYM3BDbVBqYw?oc=5\" target=\"_blank\" rel=\"nofollow noopener\">Abu Dhabi HSBC Championship : Une 23e place douce-am\u00e8re pour Couvra<\/a>&nbsp;&nbsp;F\u00e9d\u00e9ration fran\u00e7aise de golf (ffgolf)<\/li>\n<li><a href=\"https:\/\/news.google.com\/rss\/articles\/CBMi4AFBVV95cUxNRzRpdElmRUR5OTBpZTktYTk2QmtuVmhLTElobGVXNWE4Mm5leXpiY3l6bldKZFpUa2dpX0FRU2IyYVpxcEh2LUIzWUZMelV4QlpScG83UFc5Y0NlQ3F1V1dMMnVMY2tOSmRwdDJrTXVwcG9PaERsX042WDZIemJ5dUZ3cmVaMmFGSGR1Y2RnYVFnQ0ltSDR0NmVqcmdRTjh2NF9ObGRDaC1QblU5YXhQM1RENE5LSmhfb0h6TXVPbnY4YXFpd1V1UHpMOFBwTTdDRVYyVGRHMTRkeHR4UlVFRQ?oc=5\" target=\"_blank\" rel=\"nofollow noopener\">Titre pour Aaron Rai, charge et record de Rory McIlroy, un final de folie sur l&rsquo;Abu Dhabi Championship<\/a>&nbsp;&nbsp;L&rsquo;\u00c9quipe<\/li>\n<li><a href=\"https:\/\/news.google.com\/rss\/articles\/CBMi2AFBVV95cUxNb1ZYcy1rUkQzQ3JfWFdpYWFCUVpOaFBZbzNxenZiWklZd216UjJocTlRc1JyV3UyWDlLOW05a0h6enBmSWVtS0lEYXhMdndpUUFXVUllLXJBQmtOVVgyeHQza2ZCNGhnaEY0WE5hNWNCeVhoNVVoZl9xSHl2WnBITTZGRG9Sbm02MHNxai1ZQ1BmbGRMQ1dGcDlyZjB6Z19GQUswQjY5MzVmNVpmaVhtY1h0dG1aWlA1eHVfNDk1Wi1ncHFyQUJIRjdiejJZcm5icEtEdDBqQng?oc=5\" target=\"_blank\" rel=\"nofollow noopener\">DP World Tour : Aaron Rai domine Tommy Fleetwood en playoff et triomphe \u00e0 Abu Dhabi<\/a>&nbsp;&nbsp;Le Figaro Golf<\/li>\n<\/ol>\n","protected":false},"excerpt":{"rendered":"Abu Dhabi HSBC Championship : Saddier imm\u00e9diatement en t\u00eate&nbsp;&nbsp;F\u00e9d\u00e9ration fran\u00e7aise de golf (ffgolf) Les choix de mat\u00e9riel surprenants&hellip;\n","protected":false},"author":2,"featured_media":528128,"comment_status":"","ping_status":"","sticky":false,"template":"","format":"standard","meta":{"footnotes":""},"categories":[1418],"tags":[1011,27,1472,60],"class_list":{"0":"post-528127","1":"post","2":"type-post","3":"status-publish","4":"format-standard","5":"has-post-thumbnail","7":"category-golf","8":"tag-fr","9":"tag-france","10":"tag-golf","11":"tag-sports"},"share_on_mastodon":{"url":"https:\/\/pubeurope.com\/@fr\/115533589028618400","error":""},"_links":{"self":[{"href":"https:\/\/www.europesays.com\/fr\/wp-json\/wp\/v2\/posts\/528127","targetHints":{"allow":["GET"]}}],"collection":[{"href":"https:\/\/www.europesays.com\/fr\/wp-json\/wp\/v2\/posts"}],"about":[{"href":"https:\/\/www.europesays.com\/fr\/wp-json\/wp\/v2\/types\/post"}],"author":[{"embeddable":true,"href":"https:\/\/www.europesays.com\/fr\/wp-json\/wp\/v2\/users\/2"}],"replies":[{"embeddable":true,"href":"https:\/\/www.europesays.com\/fr\/wp-json\/wp\/v2\/comments?post=528127"}],"version-history":[{"count":0,"href":"https:\/\/www.europesays.com\/fr\/wp-json\/wp\/v2\/posts\/528127\/revisions"}],"wp:featuredmedia":[{"embeddable":true,"href":"https:\/\/www.europesays.com\/fr\/wp-json\/wp\/v2\/media\/528128"}],"wp:attachment":[{"href":"https:\/\/www.europesays.com\/fr\/wp-json\/wp\/v2\/media?parent=528127"}],"wp:term":[{"taxonomy":"category","embeddable":true,"href":"https:\/\/www.europesays.com\/fr\/wp-json\/wp\/v2\/categories?post=528127"},{"taxonomy":"post_tag","embeddable":true,"href":"https:\/\/www.europesays.com\/fr\/wp-json\/wp\/v2\/tags?post=528127"}],"curies":[{"name":"wp","href":"https:\/\/api.w.org\/{rel}","templated":true}]}}