{"id":528179,"date":"2025-11-11T23:44:23","date_gmt":"2025-11-11T23:44:23","guid":{"rendered":"https:\/\/www.europesays.com\/fr\/528179\/"},"modified":"2025-11-11T23:44:23","modified_gmt":"2025-11-11T23:44:23","slug":"une-finaliste-de-the-voice-kids-sera-en-concert-dans-une-residence-pour-seniors-pres-de-rennes-2","status":"publish","type":"post","link":"https:\/\/www.europesays.com\/fr\/528179\/","title":{"rendered":"Une finaliste de The Voice kids sera en concert dans une r\u00e9sidence pour seniors pr\u00e8s de Rennes"},"content":{"rendered":"<p>\u00a0J\u2019interpr\u00e9terai un r\u00e9pertoire qui a travers\u00e9 le temps, pass\u00e9 les g\u00e9n\u00e9rations et qui nous lie\u00a0: des classiques de la chanson fran\u00e7aise comme \u00c9dith Piaf ou Jacques Brel, mais aussi les incontournables des ann\u00e9es 1960-1980. \u00c0 l\u2019image de Fran\u00e7oise Hardy, Nino Ferrer ou Francis Cabrel. Mon but est de faire chanter les personnes pr\u00e9sentes\u00a0\u00bb, confie Amandine Prost, qui \u00e9crit \u00e9galement ses propres chansons.<\/p>\n<p>Lire aussi\u00a0: <a href=\"https:\/\/rennes.maville.com\/actu\/actudet_--l-aboutissement-d-une-carriere-ancien-casque-bleu-il-devient-president-des-sous-officiers-pres-de-rennes-_7-7057791_actu.Htm\" target=\"_self\" rel=\"noopener\">\u00ab\u00a0L\u2019aboutissement d\u2019une carri\u00e8re\u00a0\u00bb\u00a0: ancien casque bleu, il devient pr\u00e9sident des sous-officiers pr\u00e8s de Rennes<\/a><\/p>\n<p>Un concert ouvert \u00e0 tous<\/p>\n<p>Elle pr\u00e9pare actuellement son deuxi\u00e8me album. Pour ce concert ouvert \u00e0 tous, elle s\u2019accompagnera \u00e0 la guitare. \u00a0Nous ouvrons r\u00e9guli\u00e8rement nos animations aux personnes ext\u00e9rieures \u00e0 la r\u00e9sidence qui peuvent ainsi profiter gratuitement de ces moments\u00a0\u00bb, pr\u00e9cise Christel Goard, la directrice, qui a \u00e9t\u00e9 repris il y a un an par le groupe Zenitude.<\/p>\n<p><strong>Vendredi 28\u00a0novembre 2025,<\/strong> \u00e0 15\u00a0h, les Girandi\u00e8res \u00e0 Bruz, 2, rue de Gavrinis, gratuit. R\u00e9servation obligatoire au T\u00e9l. 02\u00a023\u00a050\u00a034\u00a040.<\/p>\n<p>\u00a0<\/p>\n","protected":false},"excerpt":{"rendered":"\u00a0J\u2019interpr\u00e9terai un r\u00e9pertoire qui a travers\u00e9 le temps, pass\u00e9 les g\u00e9n\u00e9rations et qui nous lie\u00a0: des classiques de&hellip;\n","protected":false},"author":2,"featured_media":527608,"comment_status":"","ping_status":"","sticky":false,"template":"","format":"standard","meta":{"footnotes":""},"categories":[2821],"tags":[1111,11,829,1697,1777,674,64687,1011,27,10686,12,3762,584,25,11293,3552,3989,3990],"class_list":{"0":"post-528179","1":"post","2":"type-post","3":"status-publish","4":"format-standard","5":"has-post-thumbnail","7":"category-rennes","8":"tag-actu","9":"tag-actualites","10":"tag-bretagne","11":"tag-concert","12":"tag-eu","13":"tag-europe","14":"tag-finaliste","15":"tag-fr","16":"tag-france","17":"tag-kids","18":"tag-news","19":"tag-pres","20":"tag-rennes","21":"tag-republique-francaise","22":"tag-residence","23":"tag-seniors","24":"tag-the","25":"tag-voice"},"share_on_mastodon":{"url":"https:\/\/pubeurope.com\/@fr\/115533726699615911","error":""},"_links":{"self":[{"href":"https:\/\/www.europesays.com\/fr\/wp-json\/wp\/v2\/posts\/528179","targetHints":{"allow":["GET"]}}],"collection":[{"href":"https:\/\/www.europesays.com\/fr\/wp-json\/wp\/v2\/posts"}],"about":[{"href":"https:\/\/www.europesays.com\/fr\/wp-json\/wp\/v2\/types\/post"}],"author":[{"embeddable":true,"href":"https:\/\/www.europesays.com\/fr\/wp-json\/wp\/v2\/users\/2"}],"replies":[{"embeddable":true,"href":"https:\/\/www.europesays.com\/fr\/wp-json\/wp\/v2\/comments?post=528179"}],"version-history":[{"count":0,"href":"https:\/\/www.europesays.com\/fr\/wp-json\/wp\/v2\/posts\/528179\/revisions"}],"wp:featuredmedia":[{"embeddable":true,"href":"https:\/\/www.europesays.com\/fr\/wp-json\/wp\/v2\/media\/527608"}],"wp:attachment":[{"href":"https:\/\/www.europesays.com\/fr\/wp-json\/wp\/v2\/media?parent=528179"}],"wp:term":[{"taxonomy":"category","embeddable":true,"href":"https:\/\/www.europesays.com\/fr\/wp-json\/wp\/v2\/categories?post=528179"},{"taxonomy":"post_tag","embeddable":true,"href":"https:\/\/www.europesays.com\/fr\/wp-json\/wp\/v2\/tags?post=528179"}],"curies":[{"name":"wp","href":"https:\/\/api.w.org\/{rel}","templated":true}]}}