{"id":528195,"date":"2025-11-11T23:55:14","date_gmt":"2025-11-11T23:55:14","guid":{"rendered":"https:\/\/www.europesays.com\/fr\/528195\/"},"modified":"2025-11-11T23:55:14","modified_gmt":"2025-11-11T23:55:14","slug":"les-compagnons-du-devoir-de-midi-pyrenees-se-mobilisent-pour-le-telethon-2025-haute-garonne-colomiers","status":"publish","type":"post","link":"https:\/\/www.europesays.com\/fr\/528195\/","title":{"rendered":"Les Compagnons du Devoir de Midi-Pyr\u00e9n\u00e9es se mobilisent pour le T\u00e9l\u00e9thon 2025 &#8211; Haute Garonne &#8211; Colomiers"},"content":{"rendered":"<p>Comme chaque ann\u00e9e, les Compagnons du Devoir et du Tour de France en r\u00e9gion Midi-Pyr\u00e9n\u00e9es s\u2019engagent aux c\u00f4t\u00e9s du T\u00e9l\u00e9thon. Fid\u00e8les \u00e0 leurs valeurs d\u2019entraide, de transmission et de partage, ils font de cet \u00e9v\u00e9nement un rendez-vous solidaire incontournable, m\u00ealant savoir-faire artisanal et mobilisation collective.\u00a0<\/p>\n<p>Pour les Compagnons, la solidarit\u00e9 n\u2019est pas un geste ponctuel mais une philosophie :\u00a0<\/p>\n<p>\u00ab Apprendre un m\u00e9tier, c\u2019est aussi apprendre \u00e0 donner, partager et agir pour les autres. Le T\u00e9l\u00e9thon refl\u00e8te parfaitement cette philosophie. \u00bb\u00a0<\/p>\n<p>Chaque jeune accueilli en formation apprend non seulement la ma\u00eetrise d\u2019un m\u00e9tier, mais aussi la capacit\u00e9 \u00e0 porter des projets collectifs, au service d\u2019une cause humaine. Les objets et meubles r\u00e9alis\u00e9s pour le T\u00e9l\u00e9thon racontent tous une m\u00eame histoire : celle d\u2019une jeunesse engag\u00e9e, d\u2019un savoir-faire transmis et d\u2019une g\u00e9n\u00e9rosit\u00e9 concr\u00e8te.\u00a0<\/p>\n<p>Maison des Compagnons du Devoir \u00e0 Colomiers samedi 29 novembre\u00a0\u00e0 17h00.\u00a0Entr\u00e9e 25\u20ac \u2013 Sur inscription uniquement.<\/p>\n<p>Au programme de 17h \u00e0 20h30 :\u00a0Visite guid\u00e9e de la maison, lieu de vie et de transmission des m\u00e9tiers\u00a0D\u00e9couverte des ateliers et d\u00e9monstrations de savoir-faire : carrosserie, chaudronnerie, m\u00e9tallurgie, m\u00e9canique de pr\u00e9cision\u00a0Rencontres et \u00e9changes avec Compagnons, formateurs et apprentis\u00a0Vente solidaire de cr\u00e9ations artisanales\u00a0(mobilier &amp; d\u00e9coration), r\u00e9alis\u00e9es par les jeunes en formation sous forme d\u2019ench\u00e8res silencieuses, au profit du T\u00e9l\u00e9thon.<\/p>\n<p>Participer, c\u2019est \u00e0 la fois soutenir la recherche, d\u00e9couvrir des m\u00e9tiers passionnants, et c\u00e9l\u00e9brer la cr\u00e9ativit\u00e9 de la nouvelle g\u00e9n\u00e9ration d\u2019artisans.<\/p>\n<p>Cette association reconnue d\u2019utilit\u00e9 publique, l\u2019AOCDTF forme chaque ann\u00e9e pr\u00e8s de 12 000 jeunes\u00a0dans quatre grandes fili\u00e8res :\u00a0<\/p>\n<p>Le T\u00e9l\u00e9thon est pour eux un moment fort : les ateliers deviennent des espaces de g\u00e9n\u00e9rosit\u00e9 o\u00f9 chaque geste technique se transforme en geste solidaire.\u00a0<\/p>\n<p class=\"signature\" itemscope=\"\" itemprop=\"Author\" itemtype=\"http:\/\/schema.org\/Person\">\n                VLoz\n            <\/p>\n","protected":false},"excerpt":{"rendered":"Comme chaque ann\u00e9e, les Compagnons du Devoir et du Tour de France en r\u00e9gion Midi-Pyr\u00e9n\u00e9es s\u2019engagent aux c\u00f4t\u00e9s&hellip;\n","protected":false},"author":2,"featured_media":395922,"comment_status":"","ping_status":"","sticky":false,"template":"","format":"standard","meta":{"footnotes":""},"categories":[2816],"tags":[1111,11,1777,674,1011,27,23720,12,2680,25,2312],"class_list":{"0":"post-528195","1":"post","2":"type-post","3":"status-publish","4":"format-standard","5":"has-post-thumbnail","7":"category-toulouse","8":"tag-actu","9":"tag-actualites","10":"tag-eu","11":"tag-europe","12":"tag-fr","13":"tag-france","14":"tag-internet-seulement","15":"tag-news","16":"tag-occitanie","17":"tag-republique-francaise","18":"tag-toulouse"},"share_on_mastodon":{"url":"https:\/\/pubeurope.com\/@fr\/115533770176477988","error":""},"_links":{"self":[{"href":"https:\/\/www.europesays.com\/fr\/wp-json\/wp\/v2\/posts\/528195","targetHints":{"allow":["GET"]}}],"collection":[{"href":"https:\/\/www.europesays.com\/fr\/wp-json\/wp\/v2\/posts"}],"about":[{"href":"https:\/\/www.europesays.com\/fr\/wp-json\/wp\/v2\/types\/post"}],"author":[{"embeddable":true,"href":"https:\/\/www.europesays.com\/fr\/wp-json\/wp\/v2\/users\/2"}],"replies":[{"embeddable":true,"href":"https:\/\/www.europesays.com\/fr\/wp-json\/wp\/v2\/comments?post=528195"}],"version-history":[{"count":0,"href":"https:\/\/www.europesays.com\/fr\/wp-json\/wp\/v2\/posts\/528195\/revisions"}],"wp:featuredmedia":[{"embeddable":true,"href":"https:\/\/www.europesays.com\/fr\/wp-json\/wp\/v2\/media\/395922"}],"wp:attachment":[{"href":"https:\/\/www.europesays.com\/fr\/wp-json\/wp\/v2\/media?parent=528195"}],"wp:term":[{"taxonomy":"category","embeddable":true,"href":"https:\/\/www.europesays.com\/fr\/wp-json\/wp\/v2\/categories?post=528195"},{"taxonomy":"post_tag","embeddable":true,"href":"https:\/\/www.europesays.com\/fr\/wp-json\/wp\/v2\/tags?post=528195"}],"curies":[{"name":"wp","href":"https:\/\/api.w.org\/{rel}","templated":true}]}}