{"id":528208,"date":"2025-11-12T00:04:35","date_gmt":"2025-11-12T00:04:35","guid":{"rendered":"https:\/\/www.europesays.com\/fr\/528208\/"},"modified":"2025-11-12T00:04:35","modified_gmt":"2025-11-12T00:04:35","slug":"lile-de-france-region-la-plus-impactee-par-les-agressions-delus","status":"publish","type":"post","link":"https:\/\/www.europesays.com\/fr\/528208\/","title":{"rendered":"L&rsquo;\u00cele-de-France, r\u00e9gion la plus impact\u00e9e par les agressions d&rsquo;\u00e9lus"},"content":{"rendered":"\n<p lang=\"fr-FR\" style=\"margin-bottom: 0cm;\">C&rsquo;est la piq\u00fbre de rappel de l&rsquo;association des maires du territoire (AMIF), alors qu&rsquo;un maire du Val-d&rsquo;Oise a \u00e9t\u00e9 agress\u00e9 dans l&rsquo;exercice de ses fonctions. En 2024, il y a eu plus de 2.500 atteintes aux \u00e9lus dans le pays, dont 40% se sont d\u00e9roul\u00e9s en \u00cele-de-France. La r\u00e9gion est la plus impact\u00e9e par ces violences, qu&rsquo;elles soient verbales, physiques, ou m\u00eame sur les r\u00e9seaux sociaux. L&rsquo;AMIF appelle les maires agress\u00e9s \u00e0 porter plainte rapidement, et \u00e0 s&rsquo;appuyer sur le r\u00e9f\u00e9rent \u00ab\u00a0Atteintes aux \u00e9lus\u00a0\u00bb au sein des parquets pour un suivi prioritaire. Un guichet est aussi joignable au 01 80 52 33 84.<\/p>\n<p lang=\"fr-FR\" style=\"margin-bottom: 0cm;\">\u00a0<\/p>\n<p lang=\"fr-FR\" style=\"margin-bottom: 0cm;\">Nicolas Chacun<\/p>\n<p>!function(f,b,e,v,n,t,s){if(f.fbq)return;n=f.fbq=function(){n.callMethod?<br \/>\nn.callMethod.apply(n,arguments):n.queue.push(arguments)};if(!f._fbq)f._fbq=n;<br \/>\nn.push=n;n.loaded=!0;n.version=&rsquo;2.0&prime;;n.queue=[];t=b.createElement(e);t.async=!0;<br \/>\nt.src=v;s=b.getElementsByTagName(e)[0];s.parentNode.insertBefore(t,s)}(window,<br \/>\ndocument,&rsquo;script&rsquo;,&rsquo;https:\/\/connect.facebook.net\/en_US\/fbevents.js&rsquo;);<br \/>\nfbq(&lsquo;init&rsquo;, &lsquo;278974969201861&rsquo;); \/\/ Insert your pixel ID here.<br \/>\nfbq(&lsquo;track&rsquo;, &lsquo;PageView&rsquo;);<\/p>\n","protected":false},"excerpt":{"rendered":"C&rsquo;est la piq\u00fbre de rappel de l&rsquo;association des maires du territoire (AMIF), alors qu&rsquo;un maire du Val-d&rsquo;Oise a&hellip;\n","protected":false},"author":2,"featured_media":528209,"comment_status":"","ping_status":"","sticky":false,"template":"","format":"standard","meta":{"footnotes":""},"categories":[1592],"tags":[1111,11,1933,1936,1777,1939,674,1011,27,662,1934,12,1940,626,1935,25,1937,1941,1938],"class_list":{"0":"post-528208","1":"post","2":"type-post","3":"status-publish","4":"format-standard","5":"has-post-thumbnail","7":"category-ile-de-france","8":"tag-actu","9":"tag-actualites","10":"tag-actualites-locales","11":"tag-essonne","12":"tag-eu","13":"tag-eure-et-loir","14":"tag-europe","15":"tag-fr","16":"tag-france","17":"tag-ile-de-france","18":"tag-infos-locales","19":"tag-news","20":"tag-oise","21":"tag-paris","22":"tag-pres-de-chez-vous","23":"tag-republique-francaise","24":"tag-seine-et-marne","25":"tag-somme","26":"tag-yvelines"},"share_on_mastodon":{"url":"https:\/\/pubeurope.com\/@fr\/115533805278799953","error":""},"_links":{"self":[{"href":"https:\/\/www.europesays.com\/fr\/wp-json\/wp\/v2\/posts\/528208","targetHints":{"allow":["GET"]}}],"collection":[{"href":"https:\/\/www.europesays.com\/fr\/wp-json\/wp\/v2\/posts"}],"about":[{"href":"https:\/\/www.europesays.com\/fr\/wp-json\/wp\/v2\/types\/post"}],"author":[{"embeddable":true,"href":"https:\/\/www.europesays.com\/fr\/wp-json\/wp\/v2\/users\/2"}],"replies":[{"embeddable":true,"href":"https:\/\/www.europesays.com\/fr\/wp-json\/wp\/v2\/comments?post=528208"}],"version-history":[{"count":0,"href":"https:\/\/www.europesays.com\/fr\/wp-json\/wp\/v2\/posts\/528208\/revisions"}],"wp:featuredmedia":[{"embeddable":true,"href":"https:\/\/www.europesays.com\/fr\/wp-json\/wp\/v2\/media\/528209"}],"wp:attachment":[{"href":"https:\/\/www.europesays.com\/fr\/wp-json\/wp\/v2\/media?parent=528208"}],"wp:term":[{"taxonomy":"category","embeddable":true,"href":"https:\/\/www.europesays.com\/fr\/wp-json\/wp\/v2\/categories?post=528208"},{"taxonomy":"post_tag","embeddable":true,"href":"https:\/\/www.europesays.com\/fr\/wp-json\/wp\/v2\/tags?post=528208"}],"curies":[{"name":"wp","href":"https:\/\/api.w.org\/{rel}","templated":true}]}}