{"id":528223,"date":"2025-11-12T00:12:17","date_gmt":"2025-11-12T00:12:17","guid":{"rendered":"https:\/\/www.europesays.com\/fr\/528223\/"},"modified":"2025-11-12T00:12:17","modified_gmt":"2025-11-12T00:12:17","slug":"le-royaume-uni-prevoit-de-renforcer-la-legislation-pour-proteger-les-services-publics-contre-les-cyberattaques","status":"publish","type":"post","link":"https:\/\/www.europesays.com\/fr\/528223\/","title":{"rendered":"Le Royaume-Uni pr\u00e9voit de renforcer la l\u00e9gislation pour prot\u00e9ger les services publics contre les cyberattaques"},"content":{"rendered":"<p>Le gouvernement britannique entend renforcer la d\u00e9fense de ses services publics face aux cyberattaques, en exigeant des entreprises qui fournissent des services aux organisations priv\u00e9es et publiques, telles que le National Health Service (NHS), qu&rsquo;elles respectent des normes de s\u00e9curit\u00e9 strictes.<\/p>\n<p>En 2024, des pirates informatiques ont compromis le syst\u00e8me de paie du minist\u00e8re de la D\u00e9fense, tandis que d&rsquo;autres attaques r\u00e9centes ont entra\u00een\u00e9 la perturbation de plus de 11\u00a0000 rendez-vous et proc\u00e9dures m\u00e9dicales au sein du NHS.<\/p>\n<p>Ces propositions interviennent \u00e9galement apr\u00e8s une s\u00e9rie de cyberattaques ayant touch\u00e9 ces derniers mois certaines des plus grandes marques britanniques, dont Marks &amp; Spencer, la Co-op et Jaguar Land Rover.<\/p>\n<p>Selon le gouvernement, les nouvelles lois envisag\u00e9es imposeraient une r\u00e9gulation aux entreprises de taille moyenne et grande qui fournissent des services tels que la gestion informatique, l&rsquo;assistance technique et la cybers\u00e9curit\u00e9, aussi bien au secteur priv\u00e9 que public.<\/p>\n<p>\u00ab\u00a0Parce qu&rsquo;elles disposent d&rsquo;un acc\u00e8s privil\u00e9gi\u00e9 aux r\u00e9seaux gouvernementaux, aux infrastructures nationales critiques et aux r\u00e9seaux d&rsquo;entreprises, ces soci\u00e9t\u00e9s devront se conformer \u00e0 des obligations de s\u00e9curit\u00e9 claires\u00a0\u00bb, a indiqu\u00e9 le D\u00e9partement pour la Science, l&rsquo;Innovation et la Technologie (DSIT) dans un communiqu\u00e9 publi\u00e9 mercredi.<\/p>\n<p>Si elles sont adopt\u00e9es, ces mesures obligeraient les entreprises \u00e0 signaler rapidement tout incident cybern\u00e9tique significatif ou potentiellement significatif, tant au gouvernement qu&rsquo;\u00e0 leurs clients, et \u00e0 mettre en place des plans robustes pour g\u00e9rer les cons\u00e9quences de ces attaques.<\/p>\n<p>Les autorit\u00e9s de r\u00e9gulation se verraient accorder de nouveaux pouvoirs pour d\u00e9signer les fournisseurs critiques de services essentiels, et des sanctions plus s\u00e9v\u00e8res seraient appliqu\u00e9es en cas de violation grave, pr\u00e9cise le DSIT.<\/p>\n<p>Le gouvernement a \u00e9galement pr\u00e9sent\u00e9 des mesures visant \u00e0 interdire aux organismes du secteur public et aux op\u00e9rateurs d&rsquo;infrastructures nationales critiques, y compris le NHS, les autorit\u00e9s locales et les \u00e9tablissements scolaires, de verser des ran\u00e7ons aux cybercriminels.<\/p>\n","protected":false},"excerpt":{"rendered":"Le gouvernement britannique entend renforcer la d\u00e9fense de ses services publics face aux cyberattaques, en exigeant des entreprises&hellip;\n","protected":false},"author":2,"featured_media":528224,"comment_status":"","ping_status":"","sticky":false,"template":"","format":"standard","meta":{"footnotes":""},"categories":[1588],"tags":[11,340,1777,674,12,473,1853,1851,1850,1852],"class_list":{"0":"post-528223","1":"post","2":"type-post","3":"status-publish","4":"format-standard","5":"has-post-thumbnail","7":"category-royaume-uni","8":"tag-actualites","9":"tag-bourse","10":"tag-eu","11":"tag-europe","12":"tag-news","13":"tag-royaume-uni","14":"tag-royaume-uni-de-grande-bretagne-et-dirlande-du-nord","15":"tag-uk","16":"tag-united-kingdom","17":"tag-united-kingdom-of-great-britain-and-northern-ireland"},"share_on_mastodon":{"url":"https:\/\/pubeurope.com\/@fr\/115533836771698594","error":""},"_links":{"self":[{"href":"https:\/\/www.europesays.com\/fr\/wp-json\/wp\/v2\/posts\/528223","targetHints":{"allow":["GET"]}}],"collection":[{"href":"https:\/\/www.europesays.com\/fr\/wp-json\/wp\/v2\/posts"}],"about":[{"href":"https:\/\/www.europesays.com\/fr\/wp-json\/wp\/v2\/types\/post"}],"author":[{"embeddable":true,"href":"https:\/\/www.europesays.com\/fr\/wp-json\/wp\/v2\/users\/2"}],"replies":[{"embeddable":true,"href":"https:\/\/www.europesays.com\/fr\/wp-json\/wp\/v2\/comments?post=528223"}],"version-history":[{"count":0,"href":"https:\/\/www.europesays.com\/fr\/wp-json\/wp\/v2\/posts\/528223\/revisions"}],"wp:featuredmedia":[{"embeddable":true,"href":"https:\/\/www.europesays.com\/fr\/wp-json\/wp\/v2\/media\/528224"}],"wp:attachment":[{"href":"https:\/\/www.europesays.com\/fr\/wp-json\/wp\/v2\/media?parent=528223"}],"wp:term":[{"taxonomy":"category","embeddable":true,"href":"https:\/\/www.europesays.com\/fr\/wp-json\/wp\/v2\/categories?post=528223"},{"taxonomy":"post_tag","embeddable":true,"href":"https:\/\/www.europesays.com\/fr\/wp-json\/wp\/v2\/tags?post=528223"}],"curies":[{"name":"wp","href":"https:\/\/api.w.org\/{rel}","templated":true}]}}