{"id":528315,"date":"2025-11-12T01:18:24","date_gmt":"2025-11-12T01:18:24","guid":{"rendered":"https:\/\/www.europesays.com\/fr\/528315\/"},"modified":"2025-11-12T01:18:24","modified_gmt":"2025-11-12T01:18:24","slug":"municipales-2026-a-paris-tout-comprendre-au-nouveau-mode-de-scrutin-encore-plus-injuste-que-le-precedent","status":"publish","type":"post","link":"https:\/\/www.europesays.com\/fr\/528315\/","title":{"rendered":"Municipales 2026 : \u00e0 Paris, tout comprendre au nouveau mode de scrutin encore plus injuste que le pr\u00e9c\u00e9dent"},"content":{"rendered":"<p>C\u2019est presque le seul bilan l\u00e9gislatif du gouvernement Bayrou\u00a0: d\u00e9but juillet, apr\u00e8s un feuilleton aux nombreux \u00e9pisodes, le Parlement a d\u00e9finitivement adopt\u00e9 un texte modifiant le mode de scrutin municipal pour Paris, Lyon et Marseille, dit \u00ab\u00a0loi PLM\u00a0\u00bb. La r\u00e9forme d\u00e9couple l\u2019\u00e9lection des arrondissements de celui de la mairie centrale. Deux scrutins diff\u00e9rents devront donc \u00eatre organis\u00e9s le m\u00eame jour \u00e0 Paris et Marseille. Et&#8230;<\/p>\n","protected":false},"excerpt":{"rendered":"C\u2019est presque le seul bilan l\u00e9gislatif du gouvernement Bayrou\u00a0: d\u00e9but juillet, apr\u00e8s un feuilleton aux nombreux \u00e9pisodes, le&hellip;\n","protected":false},"author":2,"featured_media":528316,"comment_status":"","ping_status":"","sticky":false,"template":"","format":"standard","meta":{"footnotes":""},"categories":[1888],"tags":[1111,1928,11,1927,1777,674,1011,27,20281,3434,12,1926,626,1925,25],"class_list":{"0":"post-528315","1":"post","2":"type-post","3":"status-publish","4":"format-standard","5":"has-post-thumbnail","7":"category-paris","8":"tag-actu","9":"tag-actu-paris","10":"tag-actualites","11":"tag-actualites-paris","12":"tag-eu","13":"tag-europe","14":"tag-fr","15":"tag-france","16":"tag-mode-de-scrutin","17":"tag-municipales-2026","18":"tag-news","19":"tag-news-paris","20":"tag-paris","21":"tag-paris-news","22":"tag-republique-francaise"},"share_on_mastodon":{"url":"https:\/\/pubeurope.com\/@fr\/115534096195154420","error":""},"_links":{"self":[{"href":"https:\/\/www.europesays.com\/fr\/wp-json\/wp\/v2\/posts\/528315","targetHints":{"allow":["GET"]}}],"collection":[{"href":"https:\/\/www.europesays.com\/fr\/wp-json\/wp\/v2\/posts"}],"about":[{"href":"https:\/\/www.europesays.com\/fr\/wp-json\/wp\/v2\/types\/post"}],"author":[{"embeddable":true,"href":"https:\/\/www.europesays.com\/fr\/wp-json\/wp\/v2\/users\/2"}],"replies":[{"embeddable":true,"href":"https:\/\/www.europesays.com\/fr\/wp-json\/wp\/v2\/comments?post=528315"}],"version-history":[{"count":0,"href":"https:\/\/www.europesays.com\/fr\/wp-json\/wp\/v2\/posts\/528315\/revisions"}],"wp:featuredmedia":[{"embeddable":true,"href":"https:\/\/www.europesays.com\/fr\/wp-json\/wp\/v2\/media\/528316"}],"wp:attachment":[{"href":"https:\/\/www.europesays.com\/fr\/wp-json\/wp\/v2\/media?parent=528315"}],"wp:term":[{"taxonomy":"category","embeddable":true,"href":"https:\/\/www.europesays.com\/fr\/wp-json\/wp\/v2\/categories?post=528315"},{"taxonomy":"post_tag","embeddable":true,"href":"https:\/\/www.europesays.com\/fr\/wp-json\/wp\/v2\/tags?post=528315"}],"curies":[{"name":"wp","href":"https:\/\/api.w.org\/{rel}","templated":true}]}}