{"id":528364,"date":"2025-11-12T01:51:14","date_gmt":"2025-11-12T01:51:14","guid":{"rendered":"https:\/\/www.europesays.com\/fr\/528364\/"},"modified":"2025-11-12T01:51:14","modified_gmt":"2025-11-12T01:51:14","slug":"litalie-lespagne-la-grece-et-chypre-vont-beneficier-de-la-solidarite-europeenne-pour-repartir-30-000-refugies-arrives-sur-leur-sol","status":"publish","type":"post","link":"https:\/\/www.europesays.com\/fr\/528364\/","title":{"rendered":"L\u2019Italie, l\u2019Espagne, la Gr\u00e8ce et Chypre vont b\u00e9n\u00e9ficier de la solidarit\u00e9 europ\u00e9enne pour r\u00e9partir 30.000 r\u00e9fugi\u00e9s arriv\u00e9s sur leur sol"},"content":{"rendered":"<p>\n    Cette annonce de la Commission europ\u00e9enne r\u00e9sulte du m\u00e9canisme de solidarit\u00e9 mis en place par les \u00c9tats en 2024.<\/p>\n<p class=\"fig-paragraph\">La Commission europ\u00e9enne a annonc\u00e9 mardi que l&rsquo;Italie, l&rsquo;Espagne, la Gr\u00e8ce et Chypre devraient recevoir de l&rsquo;aide pour r\u00e9partir ailleurs au moins 30.000 demandeurs d&rsquo;asile et ainsi all\u00e9ger la \u00abpression migratoire\u00bb pesant sur ces pays.<\/p>\n<p class=\"fig-paragraph\">Cette annonce va ouvrir des n\u00e9gociations d\u00e9licates entre les 27 \u00c9tats membres de l&rsquo;Union europ\u00e9enne (UE), dont nombre d&rsquo;entre eux se montrent r\u00e9ticents \u00e0 l&rsquo;id\u00e9e d&rsquo;en accueillir.<\/p>\n<p>                                    <a class=\"fig-a11y-skip a11y-hidden\" href=\"#fig-a11y-skip-main-inarticle\"><br \/>\n        Passer la publicit\u00e9<br \/>\n    <\/a><\/p>\n<p class=\"fig-paragraph\">L&rsquo;UE a adopt\u00e9 en 2024 une r\u00e9forme de sa politique sur la migration et l&rsquo;asile, qui va bient\u00f4t entrer en vigueur.<\/p>\n<p class=\"fig-paragraph\">L&rsquo;\u00e9l\u00e9ment cl\u00e9 est un nouveau syst\u00e8me de \u00absolidarit\u00e9\u00bb visant \u00e0 aider les pays m\u00e9diterran\u00e9ens consid\u00e9r\u00e9s par Bruxelles comme \u00e9tant sous \u00abpression migratoire\u00bb.<\/p>\n<p class=\"fig-paragraph\">Les autres pays devront soit accueillir une partie des demandeurs d&rsquo;asile en provenance de ces pays, soit leur verser une aide financi\u00e8re de 20.000 euros par migrant.<\/p>\n<p class=\"fig-paragraph\">Les \u00c9tats membres ont cherch\u00e9 \u00e0 influencer la d\u00e9cision de la Commission, ce qui a retard\u00e9 son annonce d&rsquo;un mois.<\/p>\n<p class=\"fig-paragraph\">\u00abLa Gr\u00e8ce et Chypre subissent une forte pression migratoire du fait du niveau disproportionn\u00e9 des arriv\u00e9es au cours de l&rsquo;ann\u00e9e \u00e9coul\u00e9e\u00bb, a d\u00e9clar\u00e9 mardi la Commission dans un communiqu\u00e9.<\/p>\n<p>                                    <a class=\"fig-a11y-skip a11y-hidden\" href=\"#fig-a11y-skip-main-inarticle_mtf\"><br \/>\n        Passer la publicit\u00e9<br \/>\n    <\/a><\/p>\n<p class=\"fig-paragraph\">\u00abL&rsquo;Espagne et l&rsquo;Italie subissent \u00e9galement une forte pression migratoire du fait d&rsquo;un nombre disproportionn\u00e9 d&rsquo;arriv\u00e9es \u00e0 la suite d&rsquo;op\u00e9rations de sauvetage et de recherche en mer durant la m\u00eame p\u00e9riode\u00bb, a-t-elle ajout\u00e9.<\/p>\n<p class=\"fig-paragraph\">Cette annonce servira de base aux n\u00e9gociations entre \u00c9tats membres sur le nombre suppl\u00e9mentaire de demandeurs d&rsquo;asile que chacun est dispos\u00e9 \u00e0 accueillir, ou le montant de l&rsquo;aide financi\u00e8re qu&rsquo;il est pr\u00eat \u00e0 apporter.<\/p>\n<p class=\"fig-paragraph\">Certains pays ont d\u00e9j\u00e0 assur\u00e9 qu&rsquo;ils n&rsquo;accueilleraient personne dans le cadre de ce dispositif et qu&rsquo;ils se limiteraient \u00e0 verser de l&rsquo;argent.<\/p>\n<p class=\"fig-paragraph\">Au moins 30.000 migrants devront \u00eatre \u00abrelocalis\u00e9s\u00bb chaque ann\u00e9e dans le cadre du nouveau syst\u00e8me. Le nombre d\u00e9finitif reste \u00e0 d\u00e9terminer, et la d\u00e9cision de qui ira o\u00f9 doit \u00eatre prise d&rsquo;ici fin d\u00e9cembre.<\/p>\n","protected":false},"excerpt":{"rendered":"Cette annonce de la Commission europ\u00e9enne r\u00e9sulte du m\u00e9canisme de solidarit\u00e9 mis en place par les \u00c9tats en&hellip;\n","protected":false},"author":2,"featured_media":528365,"comment_status":"","ping_status":"","sticky":false,"template":"","format":"standard","meta":{"footnotes":""},"categories":[5],"tags":[11,19046,1011,27,14,12,28],"class_list":{"0":"post-528364","1":"post","2":"type-post","3":"status-publish","4":"format-standard","5":"has-post-thumbnail","7":"category-international","8":"tag-actualites","9":"tag-demandeurs-dasile","10":"tag-fr","11":"tag-france","12":"tag-international","13":"tag-news","14":"tag-world"},"share_on_mastodon":{"url":"https:\/\/pubeurope.com\/@fr\/115534226111441045","error":""},"_links":{"self":[{"href":"https:\/\/www.europesays.com\/fr\/wp-json\/wp\/v2\/posts\/528364","targetHints":{"allow":["GET"]}}],"collection":[{"href":"https:\/\/www.europesays.com\/fr\/wp-json\/wp\/v2\/posts"}],"about":[{"href":"https:\/\/www.europesays.com\/fr\/wp-json\/wp\/v2\/types\/post"}],"author":[{"embeddable":true,"href":"https:\/\/www.europesays.com\/fr\/wp-json\/wp\/v2\/users\/2"}],"replies":[{"embeddable":true,"href":"https:\/\/www.europesays.com\/fr\/wp-json\/wp\/v2\/comments?post=528364"}],"version-history":[{"count":0,"href":"https:\/\/www.europesays.com\/fr\/wp-json\/wp\/v2\/posts\/528364\/revisions"}],"wp:featuredmedia":[{"embeddable":true,"href":"https:\/\/www.europesays.com\/fr\/wp-json\/wp\/v2\/media\/528365"}],"wp:attachment":[{"href":"https:\/\/www.europesays.com\/fr\/wp-json\/wp\/v2\/media?parent=528364"}],"wp:term":[{"taxonomy":"category","embeddable":true,"href":"https:\/\/www.europesays.com\/fr\/wp-json\/wp\/v2\/categories?post=528364"},{"taxonomy":"post_tag","embeddable":true,"href":"https:\/\/www.europesays.com\/fr\/wp-json\/wp\/v2\/tags?post=528364"}],"curies":[{"name":"wp","href":"https:\/\/api.w.org\/{rel}","templated":true}]}}