{"id":528380,"date":"2025-11-12T02:09:19","date_gmt":"2025-11-12T02:09:19","guid":{"rendered":"https:\/\/www.europesays.com\/fr\/528380\/"},"modified":"2025-11-12T02:09:19","modified_gmt":"2025-11-12T02:09:19","slug":"rennes-sur-un-espoir-algerien-monaco-charge-larbitrage-la-revelation-de-risser-sur-sage-lens","status":"publish","type":"post","link":"https:\/\/www.europesays.com\/fr\/528380\/","title":{"rendered":"Rennes sur un espoir alg\u00e9rien, Monaco charge l&rsquo;arbitrage, la r\u00e9v\u00e9lation de Risser sur Sage (Lens)"},"content":{"rendered":"<p class=\"p1\">Dans le nord de la France, on ne s&rsquo;attendait pas \u00e0 une telle r\u00e9ussite ! Nomm\u00e9 \u00e0 la t\u00eate du RC Lens cet \u00e9t\u00e9, Pierre Sage impressionne depuis le coup d&rsquo;envoi de la saison. Apr\u00e8s 12 journ\u00e9es de championnat, les Sang et Or sont troisi\u00e8mes du championnat et sortent tout juste d&rsquo;un impressionnant succ\u00e8s sur le score de 4-1 \u00e0 Monaco.<\/p>\n<p class=\"p1\">En Principaut\u00e9, le jeune portier Robin Risser s&rsquo;est m\u00eame offert le luxe de d\u00e9tourner un penalty d&rsquo;Ansu Fati. Dimanche, alors que son coach \u00e9tait pr\u00e9sent sur le plateau de Stade 2, le dernier rempart lensois a d&rsquo;ailleurs fait une petite r\u00e9v\u00e9lation amusante sur son entra\u00eeneur, et son caract\u00e8re au sein du vestiaire.<\/p>\n<p>\u00ab\u00a0On a du mal \u00e0 lui sortir un sourire\u00a0\u00bb<\/p>\n<p class=\"p1\">\u00ab\u00a0On a du mal \u00e0 lui sortir un sourire. C\u2019est quelqu\u2019un de tr\u00e8s exigeant avec lui et avec nous. Il arrive \u00e0 nous transmettre les bons messages. C\u2019est quelqu\u2019un qui conna\u00eet tr\u00e8s bien le football et les r\u00e9sultats parlent pour nous\u00a0\u00bb, a-t-il lanc\u00e9&#8230; de quoi d\u00e9clencher le petit sourire visiblement rare de son entra\u00eeneur.<\/p>\n<p class=\"p1\">Dans le m\u00eame temps, l&rsquo;AS Monaco peine toujours \u00e0 accepter l&rsquo;arbitrage du choc face \u00e0 Lens. Et suite au coup de gueule de Corentin Tolisso, les dirigeants mon\u00e9gasques ont d\u00e9cid\u00e9 \u00e0 leur tour de prendre la parole. \u00c0 travers un courrier \u00e9crit par Thiago Scuro dont les contours sont d\u00e9voil\u00e9s par <a href=\"https:\/\/www.lequipe.fr\/Football\/\" rel=\"nofollow noopener\" target=\"_blank\">l&rsquo;\u00c9quipe<\/a>, le club princier insiste sur l&rsquo;importance de pouvoir s&rsquo;interroger sur le ce qu&rsquo;il se passe actuellement.<\/p>\n<p>\u00ab\u00a0Il devrait y avoir plus d\u2019\u00e9changes\u00a0\u00bb<\/p>\n<p class=\"p1\">\u00ab\u00a0Il n\u2019y a rien de personnel et on ne le fait pas pour se plaindre des d\u00e9cisions qui concernent Monaco. L\u2019arbitrage occupe un r\u00f4le important dans le foot et, de mon point de vue, il devrait y avoir plus d\u2019\u00e9changes, d\u2019occasions de trouver des solutions ensemble quand le contexte l\u2019impose et d\u2019aider l\u2019arbitrage \u00e0 progresser\u00a0\u00bb, explique d&rsquo;abord le directeur sportif de l&rsquo;ASM.<\/p>\n<p class=\"p1\">Il poursuit : \u00ab\u00a0Je trouve l\u2019\u00e9tat d\u2019esprit g\u00e9n\u00e9ral trop ferm\u00e9 sur lui-m\u00eame, trop port\u00e9 sur la protection de l\u2019arbitrage. Les erreurs existeront toujours. Mais il devrait y avoir un peu plus de clart\u00e9, notamment sur les consignes donn\u00e9es aux arbitres. Ce n\u2019est pas toujours facile de comprendre les d\u00e9cisions, ni de savoir sur quels crit\u00e8res elles s\u2019appuient, puisqu\u2019elles peuvent \u00eatre diff\u00e9rentes sur des situations similaires. L\u2019utilisation de la vid\u00e9o devrait servir \u00e0 prot\u00e9ger les arbitres centraux, et on a pu voir plusieurs fois des cas o\u00f9 elle a apport\u00e9 plus de confusion que de solutions (\u2026). Nous voulons juste encourager la F\u00e9d\u00e9ration \u00e0 accorder plus d\u2019attention \u00e0 l\u2019arbitrage, l\u2019inviter \u00e0 davantage \u00e9couter les clubs, les coaches, les joueurs\u00a0\u00bb. Le message est clair.<\/p>\n<p>Amin Chiakha vis\u00e9 par Rennes<\/p>\n<p class=\"p1\">Enfin, le Stade Rennais compte bien profiter de cette tr\u00eave internationale pour avancer sur plusieurs dossiers du prochain mercato. Et \u00e0 en croire les informations du journal local <a href=\"https:\/\/www.tipsbladet.dk\/\" rel=\"nofollow noopener\" target=\"_blank\">Tipsbladet<\/a>, c&rsquo;est en Norv\u00e8ge qu&rsquo;Habib Beye a trouv\u00e9 un int\u00e9r\u00eat avec un jeune alg\u00e9rien de 19 ans du nom d&rsquo;Amin Chiakha.<\/p>\n<p class=\"p1\">Pr\u00eat\u00e9 \u00e0 Vejle BK par Copenhague, l&rsquo;attaquant fait parler de lui dans le nord de l&rsquo;Europe. Mais le journal affirme que la direction du SRFC suit aussi avec attention les performances de son co\u00e9quipier en Norv\u00e8ge, le lat\u00e9ral Lasse Flo. Deux noms plut\u00f4t m\u00e9connus en France mais qui pourraient bien revenir avec plus d&rsquo;insistance dans l&rsquo;actualit\u00e9.<\/p>\n<p>   Partagez cette info avec vos amis et vos proches en cliquant ici<br \/> Pour r\u00e9sumer<\/p>\n<p>Pierre Sage, entra\u00eeneur du RC Lens (3\u1d49 de Ligue 1), impressionne par son exigence et ses r\u00e9sultats, malgr\u00e9 un caract\u00e8re s\u00e9rieux. L\u2019AS Monaco conteste l\u2019arbitrage apr\u00e8s sa d\u00e9faite 4-1, r\u00e9clamant plus de transparence. Rennes suit deux talents norv\u00e9giens : Amin Chiakha (attaquant) et Lasse Flo (lat\u00e9ral).<\/p>\n<p>R\u00e9dacteur<\/p>\n<p><img decoding=\"async\" width=\"76\" height=\"76\" loading=\"lazy\" src=\"https:\/\/www.europesays.com\/fr\/wp-content\/uploads\/2025\/04\/logo-antoine-chirat.jpg\" alt=\"Antoine Chirat\"\/><\/p>\n","protected":false},"excerpt":{"rendered":"Dans le nord de la France, on ne s&rsquo;attendait pas \u00e0 une telle r\u00e9ussite ! Nomm\u00e9 \u00e0 la&hellip;\n","protected":false},"author":2,"featured_media":528381,"comment_status":"","ping_status":"","sticky":false,"template":"","format":"standard","meta":{"footnotes":""},"categories":[2821],"tags":[1111,11,829,1777,674,1011,27,66,12,584,25],"class_list":{"0":"post-528380","1":"post","2":"type-post","3":"status-publish","4":"format-standard","5":"has-post-thumbnail","7":"category-rennes","8":"tag-actu","9":"tag-actualites","10":"tag-bretagne","11":"tag-eu","12":"tag-europe","13":"tag-fr","14":"tag-france","15":"tag-ligue-1","16":"tag-news","17":"tag-rennes","18":"tag-republique-francaise"},"share_on_mastodon":{"url":"https:\/\/pubeurope.com\/@fr\/115534297388680934","error":""},"_links":{"self":[{"href":"https:\/\/www.europesays.com\/fr\/wp-json\/wp\/v2\/posts\/528380","targetHints":{"allow":["GET"]}}],"collection":[{"href":"https:\/\/www.europesays.com\/fr\/wp-json\/wp\/v2\/posts"}],"about":[{"href":"https:\/\/www.europesays.com\/fr\/wp-json\/wp\/v2\/types\/post"}],"author":[{"embeddable":true,"href":"https:\/\/www.europesays.com\/fr\/wp-json\/wp\/v2\/users\/2"}],"replies":[{"embeddable":true,"href":"https:\/\/www.europesays.com\/fr\/wp-json\/wp\/v2\/comments?post=528380"}],"version-history":[{"count":0,"href":"https:\/\/www.europesays.com\/fr\/wp-json\/wp\/v2\/posts\/528380\/revisions"}],"wp:featuredmedia":[{"embeddable":true,"href":"https:\/\/www.europesays.com\/fr\/wp-json\/wp\/v2\/media\/528381"}],"wp:attachment":[{"href":"https:\/\/www.europesays.com\/fr\/wp-json\/wp\/v2\/media?parent=528380"}],"wp:term":[{"taxonomy":"category","embeddable":true,"href":"https:\/\/www.europesays.com\/fr\/wp-json\/wp\/v2\/categories?post=528380"},{"taxonomy":"post_tag","embeddable":true,"href":"https:\/\/www.europesays.com\/fr\/wp-json\/wp\/v2\/tags?post=528380"}],"curies":[{"name":"wp","href":"https:\/\/api.w.org\/{rel}","templated":true}]}}