{"id":528382,"date":"2025-11-12T02:11:24","date_gmt":"2025-11-12T02:11:24","guid":{"rendered":"https:\/\/www.europesays.com\/fr\/528382\/"},"modified":"2025-11-12T02:11:24","modified_gmt":"2025-11-12T02:11:24","slug":"emegha-coup-de-tonnerre-apres-strasbourg-lille","status":"publish","type":"post","link":"https:\/\/www.europesays.com\/fr\/528382\/","title":{"rendered":"Emegha, coup de tonnerre apr\u00e8s Strasbourg-Lille"},"content":{"rendered":"<p><strong>Auteur d&rsquo;un doubl\u00e9 pour son<br \/>\nretour avec Strasbourg, Emanuel Emegha vient d&rsquo;apprendre une grande<br \/>\nnouvelle.<\/strong><\/p>\n<p>Nouvelle \u00e9tape de franchie pour Emanuel Emegha ! Apr\u00e8s s\u2019\u00eatre<br \/>\nrapidement impos\u00e9 comme l\u2019un des meilleurs attaquants de Ligue 1,<br \/>\nle capitaine du RC Strasbourg vient d\u2019\u00eatre convoqu\u00e9 pour la<br \/>\npremi\u00e8re fois en \u00e9quipe des Pays-Bas.<\/p>\n<p>Ancien international espoirs, Emegha, 22 ans, a \u00e9t\u00e9 appel\u00e9 pour<br \/>\nles deux prochains matches des Oranje. Leader de son groupe des<br \/>\n\u00e9liminatoires de la Coupe du monde, l\u2019\u00e9quipe de Ronald Koeman joue<br \/>\nvendredi un match d\u00e9cisif en Pologne, avant de recevoir la Lituanie<br \/>\ntrois jours plus tard.<\/p>\n<p>Emegha, retour en force<\/p>\n<p>Eloign\u00e9 des terrains pendant un peu plus d\u2019un mois, en raison<br \/>\nd\u2019une blessure \u00e0 la cuisse, Emegha a sign\u00e9 son retour avec un<br \/>\ndoubl\u00e9 d\u00e9cisif contre Lille (2-0). Cette premi\u00e8re convocation en<br \/>\n\u00e9quipe des Pays-Bas va lui permettre de faire grimper sa cote<br \/>\nencore un peu plus, m\u00eame si le natif de La Haye s\u2019est d\u00e9j\u00e0 engag\u00e9<br \/>\navec Chelsea en vue de la saison prochaine.<\/p>\n<blockquote class=\"twitter-tweet\"><p><a class=\"twitter-link\" rel=\"noindex, nofollow noopener\" href=\"https:\/\/twitter.com\/OnsOranje\/status\/1988175876773560684\" target=\"_blank\"><\/p><\/blockquote>\n<p><script async src=\"https:\/\/platform.twitter.com\/widgets.js\" charset=\"utf-8\"><\/script><\/p>\n","protected":false},"excerpt":{"rendered":"Auteur d&rsquo;un doubl\u00e9 pour son retour avec Strasbourg, Emanuel Emegha vient d&rsquo;apprendre une grande nouvelle. Nouvelle \u00e9tape de&hellip;\n","protected":false},"author":2,"featured_media":528383,"comment_status":"","ping_status":"","sticky":false,"template":"","format":"standard","meta":{"footnotes":""},"categories":[2820],"tags":[1111,11,2113,1777,674,1011,27,775,12,25,64755,640],"class_list":{"0":"post-528382","1":"post","2":"type-post","3":"status-publish","4":"format-standard","5":"has-post-thumbnail","7":"category-strasbourg","8":"tag-actu","9":"tag-actualites","10":"tag-breve","11":"tag-eu","12":"tag-europe","13":"tag-fr","14":"tag-france","15":"tag-grand-est","16":"tag-news","17":"tag-republique-francaise","18":"tag-sports-fr","19":"tag-strasbourg"},"share_on_mastodon":{"url":"https:\/\/pubeurope.com\/@fr\/115534304608735066","error":""},"_links":{"self":[{"href":"https:\/\/www.europesays.com\/fr\/wp-json\/wp\/v2\/posts\/528382","targetHints":{"allow":["GET"]}}],"collection":[{"href":"https:\/\/www.europesays.com\/fr\/wp-json\/wp\/v2\/posts"}],"about":[{"href":"https:\/\/www.europesays.com\/fr\/wp-json\/wp\/v2\/types\/post"}],"author":[{"embeddable":true,"href":"https:\/\/www.europesays.com\/fr\/wp-json\/wp\/v2\/users\/2"}],"replies":[{"embeddable":true,"href":"https:\/\/www.europesays.com\/fr\/wp-json\/wp\/v2\/comments?post=528382"}],"version-history":[{"count":0,"href":"https:\/\/www.europesays.com\/fr\/wp-json\/wp\/v2\/posts\/528382\/revisions"}],"wp:featuredmedia":[{"embeddable":true,"href":"https:\/\/www.europesays.com\/fr\/wp-json\/wp\/v2\/media\/528383"}],"wp:attachment":[{"href":"https:\/\/www.europesays.com\/fr\/wp-json\/wp\/v2\/media?parent=528382"}],"wp:term":[{"taxonomy":"category","embeddable":true,"href":"https:\/\/www.europesays.com\/fr\/wp-json\/wp\/v2\/categories?post=528382"},{"taxonomy":"post_tag","embeddable":true,"href":"https:\/\/www.europesays.com\/fr\/wp-json\/wp\/v2\/tags?post=528382"}],"curies":[{"name":"wp","href":"https:\/\/api.w.org\/{rel}","templated":true}]}}