{"id":528400,"date":"2025-11-12T02:23:17","date_gmt":"2025-11-12T02:23:17","guid":{"rendered":"https:\/\/www.europesays.com\/fr\/528400\/"},"modified":"2025-11-12T02:23:17","modified_gmt":"2025-11-12T02:23:17","slug":"le-11-novembre-rendez-vous-incontournable-des-elus-marseillais-a-cinq-mois-des-municipales","status":"publish","type":"post","link":"https:\/\/www.europesays.com\/fr\/528400\/","title":{"rendered":"Le 11 novembre, rendez-vous incontournable des \u00e9lus marseillais \u00e0 cinq mois des municipales"},"content":{"rendered":"<p>Ils \u00e9taient tous l\u00e0. Les candidats d\u00e9clar\u00e9s. Les pressentis. Leurs gardes rapproch\u00e9es. \u00c0 cinq mois de <a href=\"https:\/\/www.laprovence.com\/elections\/municipales\" target=\"_blank\" rel=\"noopener\">l\u2019\u00e9ch\u00e9ance municipale<\/a>, pas question de rater le traditionnel rendez-vous de la <a href=\"https:\/\/www.laprovence.com\/article\/france-monde\/1177475250811414\/macron-commemore-le-11-novembre-et-honore-les-incorpores-de-force-dans-larmee-allemande\" target=\"_blank\" rel=\"noopener\">c\u00e9r\u00e9monie du 11-Novembre<\/a>. Align\u00e9s face \u00e0 l\u2019arc de triomphe sous lequel br\u00fble la flamme du souvenir, de gauche \u00e0 droite, le d\u00e9put\u00e9 (LFI) S\u00e9bastien Delogu, le d\u00e9put\u00e9 et coordinateur de LFI Manuel Bompard, le d\u00e9put\u00e9 (PS) Laurent Lhardit, le maire (DVG) Beno\u00eet Payan, la pr\u00e9sidente du D\u00e9partement et de la M\u00e9tropole et <a href=\"https:\/\/www.laprovence.com\/article\/politique\/21064949056675\/municipales-2026-a-marseille-martine-vassal-dvd-investie-par-le-parti-horizons\" target=\"_blank\" rel=\"noopener\">candidate de la droite et du centre Martine Vassal<\/a>, le d\u00e9put\u00e9 et <a href=\"https:\/\/www.laprovence.com\/article\/elections\/65799495029886\/municipales-2026-credite-de-29-des-intentions-de-vote-le-rassemblement-national-peut-il-gagner-marseille\" target=\"_blank\" rel=\"noopener\">candidat du RN Franck Allisio<\/a>, la s\u00e9natrice (PS) Marie-Arlette Carlotti et le conseiller r\u00e9gional (LR) Ludovic Perney affichent des mines graves de circonstance.<\/p>\n<p>Lectures de po\u00e8mes, discours de la pr\u00e9f\u00e8te par int\u00e9rim Isabelle \u00c9paillard, d\u00e9p\u00f4t de gerbes\u2026 La c\u00e9r\u00e9monie, au premier abord, ressemble \u00e0 toutes les c\u00e9r\u00e9monies du 11-Novembre, \u00ab\u00a0\u00e0 un petit accroc au protocole pr\u00e8s\u00a0\u00bb, grincent certains. Alors que Ludovic Perney, qui repr\u00e9sente Renaud Muselier, s\u2019approche de l\u2019arc de triomphe pour d\u00e9poser une gerbe, il est rejoint par trois \u00e9lus ceints de l\u2019\u00e9charpe bicolore jaune et rouge du Conseil r\u00e9gional\u00a0: David Galtier (LR), Bruno Genzana (DVD) et Isabelle Campagnola-Savon (Horizons). \u00ab\u00a0Pour faire nombre\u00a0\u00bb, persiflent certains.<\/p>\n<p>\u00ab\u00a0On va gagner\u00a0\u00bb<\/p>\n<p>Une certitude, si l\u2019heure en ce 11\u00a0novembre est au silence et au recueillement, les municipales planent au-dessus de la place Jules-Guesde et, sit\u00f4t la c\u00e9r\u00e9monie termin\u00e9e, elles animent \u00e0 nouveau les discussions. \u00c0 droite comme \u00e0 gauche, ces derniers jours, chacun a lu et relu le dernier <a href=\"https:\/\/www.laprovence.com\/article\/elections\/11379285606794\/municipales-a-marseille-un-sondage-cluster17-donne-franck-allisio-et-benoit-payan-a-egalite-au-premier-tour\" target=\"_blank\" rel=\"noopener\">sondage Cluster17 pour Politico<\/a>, qui donne le RN et Beno\u00eet Payan \u00e0 \u00e9galit\u00e9 au premier tour, Martine Vassal arrivant 3e, alors que la m\u00eame semaine le <a href=\"https:\/\/www.laprovence.com\/article\/elections\/2257546451336414\/municipales-2026-a-marseille-martine-vassal-devant-au-1er-tour-selon-un-sondage-ifop-benoit-payan-vainqueur-au-2e-tour\" target=\"_blank\" rel=\"noopener\">sondage Ifop<\/a> command\u00e9 par les Amis de Martine Vassal la donnait en t\u00eate au 1er\u00a0tour.<\/p>\n<p>En pleine discussion avec Ludovic Perney, Martine Vassal le prend soudain par les \u00e9paules et lui affirme, droit dans les yeux, en priv\u00e9 mais suffisamment fort pour \u00eatre entendue\u00a0: \u00ab\u00a0On va gagner.\u00a0\u00bb Avant de r\u00e9pondre \u00e0 La Provence\u00a0: \u00ab\u00a0Je ne commente pas les sondages. Nous, on travaille.\u00a0\u00bb L\u2019apr\u00e8s-midi, elle s\u2019est rendue au cimeti\u00e8re Saint-Pierre o\u00f9 le D\u00e9partement organise, comme chaque ann\u00e9e, une c\u00e9r\u00e9monie en hommage aux combattants de la Premi\u00e8re Guerre mondiale, en pr\u00e9sence de Laure-Agn\u00e8s Caradec, pr\u00e9sidente de la f\u00e9d\u00e9ration LR des Bouches-du-Rh\u00f4ne et porte-parole de sa campagne, et de la s\u00e9natrice LR Val\u00e9rie Boyer.<\/p>\n<p>\u00c0 gauche, on s\u2019\u00e9ternise aussi place Jules-Guesde, l\u2019\u00e9quipe Payan et les LFIstes S\u00e9bastien Delogu et Manuel Bompard &#8211; qui n\u2019ont toujours pas officiellement d\u00e9clar\u00e9 lequel serait candidat &#8211; se regardent en chiens de fa\u00efence, LFI pouvant jouer les trouble-f\u00eate au second tour. Boost\u00e9 par <a href=\"https:\/\/www.laprovence.com\/article\/elections\/65799495029886\/municipales-2026-credite-de-29-des-intentions-de-vote-le-rassemblement-national-peut-il-gagner-marseille\" target=\"_blank\" rel=\"noopener\">la dynamique nationale RN<\/a> et un dernier sondage prometteur, Franck Allisio a lui fil\u00e9 d\u00e8s la fin de la c\u00e9r\u00e9monie pour se rendre \u00e0 un autre 11-Novembre, \u00e0 Saint-Barnab\u00e9 (12e), au c\u0153ur de ces arrondissements qu\u2019il entend arracher \u00e0 la droite.<\/p>\n","protected":false},"excerpt":{"rendered":"Ils \u00e9taient tous l\u00e0. Les candidats d\u00e9clar\u00e9s. Les pressentis. Leurs gardes rapproch\u00e9es. \u00c0 cinq mois de l\u2019\u00e9ch\u00e9ance municipale,&hellip;\n","protected":false},"author":2,"featured_media":528401,"comment_status":"","ping_status":"","sticky":false,"template":"","format":"standard","meta":{"footnotes":""},"categories":[2814],"tags":[10914,17,1111,11,3216,154,10153,1777,674,1011,27,27683,761,884,12,882,16,12407,25],"class_list":{"0":"post-528400","1":"post","2":"type-post","3":"status-publish","4":"format-standard","5":"has-post-thumbnail","7":"category-marseille","8":"tag-11-novembre","9":"tag-17","10":"tag-actu","11":"tag-actualites","12":"tag-cinq","13":"tag-des","14":"tag-elus","15":"tag-eu","16":"tag-europe","17":"tag-fr","18":"tag-france","19":"tag-incontournable","20":"tag-marseillais","21":"tag-marseille","22":"tag-news","23":"tag-provence-alpes-cote-dazur","24":"tag-region","25":"tag-rendez-vous","26":"tag-republique-francaise"},"share_on_mastodon":{"url":"https:\/\/pubeurope.com\/@fr\/115534351864699471","error":""},"_links":{"self":[{"href":"https:\/\/www.europesays.com\/fr\/wp-json\/wp\/v2\/posts\/528400","targetHints":{"allow":["GET"]}}],"collection":[{"href":"https:\/\/www.europesays.com\/fr\/wp-json\/wp\/v2\/posts"}],"about":[{"href":"https:\/\/www.europesays.com\/fr\/wp-json\/wp\/v2\/types\/post"}],"author":[{"embeddable":true,"href":"https:\/\/www.europesays.com\/fr\/wp-json\/wp\/v2\/users\/2"}],"replies":[{"embeddable":true,"href":"https:\/\/www.europesays.com\/fr\/wp-json\/wp\/v2\/comments?post=528400"}],"version-history":[{"count":0,"href":"https:\/\/www.europesays.com\/fr\/wp-json\/wp\/v2\/posts\/528400\/revisions"}],"wp:featuredmedia":[{"embeddable":true,"href":"https:\/\/www.europesays.com\/fr\/wp-json\/wp\/v2\/media\/528401"}],"wp:attachment":[{"href":"https:\/\/www.europesays.com\/fr\/wp-json\/wp\/v2\/media?parent=528400"}],"wp:term":[{"taxonomy":"category","embeddable":true,"href":"https:\/\/www.europesays.com\/fr\/wp-json\/wp\/v2\/categories?post=528400"},{"taxonomy":"post_tag","embeddable":true,"href":"https:\/\/www.europesays.com\/fr\/wp-json\/wp\/v2\/tags?post=528400"}],"curies":[{"name":"wp","href":"https:\/\/api.w.org\/{rel}","templated":true}]}}