{"id":528408,"date":"2025-11-12T02:29:16","date_gmt":"2025-11-12T02:29:16","guid":{"rendered":"https:\/\/www.europesays.com\/fr\/528408\/"},"modified":"2025-11-12T02:29:16","modified_gmt":"2025-11-12T02:29:16","slug":"paris-et-monaco-battus-de-justesse","status":"publish","type":"post","link":"https:\/\/www.europesays.com\/fr\/528408\/","title":{"rendered":"Paris et Monaco battus de justesse"},"content":{"rendered":"<p><strong>Au terme d&rsquo;un match au sc\u00e9nario<br \/>\nun peu fou, Monaco s&rsquo;est inclin\u00e9 de deux points sur le parquet du<br \/>\nPartizan Belgrade. A l&rsquo;Accor Arena, le Paris Basketball s&rsquo;est quant<br \/>\n\u00e0 lui inclin\u00e9 de six points contre le Panathinaikos de TJ Shorts,<br \/>\nen craquant sur la fin.<\/strong><\/p>\n<p>C\u2019\u00e9tait l\u2019un des matchs de gala de la saison, et le Paris<br \/>\nBasketball (14e) avait d\u00e9cid\u00e9 de quitter son Adidas Arena pour<br \/>\nl\u2019occasion, pour jouer \u00e0 l\u2019Accor Arena. Une d\u00e9localisation qui n\u2019a<br \/>\npas port\u00e9 chance aux champions de France, qui se sont inclin\u00e9s<br \/>\n95-101 face au Panathinaikos (7e), quatri\u00e8me de l\u2019Euroligue la<br \/>\nsaison pass\u00e9e. Ce match \u00e9tait \u00e9videmment particulier car il<br \/>\nmarquait le grand retour \u00e0 Paris de TJ Shorts, le petit meneur \u00e9lu<br \/>\nMVP de la derni\u00e8re saison de Betclic Elite, auteur d\u2019un d\u00e9but de<br \/>\nsaison moyen avec le Pana. <strong>Shorts a re\u00e7u une magnifique<br \/>\novation et sa bague de champion, mais il a ensuite fait du mal \u00e0<br \/>\nson ancienne \u00e9quipe, en marquant 13 points et d\u00e9livrant 6 passes<br \/>\nlors de cette rencontre assez serr\u00e9e.<\/strong><\/p>\n<p>Paris a men\u00e9 pendant quasiment tout le premier quart-temps, mais<br \/>\nne l\u2019a finalement gagn\u00e9 que 28-27. Dans le deuxi\u00e8me, les Grecs ont<br \/>\npris les commandes et ont compt\u00e9 onze points d\u2019avance (36-47), le<br \/>\nplus gros \u00e9cart du match, avant de rentrer aux vestiaires en menant<br \/>\n43-52. Mais les Parisiens n\u2019ont rien l\u00e2ch\u00e9 et sont revenus petit \u00e0<br \/>\npetit dans le troisi\u00e8me quart, \u00e9galisant \u00e0 61-61. A dix minutes de<br \/>\nla fin, le score \u00e9tait de 72-72 et tout \u00e9tait possible. Paris a<br \/>\nmieux d\u00e9marr\u00e9 le dernier quart (84-79) mais n\u2019a pas tenu et le Pana<br \/>\na recoll\u00e9 \u00e0 84-84. Les deux \u00e9quipes sont ensuite pass\u00e9es devant<br \/>\ntour \u00e0 tour, mais \u00e0 partir de 87-88, les Grecs n\u2019ont plus rien<br \/>\nl\u00e2ch\u00e9 et se sont finalement impos\u00e9s de six points. Les 22 points de<br \/>\nJustin Robinson, le rempla\u00e7ant de Shorts, n\u2019ont pas suffi aux<br \/>\nParisiens, qui perd son quatri\u00e8me match de suite en Euroligue,<br \/>\navant de recevoir Valence jeudi.<\/p>\n<p><strong>Les marqueurs parisiens<br \/>\n:<\/strong> Hifi (19), Robinson (22), Herrera (9), Ayayi (9),<br \/>\nFaye (6), Morgan (5), M\u2019baye (9), Ouattara (11), Willis (5)<\/p>\n<p>Fin de s\u00e9rie pour Monaco ! Victorieuse de ses trois derniers<br \/>\nmatchs d\u2019Euroligue, la Roca Team (5e) s\u2019est inclin\u00e9e chez un<br \/>\nmal-class\u00e9, le Partizan Belgrade (16e). Le club serbe s\u2019est impos\u00e9<br \/>\n78-76 au terme d\u2019un match un peu fou, deux semaines apr\u00e8s s\u2019\u00eatre<br \/>\ninclin\u00e9 de 18 points contre le Paris Basketball. Les Mon\u00e9gasques,<br \/>\nlargement men\u00e9s dans le troisi\u00e8me quart, avaient pourtant r\u00e9ussi \u00e0<br \/>\nrevenir, mais ont craqu\u00e9 sur le fil. Le Partizan avait bien<br \/>\ncommenc\u00e9 la rencontre en menant de onze points (15-4), mais le<br \/>\nvice-champion d\u2019Europe a r\u00e9pliqu\u00e9, et est pass\u00e9 devant en fin de<br \/>\npremier quart, remport\u00e9 19-20. Le deuxi\u00e8me quart a vu les deux<br \/>\n\u00e9quipes prendre la t\u00eate tour \u00e0 tour, et c\u2019est finalement le<br \/>\nPartizan qui est rentr\u00e9 aux vestiaires avec quatre points d\u2019avance<br \/>\n(36-32).<\/p>\n<p>Monaco, qui avait bien tenu jusque-l\u00e0, a en revanche pris l\u2019eau<br \/>\ndans le troisi\u00e8me quart, et les Serbes ont compt\u00e9 jusqu\u2019\u00e0 17 points<br \/>\nd\u2019avance (64-47). <strong>Il semblait alors quasi-impossible que la<br \/>\nRoca Team revienne dans le match. Et pourtant ! A 7\u201916 de la fin,<br \/>\nMonaco \u00e9tait men\u00e9 74-54, mais a sign\u00e9 un incroyable 0-22 pour<br \/>\nprendre les devants \u00e0 2\u201907 du buzzer !<\/strong> Mais le Partizan a<br \/>\nstopp\u00e9 l\u2019h\u00e9morragie, Bruno Fernando a r\u00e9ussi deux lancers-francs<br \/>\n(78-76) et aucun point n\u2019a \u00e9t\u00e9 inscrit dans les 103 derni\u00e8res<br \/>\nsecondes, Monaco ratant ses cinq derniers tirs. Malgr\u00e9 les 17<br \/>\npoints et 8 rebonds de Nikola Mirotic, c\u2019est une d\u00e9faite pour les<br \/>\nMon\u00e9gasques, qui vont rester \u00e0 Belgrade pour d\u00e9fier l\u2019Etoile Rouge<br \/>\njeudi.<\/p>\n<p><strong>Les marqueurs mon\u00e9gasques<br \/>\n:<\/strong> Okobo (5), Blossomgame (1), Theis (3), Diallo<br \/>\n(13), Hayes (4), Tarpey (7), Nedovic (8), Strazel (5), Mirotic<br \/>\n(17), James (13)<\/p>\n","protected":false},"excerpt":{"rendered":"Au terme d&rsquo;un match au sc\u00e9nario un peu fou, Monaco s&rsquo;est inclin\u00e9 de deux points sur le parquet&hellip;\n","protected":false},"author":2,"featured_media":528409,"comment_status":"","ping_status":"","sticky":false,"template":"","format":"standard","meta":{"footnotes":""},"categories":[1888],"tags":[1111,1928,11,1927,64756,1777,2183,674,1011,27,64757,3127,12,1926,64758,626,1925,64759,25,64760,57681],"class_list":{"0":"post-528408","1":"post","2":"type-post","3":"status-publish","4":"format-standard","5":"has-post-thumbnail","7":"category-paris","8":"tag-actu","9":"tag-actu-paris","10":"tag-actualites","11":"tag-actualites-paris","12":"tag-bernard-james","13":"tag-eu","14":"tag-euroligue","15":"tag-europe","16":"tag-fr","17":"tag-france","18":"tag-hifi","19":"tag-monaco","20":"tag-news","21":"tag-news-paris","22":"tag-panathinaikos","23":"tag-paris","24":"tag-paris-news","25":"tag-partizan-belgrade","26":"tag-republique-francaise","27":"tag-shorts","28":"tag-sport365-fr"},"share_on_mastodon":{"url":"https:\/\/pubeurope.com\/@fr\/115534375406073825","error":""},"_links":{"self":[{"href":"https:\/\/www.europesays.com\/fr\/wp-json\/wp\/v2\/posts\/528408","targetHints":{"allow":["GET"]}}],"collection":[{"href":"https:\/\/www.europesays.com\/fr\/wp-json\/wp\/v2\/posts"}],"about":[{"href":"https:\/\/www.europesays.com\/fr\/wp-json\/wp\/v2\/types\/post"}],"author":[{"embeddable":true,"href":"https:\/\/www.europesays.com\/fr\/wp-json\/wp\/v2\/users\/2"}],"replies":[{"embeddable":true,"href":"https:\/\/www.europesays.com\/fr\/wp-json\/wp\/v2\/comments?post=528408"}],"version-history":[{"count":0,"href":"https:\/\/www.europesays.com\/fr\/wp-json\/wp\/v2\/posts\/528408\/revisions"}],"wp:featuredmedia":[{"embeddable":true,"href":"https:\/\/www.europesays.com\/fr\/wp-json\/wp\/v2\/media\/528409"}],"wp:attachment":[{"href":"https:\/\/www.europesays.com\/fr\/wp-json\/wp\/v2\/media?parent=528408"}],"wp:term":[{"taxonomy":"category","embeddable":true,"href":"https:\/\/www.europesays.com\/fr\/wp-json\/wp\/v2\/categories?post=528408"},{"taxonomy":"post_tag","embeddable":true,"href":"https:\/\/www.europesays.com\/fr\/wp-json\/wp\/v2\/tags?post=528408"}],"curies":[{"name":"wp","href":"https:\/\/api.w.org\/{rel}","templated":true}]}}