{"id":528416,"date":"2025-11-12T02:33:31","date_gmt":"2025-11-12T02:33:31","guid":{"rendered":"https:\/\/www.europesays.com\/fr\/528416\/"},"modified":"2025-11-12T02:33:31","modified_gmt":"2025-11-12T02:33:31","slug":"les-dernieres-infos-de-clairefontaine-a-j-2-de-france-ukraine","status":"publish","type":"post","link":"https:\/\/www.europesays.com\/fr\/528416\/","title":{"rendered":"les derni\u00e8res infos de Clairefontaine \u00e0 J-2 de France-Ukraine"},"content":{"rendered":"<p>\n    Les Bleus se sont entra\u00een\u00e9s mardi soir, entre chambrage et r\u00e9p\u00e9tition des gammes, en vue de leur rendez-vous face \u00e0 l\u2019Ukraine jeudi soir.<\/p>\n<p class=\"fig-paragraph\">\u00c0 Clairefontaine<\/p>\n<p class=\"fig-paragraph\">Une s\u00e9ance d\u2019entra\u00eenement, des autographes et des sourires.<a href=\"http:\/\/www.lefigaro.fr\/sports\/football\/coupe-du-monde\/kante-en-jogging-kounde-sort-le-grand-jeu-l-arrivee-des-bleus-a-clairefontaine-en-images-20251110\" data-fig-type=\"NewsFlash\" data-gtm-custom-categorie=\"navigation\" data-gtm-custom-action=\"crossclick\" data-gtm-custom-label=\"Contextuel\" data-gtm-event=\"customEventSPE\" data-fig-domain=\"LEFIGARO\" rel=\"nofollow noopener\" target=\"_blank\">\u00a0L\u2019\u00e9quipe de France<\/a>\u00a0a enfin lanc\u00e9 sa pr\u00e9paration pour son dernier rassemblement en 2025 ce mardi. Avec un objectif clair, la qualification \u00e0 la Coupe du monde en cas de victoire contre l\u2019Ukraine jeudi soir au Parc des Princes. \u00c0 deux jours du match, et dans la nuit de Clairefontaine, les Bleus ont effectu\u00e9 un premier entra\u00eenement apr\u00e8s la s\u00e9ance tr\u00e8s l\u00e9g\u00e8re, et sans ballon, de la veille.<\/p>\n<p>                                    <a class=\"fig-a11y-skip a11y-hidden\" href=\"#fig-a11y-skip-main-inarticle\"><br \/>\n        Passer la publicit\u00e9<br \/>\n    <\/a><\/p>\n<p class=\"fig-paragraph\">Devant pr\u00e8s de 300 spectateurs, les hommes de Didier Deschamps ont r\u00e9p\u00e9t\u00e9 leurs gammes avec des jeux de ballon pour l\u2019\u00e9chauffement avant une opposition sur des petits buts. Jules Kound\u00e9 et Eduardo Camavinga ne se sont pas entra\u00een\u00e9s avec le reste du groupe, se contentant de courses sur un terrain annexe. Les 22 autres joueurs, munis de bonnets et de cache-cous face au froid du ch\u00e2teau, \u00e9taient bien l\u00e0.<\/p>\n<p>Tripl\u00e9 pour Mbapp\u00e9<\/p>\n<p class=\"fig-paragraph\">\u00c0 l\u2019applaudim\u00e8tre et pendant 20 minutes d\u2019autographes,\u00a0<a href=\"http:\/\/www.lefigaro.fr\/sports\/football\/espagne\/liga-le-real-madrid-cale-chez-le-rayo-vallecano-mbappe-muet-avant-de-retrouver-les-bleus-20251109\" data-fig-type=\"NewsFlash\" data-gtm-custom-categorie=\"navigation\" data-gtm-custom-action=\"crossclick\" data-gtm-custom-label=\"Contextuel\" data-gtm-event=\"customEventSPE\" data-fig-domain=\"LEFIGARO\" rel=\"nofollow noopener\" target=\"_blank\">Kylian Mbapp\u00e9<\/a>\u00a0a pu tester sa popularit\u00e9. Sans surprise, il y a lui et les autres. Le capitaine des Bleus, qui a d\u00e9barqu\u00e9 sur la pelouse avec Rayan Cherki, est apparu en jambes. \u00c0 noter aussi la d\u00e9contraction du meneur de jeu de Manchester City, de retour pour son deuxi\u00e8me rassemblement apr\u00e8s sa blessure d\u2019octobre. L\u2019ancien Lyonnais, pas g\u00ean\u00e9 par le ballon, semble parfaitement int\u00e9gr\u00e9 au groupe France, avec les plus jeunes et anciens, en d\u00e9pit de sa seule s\u00e9lection au compteur.<\/p>\n<p class=\"fig-paragraph\">Sur la petite opposition, remport\u00e9e ais\u00e9ment par la bande Saliba, Kant\u00e9, Olise, Thauvin, face aux Mbapp\u00e9, Cherki, Mateta ou encore\u00a0<a href=\"http:\/\/www.lefigaro.fr\/sports\/football\/coupe-du-monde\/france-ukraine-mercato-psg-kante-impressionnant-les-reponses-de-dayot-upamecano-homme-fort-des-bleus-20251111\" data-fig-type=\"NewsFlash\" data-gtm-custom-categorie=\"navigation\" data-gtm-custom-action=\"crossclick\" data-gtm-custom-label=\"Contextuel\" data-gtm-event=\"customEventSPE\" data-fig-domain=\"LEFIGARO\" rel=\"nofollow noopener\" target=\"_blank\">Upamecano<\/a>, rien \u00e0 signaler de particulier. Si ce n\u2019est le tripl\u00e9 du capitaine, dont un de la poitrine. \u00abIl compte double celui-l\u00e0 coach\u00bb,a-t-il souffl\u00e9 \u00e0 Deschamps, impassible. La s\u00e9ance s\u2019est termin\u00e9e par des frappes. Du classique.<\/p>\n<p>Kant\u00e9 toujours aussi populaire<\/p>\n<p class=\"fig-paragraph\">Bradley Barcola, fatigu\u00e9 par les derniers matches au PSG, a termin\u00e9 l\u2019entra\u00eenement en effectuant des courses \u00e0 haute intensit\u00e9. \u00abC\u2019est pour se remettre dedans\u00bb, a-t-il souffl\u00e9 aux m\u00e9dias avant de quitter le terrain. De retour apr\u00e8s un an d\u2019absence,\u00a0<a href=\"http:\/\/www.lefigaro.fr\/sports\/football\/coupe-du-monde\/en-arabie-saoudite-il-n-a-pas-baisse-de-niveau-n-golo-kante-pourquoi-son-retour-en-bleu-est-une-evidence-pour-didier-deschamps-20251111\" data-fig-type=\"Article\" data-gtm-custom-categorie=\"navigation\" data-gtm-custom-action=\"crossclick\" data-gtm-custom-label=\"Contextuel\" data-gtm-event=\"customEventSPE\" data-fig-domain=\"LEFIGARO\" rel=\"nofollow noopener\" target=\"_blank\">N\u2019Golo Kant\u00e9\u00a0<\/a>a pris le temps de signer des autographes et s\u2019adonner aux photos avant de rejoindre les vestiaires. Signe d\u2019une cote de popularit\u00e9 toujours \u00e0 son z\u00e9nith.<\/p>\n<p class=\"fig-paragraph\">Pour ce qui est du onze de d\u00e9part contre l\u2019Ukraine jeudi soir, Didier Deschamps n\u2019a pas livr\u00e9 d\u2019indices dans la s\u00e9ance du jour. Sauf blessure, Maignan sera l\u00e0 dans le but, devant une d\u00e9fense classique (Kound\u00e9, Saliba, Upamecano, Digne) et un milieu de terrain compos\u00e9 de Kon\u00e9 et Kant\u00e9. Dans la ligne offensive, le trio Olise-Cherki-Nkunku (ou Barcola) pourrait d\u00e9buter sous le capitaine Mbapp\u00e9. Mercredi, ultime s\u00e9ance \u00e0 la veille de d\u00e9fier l\u2019Ukraine. Ce sera au Parc des Princes.<\/p>\n","protected":false},"excerpt":{"rendered":"Les Bleus se sont entra\u00een\u00e9s mardi soir, entre chambrage et r\u00e9p\u00e9tition des gammes, en vue de leur rendez-vous&hellip;\n","protected":false},"author":2,"featured_media":528417,"comment_status":"","ping_status":"","sticky":false,"template":"","format":"standard","meta":{"footnotes":""},"categories":[1590],"tags":[11,64,1777,674,6477,48629,12,3280,220],"class_list":{"0":"post-528416","1":"post","2":"type-post","3":"status-publish","4":"format-standard","5":"has-post-thumbnail","7":"category-ukraine","8":"tag-actualites","9":"tag-equipe-de-france","10":"tag-eu","11":"tag-europe","12":"tag-kylian-mbappe","13":"tag-ngolo-kante","14":"tag-news","15":"tag-rayan-cherki","16":"tag-ukraine"},"share_on_mastodon":{"url":"https:\/\/pubeurope.com\/@fr\/115534391383642175","error":""},"_links":{"self":[{"href":"https:\/\/www.europesays.com\/fr\/wp-json\/wp\/v2\/posts\/528416","targetHints":{"allow":["GET"]}}],"collection":[{"href":"https:\/\/www.europesays.com\/fr\/wp-json\/wp\/v2\/posts"}],"about":[{"href":"https:\/\/www.europesays.com\/fr\/wp-json\/wp\/v2\/types\/post"}],"author":[{"embeddable":true,"href":"https:\/\/www.europesays.com\/fr\/wp-json\/wp\/v2\/users\/2"}],"replies":[{"embeddable":true,"href":"https:\/\/www.europesays.com\/fr\/wp-json\/wp\/v2\/comments?post=528416"}],"version-history":[{"count":0,"href":"https:\/\/www.europesays.com\/fr\/wp-json\/wp\/v2\/posts\/528416\/revisions"}],"wp:featuredmedia":[{"embeddable":true,"href":"https:\/\/www.europesays.com\/fr\/wp-json\/wp\/v2\/media\/528417"}],"wp:attachment":[{"href":"https:\/\/www.europesays.com\/fr\/wp-json\/wp\/v2\/media?parent=528416"}],"wp:term":[{"taxonomy":"category","embeddable":true,"href":"https:\/\/www.europesays.com\/fr\/wp-json\/wp\/v2\/categories?post=528416"},{"taxonomy":"post_tag","embeddable":true,"href":"https:\/\/www.europesays.com\/fr\/wp-json\/wp\/v2\/tags?post=528416"}],"curies":[{"name":"wp","href":"https:\/\/api.w.org\/{rel}","templated":true}]}}