{"id":528418,"date":"2025-11-12T02:34:28","date_gmt":"2025-11-12T02:34:28","guid":{"rendered":"https:\/\/www.europesays.com\/fr\/528418\/"},"modified":"2025-11-12T02:34:28","modified_gmt":"2025-11-12T02:34:28","slug":"une-tempete-de-neige-frappe-bien-plus-tot-que-prevu-devinez-quelle-region-est-concernee-11-11-2025","status":"publish","type":"post","link":"https:\/\/www.europesays.com\/fr\/528418\/","title":{"rendered":"Une temp\u00eate de neige frappe bien plus t\u00f4t que pr\u00e9vu\u2026 devinez quelle r\u00e9gion est concern\u00e9e ? 11\/11\/2025"},"content":{"rendered":"<p><img alt=\"\" loading=\"lazy\" width=\"1200\" height=\"800\" decoding=\"async\" data-nimg=\"1\" style=\"color:transparent\"  src=\"https:\/\/www.europesays.com\/fr\/wp-content\/uploads\/2025\/11\/1762914856_49_image\"\/><\/p>\n<p>Alors que la France s&rsquo;appr\u00eate \u00e0 battre des records de douceur, la situation est radicalement diff\u00e9rente de l&rsquo;autre c\u00f4t\u00e9 de l&rsquo;Atlantique o\u00f9 une coul\u00e9e polaire am\u00e8ne un froid marqu\u00e9 et les premi\u00e8res chutes de neige importantes de la saison.<\/p>\n<p>\u00a0<\/p>\n<p>\u00a0<\/p>\n<p>Coul\u00e9e d&rsquo;air polaire entre Canada et USA<\/p>\n<p>\u00a0<\/p>\n<p>De l&rsquo;autre c\u00f4t\u00e9 de l&rsquo;Atlantique, l&rsquo;hiver ne s&rsquo;est pas fait attendre ! Une coul\u00e9e d&rsquo;air polaire massive et pr\u00e9coce a envahi toute la partie est du continent nord-am\u00e9ricain depuis ce week-end ! Cet air polaire plonge tr\u00e8s au sud, atteignant les c\u00f4tes du golfe du Mexique et le nord de la Floride ! En altitude vers 1500m, les temp\u00e9ratures atteignent -10 \u00e0 -14\u00b0C jusque dans le sud-est des USA, <strong>des niveaux se situant 15 \u00e0 20\u00b0C en dessous <\/strong>des moyennes saisonni\u00e8res !<\/p>\n<p>\u00a0<\/p>\n<p><img alt=\"\" loading=\"lazy\" width=\"700\" height=\"490\" decoding=\"async\" data-nimg=\"1\" style=\"color:transparent\"  src=\"https:\/\/www.europesays.com\/fr\/wp-content\/uploads\/2025\/11\/1762914858_938_image\"\/><\/p>\n<p><strong>Temp\u00e9rature \u00e0 850 hPa (vers 1500m) en Am\u00e9rique du Nord ce mardi 11 novembre 2025 <\/strong>&#8211; wxcharts.com<\/p>\n<p>\u00a0<\/p>\n<p>\u00a0<\/p>\n<p>R\u00e9sultat, plus de 150 millions d&rsquo;am\u00e9ricains ont connu des temp\u00e9ratures n\u00e9gatives ce matin du mardi 11 novembre 2025 ! Le gel s&rsquo;est \u00e9tendu jusqu&rsquo;au sud-est des \u00c9tats-Unis, atteignant la c\u00f4te du golfe du Mexique ! Ainsi, l&rsquo;a\u00e9roport de Mobile en Alabama a enregistr\u00e9 -1,7\u00b0C ce mardi ! En Floride, Jacksonville a mesur\u00e9 -2,2\u00b0C alors qu&rsquo;il fait g\u00e9n\u00e9ralement autour de 15\u00b0C le matin \u00e0 cette saison ! Dans l&rsquo;est du Canada, le froid s&rsquo;est montr\u00e9 intense avec des minimales s&rsquo;abaissant parfois entre -10 et -20\u00b0C !<\/p>\n<p>\u00a0<\/p>\n<p><img alt=\"\" loading=\"lazy\" width=\"700\" height=\"649\" decoding=\"async\" data-nimg=\"1\" style=\"color:transparent\"  src=\"https:\/\/www.europesays.com\/fr\/wp-content\/uploads\/2025\/11\/1762914859_868_image\"\/><\/p>\n<p><strong>Temp\u00e9ratures minimales mesur\u00e9es en Am\u00e9rique du Nord ce mardi 11 novembre 2025<\/strong> &#8211; meteociel.fr<\/p>\n<p>\u00a0<\/p>\n<p>\u00a0<\/p>\n<p>Premi\u00e8re temp\u00eate de neige de la saison<\/p>\n<p>\u00a0<\/p>\n<p>Au Canada, le Qu\u00e9bec vient de vivre sa premi\u00e8re temp\u00eate de neige de la saison. Ce matin du mardi 11 novembre 2025, Montr\u00e9al s&rsquo;est r\u00e9veill\u00e9e sous un \u00e9pais manteau blanc de <strong>20 centim\u00e8tres<\/strong> !<\/p>\n<p>\u00a0<\/p>\n<p><img alt=\"\" loading=\"lazy\" width=\"700\" height=\"448\" decoding=\"async\" data-nimg=\"1\" style=\"color:transparent\"  src=\"https:\/\/www.europesays.com\/fr\/wp-content\/uploads\/2025\/11\/1762914860_94_image\"\/><\/p>\n<p><strong>20 cm de neige \u00e0 Montr\u00e9al (Qu\u00e9bec) ce mardi 11 novembre 2025 <\/strong>&#8211; photo XinLiMontreal<\/p>\n<p>\u00a0<\/p>\n<p><a href=\"https:\/\/www.europesays.com\/fr\/wp-content\/uploads\/2025\/11\/Montreal neige.png\" class=\" underline\" target=\"_blank\" rel=\"noreferrer\"><img decoding=\"async\" alt=\"\" src=\"https:\/\/www.europesays.com\/fr\/wp-content\/uploads\/2025\/11\/Montreal neige.png\" style=\"height:599px;width:700px\"\/><\/a><\/p>\n<p><strong>Photo prise mardi 11 novembre en d\u00e9but d&rsquo;apr\u00e8s-midi au centre de Montr\u00e9al (Ren\u00e9 Levesque &#8211; La Montagne) &#8211; meteo-villes.com<\/strong><\/p>\n<p>\u00a0<\/p>\n<p>Ces chutes de neige tombent par des temp\u00e9ratures proche de 0\u00b0C. Elles sont donc charg\u00e9es d&rsquo;eau et lourdes. Comme certains arbres sont encore couverts de feuilles, les branches plient et c\u00e8dent sur des lignes \u00e0 haute tension, provoquant d&rsquo;importants coupures d&rsquo;\u00e9lectricit\u00e9, notamment au sud de Montr\u00e9al o\u00f9 250 000 foyers sont priv\u00e9s de courant, notamment en Mont\u00e9r\u00e9gie.\u00a0<\/p>\n<p>\u00a0<\/p>\n<p>\u00a0<\/p>\n<p><img alt=\"\" loading=\"lazy\" width=\"700\" height=\"394\" decoding=\"async\" data-nimg=\"1\" style=\"color:transparent\"  src=\"https:\/\/www.europesays.com\/fr\/wp-content\/uploads\/2025\/11\/1762914866_270_image\"\/><\/p>\n<p>La cam\u00e9ra de <a href=\"https:\/\/www.myearthcam.com\/sylpare\" class=\" underline\" target=\"_blank\" rel=\"noreferrer nofollow noopener\">Montr\u00e9al Est &gt;&gt;&gt;<\/a> filme la temp\u00eate de neige en pleine nuit (\u00e0 00h27, le 11 novembre 2025)\u00a0<\/p>\n<p>\u00a0<\/p>\n<p>Le soir du dimanche 9 novembre 2025, le match de football du Canadian Premier League Final (CPL) entre l&rsquo;Atl\u00e9tico Ottawa et Cavalry FC a fait beaucoup r\u00e9agir au Canada comme \u00e0 l&rsquo;international. En effet, cette finale s&rsquo;est d\u00e9roul\u00e9e sous une v\u00e9ritable temp\u00eate de neige, recouvrant totalement le terrain ! Le jeu a \u00e9t\u00e9 interrompu toutes les 15 minutes pour tracer les lignes. Cela n&rsquo;a pas emp\u00each\u00e9 30.000 personnes d&rsquo;y assister, gel\u00e9s dans les gradins.<\/p>\n<p>\u00a0<\/p>\n<p><img alt=\"\" loading=\"lazy\" width=\"700\" height=\"397\" decoding=\"async\" data-nimg=\"1\" style=\"color:transparent\"  src=\"https:\/\/www.europesays.com\/fr\/wp-content\/uploads\/2025\/11\/1762914867_367_image\"\/><\/p>\n<p><strong>Neige forte \u00e0 Ottawa (Canada) lors d&rsquo;un match de football ce soir du lundi 10 novembre 2025<\/strong> &#8211; One<\/p>\n<p>\u00a0<\/p>\n<p>\u00a0<\/p>\n<p>Ces derniers jours, la r\u00e9gion des Grands Lacs a aussi connu son premier \u00e9pisode neigeux important de la saison. En survolant les lacs encore tr\u00e8s doux \u00e0 cette saison, l&rsquo;air polaire cr\u00e9e de la convection avec la formation de fortes averses de neige qui s&rsquo;abattent parfois durablement sur les rives expos\u00e9es au vent. Ce fut le cas de Chicago, sur les bords du Lac Michigan, qui a connu de fortes averses de neige, d\u00e9posant <strong>5 centim\u00e8tres <\/strong>au sol dans le centre-ville. D&rsquo;autres villes ont \u00e9t\u00e9 plus touch\u00e9es, recevant jusqu&rsquo;\u00e0 20 voire 30 cm !<\/p>\n<p>\u00a0<\/p>\n<p><img alt=\"\" loading=\"lazy\" width=\"700\" height=\"515\" decoding=\"async\" data-nimg=\"1\" style=\"color:transparent\"  src=\"https:\/\/www.europesays.com\/fr\/wp-content\/uploads\/2025\/11\/1762914868_919_image\"\/><\/p>\n<p><strong>Chicago (Illinois) a \u00e9t\u00e9 recouverte par 5 cm de neige ce lundi 10 novembre 2025<\/strong> &#8211; photo NateGchi<\/p>\n<p>\u00a0<\/p>\n<p>Auteur : Alexandre Slowik<\/p>\n","protected":false},"excerpt":{"rendered":"Alors que la France s&rsquo;appr\u00eate \u00e0 battre des records de douceur, la situation est radicalement diff\u00e9rente de l&rsquo;autre&hellip;\n","protected":false},"author":2,"featured_media":528419,"comment_status":"","ping_status":"","sticky":false,"template":"","format":"standard","meta":{"footnotes":""},"categories":[1589],"tags":[11,73,1866,12,1864,1865,1863,308],"class_list":{"0":"post-528418","1":"post","2":"type-post","3":"status-publish","4":"format-standard","5":"has-post-thumbnail","7":"category-etats-unis","8":"tag-actualites","9":"tag-etats-unis","10":"tag-etats-unis-damerique","11":"tag-news","12":"tag-united-states","13":"tag-united-states-of-america","14":"tag-us","15":"tag-usa"},"share_on_mastodon":{"url":"https:\/\/pubeurope.com\/@fr\/115534396521872037","error":""},"_links":{"self":[{"href":"https:\/\/www.europesays.com\/fr\/wp-json\/wp\/v2\/posts\/528418","targetHints":{"allow":["GET"]}}],"collection":[{"href":"https:\/\/www.europesays.com\/fr\/wp-json\/wp\/v2\/posts"}],"about":[{"href":"https:\/\/www.europesays.com\/fr\/wp-json\/wp\/v2\/types\/post"}],"author":[{"embeddable":true,"href":"https:\/\/www.europesays.com\/fr\/wp-json\/wp\/v2\/users\/2"}],"replies":[{"embeddable":true,"href":"https:\/\/www.europesays.com\/fr\/wp-json\/wp\/v2\/comments?post=528418"}],"version-history":[{"count":0,"href":"https:\/\/www.europesays.com\/fr\/wp-json\/wp\/v2\/posts\/528418\/revisions"}],"wp:featuredmedia":[{"embeddable":true,"href":"https:\/\/www.europesays.com\/fr\/wp-json\/wp\/v2\/media\/528419"}],"wp:attachment":[{"href":"https:\/\/www.europesays.com\/fr\/wp-json\/wp\/v2\/media?parent=528418"}],"wp:term":[{"taxonomy":"category","embeddable":true,"href":"https:\/\/www.europesays.com\/fr\/wp-json\/wp\/v2\/categories?post=528418"},{"taxonomy":"post_tag","embeddable":true,"href":"https:\/\/www.europesays.com\/fr\/wp-json\/wp\/v2\/tags?post=528418"}],"curies":[{"name":"wp","href":"https:\/\/api.w.org\/{rel}","templated":true}]}}