{"id":528420,"date":"2025-11-12T02:35:18","date_gmt":"2025-11-12T02:35:18","guid":{"rendered":"https:\/\/www.europesays.com\/fr\/528420\/"},"modified":"2025-11-12T02:35:18","modified_gmt":"2025-11-12T02:35:18","slug":"la-ministre-anand-rencontre-la-secretaire-detat-du-royaume-uni","status":"publish","type":"post","link":"https:\/\/www.europesays.com\/fr\/528420\/","title":{"rendered":"La ministre Anand rencontre la secr\u00e9taire d\u2019\u00c9tat du Royaume-Uni"},"content":{"rendered":"<p>Le 11\u00a0novembre 2025 \u2013 Oakville (Ontario) \u2013 Affaires mondiales Canada<\/p>\n<p>La ministre des Affaires \u00e9trang\u00e8res, l\u2019honorable Anita Anand, a rencontr\u00e9 aujourd\u2019hui la secr\u00e9taire d\u2019\u00c9tat des Affaires \u00e9trang\u00e8res, du Commonwealth et du D\u00e9veloppement du Royaume-Uni, Yvette Cooper, \u00e0 Oakville, en Ontario, en amont de la r\u00e9union des ministres des Affaires \u00e9trang\u00e8res du G7, qui sera tenue les 11 et 12\u00a0novembre 2025.<\/p>\n<p>La ministre Anand s\u2019est r\u00e9jouie des progr\u00e8s r\u00e9cemment r\u00e9alis\u00e9s dans le cadre du groupe de travail bilat\u00e9ral sur l\u2019\u00e9conomie et le commerce entre le Canada et le Royaume-Uni, et a discut\u00e9 de la n\u00e9cessit\u00e9 d\u2019accro\u00eetre les \u00e9changes commerciaux et les investissements. Pour souligner le jour du Souvenir, la ministre et la secr\u00e9taire d&rsquo;\u00c9tat ont r\u00e9affirm\u00e9 le partenariat durable entre le Canada et le Royaume-Uni, forg\u00e9 dans le sacrifice partag\u00e9 et renforc\u00e9 par nos valeurs communes et nos liens historiques profonds.<\/p>\n<p>Tout au long de la discussion, la ministre Anand a soulign\u00e9 l\u2019importance de renforcer la s\u00e9curit\u00e9 transatlantique et a pr\u00e9sent\u00e9 les priorit\u00e9s du Canada en mati\u00e8re de d\u00e9penses de d\u00e9fense de l\u2019OTAN.<\/p>\n<p>Produits connexes <\/p>\n<p>Lien connexe <\/p>\n","protected":false},"excerpt":{"rendered":"Le 11\u00a0novembre 2025 \u2013 Oakville (Ontario) \u2013 Affaires mondiales Canada La ministre des Affaires \u00e9trang\u00e8res, l\u2019honorable Anita Anand,&hellip;\n","protected":false},"author":2,"featured_media":528421,"comment_status":"","ping_status":"","sticky":false,"template":"","format":"standard","meta":{"footnotes":""},"categories":[1588],"tags":[11,260,39652,39653,64761,1777,674,8660,1577,12,473,1853,1851,1850,1852],"class_list":{"0":"post-528420","1":"post","2":"type-post","3":"status-publish","4":"format-standard","5":"has-post-thumbnail","7":"category-royaume-uni","8":"tag-actualites","9":"tag-affaires-etrangeres","10":"tag-affaires-mondiales-canada","11":"tag-canada-et-le-monde","12":"tag-comptes-rendus","13":"tag-eu","14":"tag-europe","15":"tag-grand-public","16":"tag-l","17":"tag-news","18":"tag-royaume-uni","19":"tag-royaume-uni-de-grande-bretagne-et-dirlande-du-nord","20":"tag-uk","21":"tag-united-kingdom","22":"tag-united-kingdom-of-great-britain-and-northern-ireland"},"share_on_mastodon":{"url":"https:\/\/pubeurope.com\/@fr\/115534399058334335","error":""},"_links":{"self":[{"href":"https:\/\/www.europesays.com\/fr\/wp-json\/wp\/v2\/posts\/528420","targetHints":{"allow":["GET"]}}],"collection":[{"href":"https:\/\/www.europesays.com\/fr\/wp-json\/wp\/v2\/posts"}],"about":[{"href":"https:\/\/www.europesays.com\/fr\/wp-json\/wp\/v2\/types\/post"}],"author":[{"embeddable":true,"href":"https:\/\/www.europesays.com\/fr\/wp-json\/wp\/v2\/users\/2"}],"replies":[{"embeddable":true,"href":"https:\/\/www.europesays.com\/fr\/wp-json\/wp\/v2\/comments?post=528420"}],"version-history":[{"count":0,"href":"https:\/\/www.europesays.com\/fr\/wp-json\/wp\/v2\/posts\/528420\/revisions"}],"wp:featuredmedia":[{"embeddable":true,"href":"https:\/\/www.europesays.com\/fr\/wp-json\/wp\/v2\/media\/528421"}],"wp:attachment":[{"href":"https:\/\/www.europesays.com\/fr\/wp-json\/wp\/v2\/media?parent=528420"}],"wp:term":[{"taxonomy":"category","embeddable":true,"href":"https:\/\/www.europesays.com\/fr\/wp-json\/wp\/v2\/categories?post=528420"},{"taxonomy":"post_tag","embeddable":true,"href":"https:\/\/www.europesays.com\/fr\/wp-json\/wp\/v2\/tags?post=528420"}],"curies":[{"name":"wp","href":"https:\/\/api.w.org\/{rel}","templated":true}]}}