{"id":528422,"date":"2025-11-12T02:36:32","date_gmt":"2025-11-12T02:36:32","guid":{"rendered":"https:\/\/www.europesays.com\/fr\/528422\/"},"modified":"2025-11-12T02:36:32","modified_gmt":"2025-11-12T02:36:32","slug":"google-va-investir-55-milliards-deuros-en-allemagne","status":"publish","type":"post","link":"https:\/\/www.europesays.com\/fr\/528422\/","title":{"rendered":"Google va investir 5,5 milliards d&rsquo;euros en Allemagne"},"content":{"rendered":"<p style=\"margin-top:5px\">Berlin (awp\/afp) &#8211; Google a annonc\u00e9 mardi son \u00ab\u00a0plus grand plan d&rsquo;investissement \u00e0 ce jour\u00a0\u00bb en Allemagne. Le g\u00e9ant californien entend investir 5,5 milliards d&rsquo;euros d&rsquo;ici 2029 dans \u00ab\u00a0l&rsquo;avenir num\u00e9rique\u00a0\u00bb du pays qui veut rattraper son retard dans la course \u00e0 l&rsquo;intelligence artificielle.<\/p>\n<p>Google veut investir dans \u00ab\u00a0davantage d&rsquo;infrastructures d&rsquo;IA, de capacit\u00e9s cloud (informatique \u00e0 distance) et de croissance \u00e9conomique\u00a0\u00bb dans le pays, a d\u00e9clar\u00e9 en conf\u00e9rence de presse Philipp Justus, directeur de Google Allemagne. Ce plan \u00ab\u00a0s\u00e9curisera\u00a0\u00bb environ 9000 emplois par an en Allemagne jusque 2029, a-t-il ajout\u00e9.<\/p>\n<p>\u00ab\u00a0Notre pays est et reste l&rsquo;un des lieux d&rsquo;investissement les plus attractifs au monde\u00a0\u00bb, a r\u00e9agi le chancelier Friedrich Merz sur le r\u00e9seau X. Apr\u00e8s l&rsquo;annonce de la construction d&rsquo;une \u00ab\u00a0usine d&rsquo;IA souveraine\u00a0\u00bb par Deutsche Telekom et l&rsquo;am\u00e9ricain Nvidia la semaine pr\u00e9c\u00e9dente, c&rsquo;est un nouvel investissement massif dans une \u00e9conomie allemande en perte de comp\u00e9titivit\u00e9 et \u00e0 la tra\u00eene dans le num\u00e9rique.<\/p>\n<p>\u00ab\u00a0Ce sont des investissements dans les emplois du futur\u00a0\u00bb et \u00ab\u00a0un signal tr\u00e8s important pour montrer que l&rsquo;Allemagne est un lieu de haute technologie\u00a0\u00bb, a d\u00e9clar\u00e9 le ministre des finances Lars Klingbeil lors de la conf\u00e9rence de presse. Celle-ci se tenait \u00e0 Berlin, \u00e0 la repr\u00e9sentation du Land de Hesse, o\u00f9 Google est implant\u00e9 (\u00e0 Francfort) et o\u00f9 se trouve le tissu de centres de donn\u00e9es le plus grand d&rsquo;Allemagne.<\/p>\n<p>Google veut construire un deuxi\u00e8me centre de donn\u00e9es pour l&rsquo;infrastructure cloud dans cette m\u00eame r\u00e9gion, qui sera partiellement mis en service au deuxi\u00e8me trimestre 2027. Il veut \u00e9galement agrandir le premier centre inaugur\u00e9 en 2023 \u00e0 Hanau, dans la banlieue de Francfort.<\/p>\n<p>Le g\u00e9ant du num\u00e9rique pr\u00e9voit aussi l&rsquo;agrandissement de trois de ses quatres sites en Allemagne : Francfort, Berlin et Munich, o\u00f9 Google poss\u00e8de plus des deux tiers de ses 2500 employ\u00e9s dans le pays.<\/p>\n<p>afp\/vj<\/p>\n","protected":false},"excerpt":{"rendered":"Berlin (awp\/afp) &#8211; Google a annonc\u00e9 mardi son \u00ab\u00a0plus grand plan d&rsquo;investissement \u00e0 ce jour\u00a0\u00bb en Allemagne. Le&hellip;\n","protected":false},"author":2,"featured_media":2490,"comment_status":"","ping_status":"","sticky":false,"template":"","format":"standard","meta":{"footnotes":""},"categories":[1587],"tags":[11,672,340,1804,1805,1803,1777,674,1801,12,1802],"class_list":{"0":"post-528422","1":"post","2":"type-post","3":"status-publish","4":"format-standard","5":"has-post-thumbnail","7":"category-allemagne","8":"tag-actualites","9":"tag-allemagne","10":"tag-bourse","11":"tag-bundesrepublik-deutschland","12":"tag-de","13":"tag-deutschland","14":"tag-eu","15":"tag-europe","16":"tag-germany","17":"tag-news","18":"tag-republique-federale-dallemagne"},"share_on_mastodon":{"url":"https:\/\/pubeurope.com\/@fr\/115534402932963741","error":""},"_links":{"self":[{"href":"https:\/\/www.europesays.com\/fr\/wp-json\/wp\/v2\/posts\/528422","targetHints":{"allow":["GET"]}}],"collection":[{"href":"https:\/\/www.europesays.com\/fr\/wp-json\/wp\/v2\/posts"}],"about":[{"href":"https:\/\/www.europesays.com\/fr\/wp-json\/wp\/v2\/types\/post"}],"author":[{"embeddable":true,"href":"https:\/\/www.europesays.com\/fr\/wp-json\/wp\/v2\/users\/2"}],"replies":[{"embeddable":true,"href":"https:\/\/www.europesays.com\/fr\/wp-json\/wp\/v2\/comments?post=528422"}],"version-history":[{"count":0,"href":"https:\/\/www.europesays.com\/fr\/wp-json\/wp\/v2\/posts\/528422\/revisions"}],"wp:featuredmedia":[{"embeddable":true,"href":"https:\/\/www.europesays.com\/fr\/wp-json\/wp\/v2\/media\/2490"}],"wp:attachment":[{"href":"https:\/\/www.europesays.com\/fr\/wp-json\/wp\/v2\/media?parent=528422"}],"wp:term":[{"taxonomy":"category","embeddable":true,"href":"https:\/\/www.europesays.com\/fr\/wp-json\/wp\/v2\/categories?post=528422"},{"taxonomy":"post_tag","embeddable":true,"href":"https:\/\/www.europesays.com\/fr\/wp-json\/wp\/v2\/tags?post=528422"}],"curies":[{"name":"wp","href":"https:\/\/api.w.org\/{rel}","templated":true}]}}