{"id":528423,"date":"2025-11-12T02:37:27","date_gmt":"2025-11-12T02:37:27","guid":{"rendered":"https:\/\/www.europesays.com\/fr\/528423\/"},"modified":"2025-11-12T02:37:27","modified_gmt":"2025-11-12T02:37:27","slug":"coupes-deurope-bourg-en-bresse-deroule-dijon-sarrache","status":"publish","type":"post","link":"https:\/\/www.europesays.com\/fr\/528423\/","title":{"rendered":"Coupes d&rsquo;Europe: Bourg-en-Bresse d\u00e9roule, Dijon s&rsquo;arrache"},"content":{"rendered":"<p><strong>Port\u00e9 par un grand Adam Mokoka<br \/>\n(23pts), Bourg-en-Bresse est all\u00e9 l&#8217;emporter 64-96 sur le parquet<br \/>\nd&rsquo;Ulm en Eurocoupe. De son c\u00f4t\u00e9, Dijon a battu le Cibona Zagreb en<br \/>\nCoupe FIBA Europe (94-85) gr\u00e2ce \u00e0 une grosse fin de<br \/>\nmatch.<\/strong><\/p>\n<p>Bourg-en-Bresse poursuit son parcours quasi-parfait en Eurocoupe<br \/>\n! La JL, leader du groupe B, a d\u00e9croch\u00e9 sa sixi\u00e8me victoire en sept<br \/>\nmatchs, sur le parquet d\u2019Ulm (5e), sur le score de 64-96. Le club<br \/>\nallemand n\u2019aura men\u00e9 que pendant quelques secondes lors de cette<br \/>\npartie parfaitement ma\u00eetris\u00e9e par les hommes de Fr\u00e9d\u00e9ric Fauthoux.<br \/>\nBourg a sign\u00e9 un excellent premier quart-temps, qui lui a permis de<br \/>\nse mettre sur de bons rails : 7-18 puis 11-21 et 17-28 pour<br \/>\nconclure. Mais Ulm s\u2019est r\u00e9veill\u00e9 et a r\u00e9ussi un 7-0 en d\u00e9but de<br \/>\ndeuxi\u00e8me quart qui lui a permis de recoller (34-34) et m\u00eame de<br \/>\npasser devant (36-34) pendant 18 secondes.<\/p>\n<p>Cela n\u2019a toutefois pas perturb\u00e9 les Burgiens, qui ont repris<br \/>\nleur marche en avant jusqu\u2019\u00e0 la mi-temps, atteinte sur le score de<br \/>\n42-50. Le troisi\u00e8me quart a en revanche \u00e9t\u00e9 beaucoup moins<br \/>\nspectaculaire : <strong>Ulm n\u2019a marqu\u00e9 que 5 points (13 tirs<br \/>\nrat\u00e9s), et Bourg en a inscrit 14, ce qui lui a permis de prendre 17<br \/>\npoints d\u2019avance.<\/strong> La messe \u00e9tait dite, et le dernier quart<br \/>\na \u00e9t\u00e9 compl\u00e8tement d\u00e9brid\u00e9, et gagn\u00e9 17-32 par Bourg, qui a compt\u00e9<br \/>\njusqu\u2019\u00e0 35 points d\u2019avance. La JL a notamment r\u00e9ussi 16<br \/>\ninterceptions et 5 contres lors de ce match, o\u00f9 Adam Mokoka a<br \/>\nr\u00e9gal\u00e9, avec 23 points au compteur (7\/8 aux tirs, 7\/12 aux<br \/>\nlancers-francs). La semaine prochaine, Bourg se rendra \u00e0 Londres<br \/>\n(8e).<\/p>\n<p><strong>Les marqueurs burgiens<br \/>\n:<\/strong> Mcghee (10), Mitchell (4), Moulare (7), Kane (5),<br \/>\nLabanca (9), Mcdowell-White (5), Gach (11), Mbaya (6), Lindo (8),<br \/>\nKokila (8), Mokoka (23)<\/p>\n<p>Tout va tr\u00e8s bien \u00e9galement pour Dijon, en Coupe FIBA Europe (la<br \/>\nquatri\u00e8me Coupe dans la hi\u00e9rarchie continentale). La JDA est en<br \/>\nt\u00eate du groupe J, apr\u00e8s avoir sign\u00e9 sa troisi\u00e8me victoire en cinq<br \/>\nmatchs, contre le Cibona Zagreb. Les Bourguignons l\u2019ont emport\u00e9<br \/>\n94-85 face aux Croates, et r\u00e9cup\u00e8rent ainsi le panier-average<br \/>\n(Zagreb s\u2019\u00e9tait impos\u00e9 de trois points \u00e0 l\u2019aller). Dijon a men\u00e9<br \/>\npendant une tr\u00e8s grande partie de la rencontre, et a r\u00e9ussi \u00e0<br \/>\ns\u2019arracher dans le money-time alors que le Cibona \u00e9tait revenu \u00e0<br \/>\nhauteur. Les Dijonnais ont bien entam\u00e9 leur match (16-9), avant de<br \/>\nvoir Zagreb revenir en fin de premier quart (21-21).<\/p>\n<p>Mais la JDA a appuy\u00e9 sur l\u2019acc\u00e9l\u00e9rateur et a men\u00e9 tout au long<br \/>\ndu deuxi\u00e8me quart (+7 au maximum), rentrant aux vestiaires avec une<br \/>\navance de quatre points (45-41). Cependant, les Croates ont entam\u00e9<br \/>\nfort la deuxi\u00e8me mi-temps et ont men\u00e9 50-56, avant de craquer peu \u00e0<br \/>\npeu. Dijon a en effet r\u00e9ussi un 12-0 qui lui a permis de reprendre<br \/>\nune belle avance et de finir le quart avec six points d\u2019avance<br \/>\n(74-68). Dans le dernier, Zagreb est parvenu \u00e0 \u00e9galiser \u00e0 80-80 \u00e0<br \/>\n3\u201901 de la fin. <strong>C\u2019est alors que David Holston a pris les<br \/>\nchoses en mains et a inscrit trois tirs \u00e0 3 points pour donner une<br \/>\ngrosse bouff\u00e9e d\u2019air \u00e0 Dijon (92-83), qui l\u2019a finalement emport\u00e9 de<br \/>\nneuf points.<\/strong> La star de la JDA termine avec 25 points (6\/8<br \/>\n\u00e0 3pts) et 5 passes. Dijon conclura sa phase de poules la semaine<br \/>\nprochaine contre les Mac\u00e9doniens de Bashkimi, avec pour objectif de<br \/>\nfinir en t\u00eate.<\/p>\n<p><strong>Les marqueurs dijonnais<br \/>\n:<\/strong> Moore (7), Holston (25), Hrovat (14), Barnett<br \/>\n(9), Losser (5), Owens (11), Narace (21), Julien (2)<\/p>\n","protected":false},"excerpt":{"rendered":"Port\u00e9 par un grand Adam Mokoka (23pts), Bourg-en-Bresse est all\u00e9 l&#8217;emporter 64-96 sur le parquet d&rsquo;Ulm en Eurocoupe.&hellip;\n","protected":false},"author":2,"featured_media":528424,"comment_status":"","ping_status":"","sticky":false,"template":"","format":"standard","meta":{"footnotes":""},"categories":[1586],"tags":[11,29600,64762,2930,1777,64763,674,1011,27,64764,64765,12,25,57681,59779],"class_list":{"0":"post-528423","1":"post","2":"type-post","3":"status-publish","4":"format-standard","5":"has-post-thumbnail","7":"category-europe","8":"tag-actualites","9":"tag-bourg","10":"tag-cibona","11":"tag-dijon","12":"tag-eu","13":"tag-eurocoupe","14":"tag-europe","15":"tag-fr","16":"tag-france","17":"tag-holston","18":"tag-mokoka","19":"tag-news","20":"tag-republique-francaise","21":"tag-sport365-fr","22":"tag-ulm"},"share_on_mastodon":{"url":"https:\/\/pubeurope.com\/@fr\/115534406939056767","error":""},"_links":{"self":[{"href":"https:\/\/www.europesays.com\/fr\/wp-json\/wp\/v2\/posts\/528423","targetHints":{"allow":["GET"]}}],"collection":[{"href":"https:\/\/www.europesays.com\/fr\/wp-json\/wp\/v2\/posts"}],"about":[{"href":"https:\/\/www.europesays.com\/fr\/wp-json\/wp\/v2\/types\/post"}],"author":[{"embeddable":true,"href":"https:\/\/www.europesays.com\/fr\/wp-json\/wp\/v2\/users\/2"}],"replies":[{"embeddable":true,"href":"https:\/\/www.europesays.com\/fr\/wp-json\/wp\/v2\/comments?post=528423"}],"version-history":[{"count":0,"href":"https:\/\/www.europesays.com\/fr\/wp-json\/wp\/v2\/posts\/528423\/revisions"}],"wp:featuredmedia":[{"embeddable":true,"href":"https:\/\/www.europesays.com\/fr\/wp-json\/wp\/v2\/media\/528424"}],"wp:attachment":[{"href":"https:\/\/www.europesays.com\/fr\/wp-json\/wp\/v2\/media?parent=528423"}],"wp:term":[{"taxonomy":"category","embeddable":true,"href":"https:\/\/www.europesays.com\/fr\/wp-json\/wp\/v2\/categories?post=528423"},{"taxonomy":"post_tag","embeddable":true,"href":"https:\/\/www.europesays.com\/fr\/wp-json\/wp\/v2\/tags?post=528423"}],"curies":[{"name":"wp","href":"https:\/\/api.w.org\/{rel}","templated":true}]}}