{"id":528425,"date":"2025-11-12T02:38:14","date_gmt":"2025-11-12T02:38:14","guid":{"rendered":"https:\/\/www.europesays.com\/fr\/528425\/"},"modified":"2025-11-12T02:38:14","modified_gmt":"2025-11-12T02:38:14","slug":"lue-devoile-sa-liste-des-etats-membres-les-plus-exposes-a-la-pression-migratoire","status":"publish","type":"post","link":"https:\/\/www.europesays.com\/fr\/528425\/","title":{"rendered":"L&rsquo;UE d\u00e9voile sa liste des \u00c9tats membres les plus expos\u00e9s \u00e0 la pression migratoire"},"content":{"rendered":"<p class=\"mb-4 text-lg md:leading-8 break-words\">L&rsquo;Espagne, l&rsquo;Italie, la Gr\u00e8ce et Chypre ont \u00e9t\u00e9 consid\u00e9r\u00e9es comme \u00ab\u00a0sous pression migratoire\u00a0\u00bb par la Commission europ\u00e9enne dans son premier rapport annuel sur l&rsquo;asile et la migration, d\u00e9voil\u00e9 mardi.<\/p>\n<p class=\"mb-4 text-lg md:leading-8 break-words\">Ces pays ont re\u00e7u l&rsquo;ann\u00e9e derni\u00e8re un \u00ab\u00a0niveau disproportionn\u00e9\u00a0\u00bb d&rsquo;arriv\u00e9es de migrants, y compris ceux secourus en mer.<\/p>\n<p>Comment fonctionne le syst\u00e8me ?<\/p>\n<p class=\"mb-4 text-lg md:leading-8 break-words\">L&rsquo;Espagne, l&rsquo;Italie, la Gr\u00e8ce et Chypre b\u00e9n\u00e9ficieront donc en 2026 de la solidarit\u00e9 des autres \u00c9tats membres de l&rsquo;UE, qui pourrait se concr\u00e9tiser par une relocalisation des demandeurs d&rsquo;asile sur leur territoire ou par une contribution financi\u00e8re.<\/p>\n<p class=\"mb-4 text-lg md:leading-8 break-words\">Parall\u00e8lement \u00e0 cette \u00e9valuation, la Commission a propos\u00e9 aux 27 \u00c9tats membres de l&rsquo;UE la cr\u00e9ation d&rsquo;une r\u00e9serve annuelle de solidarit\u00e9, un m\u00e9canisme permettant de d\u00e9terminer le nombre total de demandeurs d&rsquo;asile \u00e0 relocaliser et le montant que chaque pays devrait allouer ou compenser par une contribution financi\u00e8re.<\/p>\n<p class=\"mb-4 text-lg md:leading-8 break-words\">La proposition de la r\u00e9serve n&rsquo;est pas publique. Elle sera examin\u00e9e par les \u00c9tats membres de l&rsquo;UE, qui doivent d\u00e9cider de la taille et de la part de solidarit\u00e9 de chaque pays d&rsquo;ici la fin de l&rsquo;ann\u00e9e.<\/p>\n<p class=\"mb-4 text-lg md:leading-8 break-words\">Chaque \u00c9tat membre, \u00e0 l&rsquo;exception de ceux soumis \u00e0 une pression migratoire, doit contribuer proportionnellement \u00e0 sa population et \u00e0 son PIB total.<\/p>\n<p class=\"mb-4 text-lg md:leading-8 break-words\">Il peut choisir entre trois options pour r\u00e9pondre aux besoins d\u00e9finis dans la r\u00e9serve de solidarit\u00e9 : relocaliser un certain nombre de demandeurs d&rsquo;asile sur son propre territoire, payer 20 000 \u20ac par personne non relocalis\u00e9e ou financer un soutien op\u00e9rationnel dans les \u00c9tats membres soumis \u00e0 une pression migratoire.<\/p>\n<p class=\"mb-4 text-lg md:leading-8 break-words\">La d\u00e9cision finale sera prise par les pays de l&rsquo;UE lors d&rsquo;un vote \u00e0 la majorit\u00e9 qualifi\u00e9e, la taille minimale du fonds de solidarit\u00e9 \u00e9tant fix\u00e9e par la loi \u00e0 30 000 relocalisations et \u00e0 600 millions d&rsquo;euros de contributions financi\u00e8res.<\/p>\n<p>La France est consid\u00e9r\u00e9e comme \u00ab\u00a0menac\u00e9e par la pression migratoire\u00a0\u00bb<\/p>\n<p class=\"mb-4 text-lg md:leading-8 break-words\">Le rapport de la Commission identifie \u00e9galement 12 \u00c9tats consid\u00e9r\u00e9s comme \u00ab\u00a0menac\u00e9s par la pression migratoire\u00a0\u00bb : Belgique, Bulgarie, Allemagne, Estonie, Irlande, France, Croatie, Lettonie, Lituanie, Pays-Bas, Pologne et Finlande.<\/p>\n<p class=\"mb-4 text-lg md:leading-8 break-words\">Ces pays sont toujours tenus de faire preuve de solidarit\u00e9 \u00e0 l&rsquo;\u00e9gard des pays les plus expos\u00e9s \u00e0 la pression migratoire, mais leur situation sera r\u00e9\u00e9valu\u00e9e afin d&rsquo;\u00e9viter des obligations disproportionn\u00e9es l&rsquo;ann\u00e9e prochaine.<\/p>\n<p class=\"mb-4 text-lg md:leading-8 break-words\"><b class=\"c-widget-related__title__text\">Related<\/b><\/p>\n<p class=\"mb-4 text-lg md:leading-8 break-words\">Un troisi\u00e8me groupe de pays a \u00e9t\u00e9 class\u00e9 comme \u00e9tant \u00ab\u00a0confront\u00e9 \u00e0 une situation migratoire importante\u00a0\u00bb : Bulgarie, R\u00e9publique tch\u00e8que, Estonie, Croatie, Autriche, Pologne.<\/p>\n<p class=\"mb-4 text-lg md:leading-8 break-words\">Ces derniers sont toujours tenus de faire preuve de solidarit\u00e9, mais peuvent demander une d\u00e9rogation \u00e0 leurs quotas, qui doit \u00eatre certifi\u00e9e par la Commission et approuv\u00e9e par les autres \u00c9tats membres.<\/p>\n<p class=\"mb-4 text-lg md:leading-8 break-words\">Le rapport et la r\u00e9serve de solidarit\u00e9 servent de base \u00e0 l&rsquo;\u00e9laboration du syst\u00e8me de \u00ab\u00a0solidarit\u00e9 obligatoire\u00a0\u00bb envisag\u00e9 dans le Pacte sur l&rsquo;immigration et l&rsquo;asile, la grande r\u00e9forme de la politique migratoire adopt\u00e9e en 2024.<\/p>\n<p><strong>La Hongrie, la Pologne et la Slovaquie s&rsquo;opposent au plan<\/strong><\/p>\n<p class=\"mb-4 text-lg md:leading-8 break-words\">Certains pays de l&rsquo;UE <a href=\"https:\/\/fr.news.yahoo.com\/pologne-dautres-pays-lue-seront-134912200.html\" data-ylk=\"slk:s&#039;opposent cependant toujours;elm:context_link;itc:0;sec:content-canvas;outcm:mb_qualified_link;_E:mb_qualified_link;ct:story;\" class=\"link  yahoo-link\" target=\"_blank\" rel=\"noopener\"><strong>s&rsquo;opposent cependant toujours<\/strong><\/a>au syst\u00e8me pr\u00e9vu par le Pacte sur les migrations et l&rsquo;asile.<\/p>\n<p class=\"mb-4 text-lg md:leading-8 break-words\">Les Premiers ministres hongrois Viktor Orb\u00e1n, polonais Donald Tusk et slovaque Robert Fico ont d\u00e9j\u00e0 annonc\u00e9 qu&rsquo;ils n&rsquo;appliqueraient pas les r\u00e8gles de l&rsquo;UE, que ce soit financi\u00e8rement ou en acceptant des migrants d&rsquo;autres pays.<\/p>\n<p class=\"mb-4 text-lg md:leading-8 break-words\">\u00ab\u00a0La Pologne n&rsquo;acceptera pas de migrants dans le cadre du pacte sur les migrations. Nous ne paierons pas non plus pour cela\u00a0\u00bb, a \u00e9crit Donald Tusk sur Twitter peu apr\u00e8s la pr\u00e9sentation du rapport.<\/p>\n<p class=\"mb-4 text-lg md:leading-8 break-words\">Budapest et Varsovie n&rsquo;ont m\u00eame pas pr\u00e9sent\u00e9 \u00e0 la Commission leur plan de mise en \u0153uvre du pacte, a annonc\u00e9 le commissaire europ\u00e9en aux Affaires int\u00e9rieures, Magnus Brunner, lors d&rsquo;une conf\u00e9rence de presse.<\/p>\n<p>Quelles cons\u00e9quences pour les r\u00e9fractaires ?<\/p>\n<p class=\"mb-4 text-lg md:leading-8 break-words\">Tout refus de contribuer au m\u00e9canisme de solidarit\u00e9 constituerait \u00ab\u00a0une violation des obligations d\u00e9coulant de la l\u00e9gislation europ\u00e9enne\u00a0\u00bb, a indiqu\u00e9 un haut fonctionnaire de l&rsquo;UE \u00e0 Euronews.<\/p>\n<p class=\"mb-4 text-lg md:leading-8 break-words\">Cela pourrait conduire \u00e0 une proc\u00e9dure d&rsquo;infraction \u00e0 l&rsquo;encontre des pays qui ne souhaitent pas contribuer lorsque le r\u00e8glement entrera en vigueur en juin 2026.<\/p>\n<p class=\"mb-4 text-lg md:leading-8 break-words\">La seule possibilit\u00e9 l\u00e9gale d&rsquo;\u00e9viter la part de solidarit\u00e9 est de demander une exemption, ce qui ne pourra \u00eatre fait que par les pays consid\u00e9r\u00e9s comme \u00ab\u00a0confront\u00e9s \u00e0 une situation migratoire importante\u00a0\u00bb : Bulgarie, R\u00e9publique tch\u00e8que, Estonie, Croatie, Autriche et Pologne.<\/p>\n<p class=\"mb-4 text-lg md:leading-8 break-words\">Si l&rsquo;exemption est accept\u00e9e par la Commission et les autres \u00c9tats membres, le pays concern\u00e9 ne sera alors plus tenu d&rsquo;accepter des demandeurs d&rsquo;asile, ni de les compenser par des contributions financi\u00e8res. Par ailleurs, la part de ce pays ne sera pas redistribu\u00e9e entre les autres \u00c9tats membres.<\/p>\n<p class=\"mb-4 text-lg md:leading-8 break-words\"><b class=\"c-widget-related__title__text\">Related<\/b><\/p>\n<p class=\"mb-4 text-lg md:leading-8 break-words\">Selon le rapport de la Commission, la situation migratoire g\u00e9n\u00e9rale dans l&rsquo;UE s&rsquo;est am\u00e9lior\u00e9e, les franchissements ill\u00e9gaux des fronti\u00e8res ayant diminu\u00e9 de 35 % au cours de la p\u00e9riode de r\u00e9f\u00e9rence (juillet 2024-juin 2025)<\/p>\n<p class=\"mb-4 text-lg md:leading-8 break-words\">Dans le m\u00eame temps, la Commission consid\u00e8re que les arriv\u00e9es irr\u00e9guli\u00e8res, les mouvements non autoris\u00e9s de migrants au sein de l&rsquo;UE et l&rsquo;instrumentalisation de la migration par la Russie et <a href=\"https:\/\/fr.news.yahoo.com\/b%C3%A9larus-menace-saisir-1-000-200830492.html\" data-ylk=\"slk:le B\u00e9larus;elm:context_link;itc:0;sec:content-canvas;outcm:mb_qualified_link;_E:mb_qualified_link;ct:story;\" class=\"link  yahoo-link\" target=\"_blank\" rel=\"noopener\"><strong>le B\u00e9larus<\/strong><\/a> font partie des d\u00e9fis auxquels l&rsquo;UE doit encore faire face.<\/p>\n","protected":false},"excerpt":{"rendered":"L&rsquo;Espagne, l&rsquo;Italie, la Gr\u00e8ce et Chypre ont \u00e9t\u00e9 consid\u00e9r\u00e9es comme \u00ab\u00a0sous pression migratoire\u00a0\u00bb par la Commission europ\u00e9enne dans&hellip;\n","protected":false},"author":2,"featured_media":528426,"comment_status":"","ping_status":"","sticky":false,"template":"","format":"standard","meta":{"footnotes":""},"categories":[1586],"tags":[11,10349,2196,16499,1777,674,1779,1011,27,64766,12,35278,14363,25,1778,364],"class_list":{"0":"post-528425","1":"post","2":"type-post","3":"status-publish","4":"format-standard","5":"has-post-thumbnail","7":"category-europe","8":"tag-actualites","9":"tag-commission","10":"tag-commission-europeenne","11":"tag-etats-membres-de-lue","12":"tag-eu","13":"tag-europe","14":"tag-european-union","15":"tag-fr","16":"tag-france","17":"tag-la-reserve","18":"tag-news","19":"tag-pays-de-lue","20":"tag-pression","21":"tag-republique-francaise","22":"tag-ue","23":"tag-union-europeenne"},"share_on_mastodon":{"url":"https:\/\/pubeurope.com\/@fr\/115534410838776859","error":""},"_links":{"self":[{"href":"https:\/\/www.europesays.com\/fr\/wp-json\/wp\/v2\/posts\/528425","targetHints":{"allow":["GET"]}}],"collection":[{"href":"https:\/\/www.europesays.com\/fr\/wp-json\/wp\/v2\/posts"}],"about":[{"href":"https:\/\/www.europesays.com\/fr\/wp-json\/wp\/v2\/types\/post"}],"author":[{"embeddable":true,"href":"https:\/\/www.europesays.com\/fr\/wp-json\/wp\/v2\/users\/2"}],"replies":[{"embeddable":true,"href":"https:\/\/www.europesays.com\/fr\/wp-json\/wp\/v2\/comments?post=528425"}],"version-history":[{"count":0,"href":"https:\/\/www.europesays.com\/fr\/wp-json\/wp\/v2\/posts\/528425\/revisions"}],"wp:featuredmedia":[{"embeddable":true,"href":"https:\/\/www.europesays.com\/fr\/wp-json\/wp\/v2\/media\/528426"}],"wp:attachment":[{"href":"https:\/\/www.europesays.com\/fr\/wp-json\/wp\/v2\/media?parent=528425"}],"wp:term":[{"taxonomy":"category","embeddable":true,"href":"https:\/\/www.europesays.com\/fr\/wp-json\/wp\/v2\/categories?post=528425"},{"taxonomy":"post_tag","embeddable":true,"href":"https:\/\/www.europesays.com\/fr\/wp-json\/wp\/v2\/tags?post=528425"}],"curies":[{"name":"wp","href":"https:\/\/api.w.org\/{rel}","templated":true}]}}