{"id":528433,"date":"2025-11-12T02:44:14","date_gmt":"2025-11-12T02:44:14","guid":{"rendered":"https:\/\/www.europesays.com\/fr\/528433\/"},"modified":"2025-11-12T02:44:14","modified_gmt":"2025-11-12T02:44:14","slug":"malgre-sa-mise-a-lecart-alldritt-na-jamais-boude-assure-un-adjoint-de-fabien-galthie","status":"publish","type":"post","link":"https:\/\/www.europesays.com\/fr\/528433\/","title":{"rendered":"malgr\u00e9 sa mise \u00e0 l\u2019\u00e9cart, \u00abAlldritt n\u2019a jamais boud\u00e9\u00bb, assure un adjoint de Fabien Galthi\u00e9"},"content":{"rendered":"<p>\n    Patrick Arlettaz, l\u2019entra\u00eeneur charg\u00e9 de l\u2019attaque tricolore, est revenu ce mardi soir sur le d\u00e9classement provisoire de l\u2019ancien capitaine des Bleus.<\/p>\n<p class=\"fig-paragraph\"><a href=\"http:\/\/www.lefigaro.fr\/sports\/rugby\/xv-de-france\/xv-de-france-pourquoi-gregory-alldritt-n-affrontera-pas-l-afrique-du-sud-20251105\" data-fig-type=\"NewsFlash\" data-gtm-custom-categorie=\"navigation\" data-gtm-custom-action=\"crossclick\" data-gtm-custom-label=\"Contextuel\" data-gtm-event=\"customEventSPE\" data-fig-domain=\"LEFIGARO\" target=\"_blank\" rel=\"noopener\">Sa mise \u00e0 l\u2019\u00e9cart<\/a>\u00a0n\u2019aura pas dur\u00e9 longtemps. Le temps d\u2019un match, certes face aux doubles champions du monde sud-africains. Mais, ce mardi en fin de journ\u00e9e, Gr\u00e9gory Alldritt avait r\u00e9int\u00e9gr\u00e9 le XV de d\u00e9part qui d\u00e9fiera les Fidji, samedi prochain \u00e0 Bordeaux.\u00a0<a href=\"http:\/\/www.lefigaro.fr\/sports\/rugby\/xv-de-france\/xv-de-france-alldritt-et-lucu-de-retour-depoortere-et-barassi-au-centre-la-composition-probable-face-aux-fidji-20251111\" data-fig-type=\"NewsFlash\" data-gtm-custom-categorie=\"navigation\" data-gtm-custom-action=\"crossclick\" data-gtm-custom-label=\"Contextuel\" data-gtm-event=\"customEventSPE\" data-fig-domain=\"LEFIGARO\" target=\"_blank\" rel=\"noopener\">Avec la chasuble num\u00e9ro 8<\/a>, le Rochelais a montr\u00e9 un gros app\u00e9tit. Une attitude qui ne surprend pas le staff du XV de France.<\/p>\n<p class=\"fig-paragraph\">Son d\u00e9classement\u00a0? \u00abIl l\u2019a mal v\u00e9cu, confirme Patrick Arlettaz. Ils ne le vivent jamais bien. Mais c\u2019est int\u00e9ressant de voir comment r\u00e9agissent ce genre de joueurs. C\u2019est arriv\u00e9 \u00e0 Charles Ollivon, aussi, dans un pass\u00e9 pas si lointain. Quand ils sont tr\u00e8s d\u00e9\u00e7us, c\u2019est un tr\u00e8s bon indicateur. C\u2019est rassurant, \u00e7a veut dire qu\u2019ils veulent rester avec nous en \u00e9quipe de France, que c\u2019est important pour eux.\u00bb<\/p>\n<blockquote class=\"fig-quote&#10;    \">\n<p class=\"fig-quote__text\">\u00ab Ce mardi, \u00e0 l\u2019entra\u00eenement, son attitude \u00e9tait tr\u00e8s positive, tr\u00e8s d\u00e9termin\u00e9e. Il n\u2019\u00e9tait pas en train de ressasser sa d\u00e9ception, qui \u00e9tait normale.\u00a0\u00bb<\/p>\n<p>            Patrick Arlettaz\n    <\/p><\/blockquote>\n<p>                                    <a class=\"fig-a11y-skip a11y-hidden\" href=\"#fig-a11y-skip-main-inarticle\"><br \/>\n        Passer la publicit\u00e9<br \/>\n    <\/a><\/p>\n<p class=\"fig-paragraph\">Et l\u2019entra\u00eeneur de l\u2019attaque tricolore de poursuivre\u00a0: \u00abAvant l\u2019Afrique du Sud, Gr\u00e9gory a parfaitement accompagn\u00e9 l\u2019\u00e9quipe. Il a travaill\u00e9 pour l\u2019\u00e9quipe, a particip\u00e9 \u00e0 tout, a montr\u00e9 une envie d\u00e9termin\u00e9e. Il n\u2019a jamais boud\u00e9. Mais il nous a fait comprendre : \u00abj\u2019ai tr\u00e8s envie de revenir et de montrer que je vais m\u2019installer \u00e0 nouveau pour six ans\u00bb. Ce mardi, \u00e0 l\u2019entra\u00eenement, son attitude \u00e9tait tr\u00e8s positive, tr\u00e8s d\u00e9termin\u00e9e. Il n\u2019\u00e9tait pas en train de ressasser sa d\u00e9ception, qui \u00e9tait normale.\u00bb<\/p>\n","protected":false},"excerpt":{"rendered":"Patrick Arlettaz, l\u2019entra\u00eeneur charg\u00e9 de l\u2019attaque tricolore, est revenu ce mardi soir sur le d\u00e9classement provisoire de l\u2019ancien&hellip;\n","protected":false},"author":2,"featured_media":528434,"comment_status":"","ping_status":"","sticky":false,"template":"","format":"standard","meta":{"footnotes":""},"categories":[1416],"tags":[515,1011,27,15153,479,1468,60],"class_list":{"0":"post-528433","1":"post","2":"type-post","3":"status-publish","4":"format-standard","5":"has-post-thumbnail","7":"category-rugby","8":"tag-fabien-galthie","9":"tag-fr","10":"tag-france","11":"tag-gregory-alldritt","12":"tag-rugby","13":"tag-rugby-football","14":"tag-sports"},"share_on_mastodon":{"url":"https:\/\/pubeurope.com\/@fr\/115534434683471086","error":""},"_links":{"self":[{"href":"https:\/\/www.europesays.com\/fr\/wp-json\/wp\/v2\/posts\/528433","targetHints":{"allow":["GET"]}}],"collection":[{"href":"https:\/\/www.europesays.com\/fr\/wp-json\/wp\/v2\/posts"}],"about":[{"href":"https:\/\/www.europesays.com\/fr\/wp-json\/wp\/v2\/types\/post"}],"author":[{"embeddable":true,"href":"https:\/\/www.europesays.com\/fr\/wp-json\/wp\/v2\/users\/2"}],"replies":[{"embeddable":true,"href":"https:\/\/www.europesays.com\/fr\/wp-json\/wp\/v2\/comments?post=528433"}],"version-history":[{"count":0,"href":"https:\/\/www.europesays.com\/fr\/wp-json\/wp\/v2\/posts\/528433\/revisions"}],"wp:featuredmedia":[{"embeddable":true,"href":"https:\/\/www.europesays.com\/fr\/wp-json\/wp\/v2\/media\/528434"}],"wp:attachment":[{"href":"https:\/\/www.europesays.com\/fr\/wp-json\/wp\/v2\/media?parent=528433"}],"wp:term":[{"taxonomy":"category","embeddable":true,"href":"https:\/\/www.europesays.com\/fr\/wp-json\/wp\/v2\/categories?post=528433"},{"taxonomy":"post_tag","embeddable":true,"href":"https:\/\/www.europesays.com\/fr\/wp-json\/wp\/v2\/tags?post=528433"}],"curies":[{"name":"wp","href":"https:\/\/api.w.org\/{rel}","templated":true}]}}